{"id":487105,"date":"2025-10-24T15:51:20","date_gmt":"2025-10-24T15:51:20","guid":{"rendered":"https:\/\/www.europesays.com\/fr\/487105\/"},"modified":"2025-10-24T15:51:20","modified_gmt":"2025-10-24T15:51:20","slug":"olympi-ja-contre-nolympia-une-allemagne-traumatisee-sinterroge-sur-laccueil-de-nouveaux-jo","status":"publish","type":"post","link":"https:\/\/www.europesays.com\/fr\/487105\/","title":{"rendered":"Olympi-JA contre NOlympia, une Allemagne traumatis\u00e9e s\u2019interroge sur l\u2019accueil de nouveaux JO"},"content":{"rendered":"<p>    R\u00e9sum\u00e9 en 20 secondes<\/p>\n<p>        En savoir plus sur ce type de contenu<\/p>\n<p>Ce r\u00e9sum\u00e9 peut avoir \u00e9t\u00e9 \u00e9crit avec l&rsquo;assistance d\u2019une IA g\u00e9n\u00e9rative. <a href=\"https:\/\/www.letemps.ch\/cyber\/l-usage-de-l-ia-generative-par-les-journalistes-du-temps\" target=\"_blank\" rel=\"noopener\">En savoir plus<\/a><\/p>\n<p class=\"article__abstract-call-to-action\" data-ariato=\"TrackableElement\" data-trackable-element-type=\"article_abstract_cta\" data-trackable-element-location=\"article_header\" data-trackable-element-id=\"510108\">\n        <a data-event=\"click-&gt;clicked\" href=\"https:\/\/www.letemps.ch\/abonnements\" target=\"_blank\" rel=\"noopener\">Abonnez-vous<\/a> pour acc\u00e9der au r\u00e9sum\u00e9 en 20 secondes.\n      <\/p>\n<p>Cela fait des ann\u00e9es que la ville de Munich r\u00eave de r\u00e9organiser des JO, apr\u00e8s l\u2019\u00e9dition tragique de 1972, lorsqu\u2019un commando terroriste palestinien avait pris en otage 11\u00a0membres de la d\u00e9l\u00e9gation isra\u00e9lienne. Ce dimanche 26\u00a0octobre, 1,1\u00a0million d\u2019\u00e9lecteurs de la capitale bavaroise seront appel\u00e9s \u00e0 trancher sur une nouvelle candidature de leur ville pour l\u2019organisation des Jeux olympiques et paralympiques d\u2019\u00e9t\u00e9 de 2036, 2040 ou 2044. Si au moins 10% d\u2019entre eux participent \u00e0 cette votation, et si une majorit\u00e9 y r\u00e9pond favorablement, Munich maintiendra sa candidature. Elle pourrait alors entrer en concurrence avec Berlin, Hambourg et la\u00a0r\u00e9gion Rhin-Ruhr, avant que le Comit\u00e9 olympique allemand (DOSB) ne rende sa d\u00e9cision d\u00e9finitive en septembre 2026.<\/p>\n<p>A l\u2019approche de ce r\u00e9f\u00e9rendum local, la tension est mont\u00e9e au fil des jours, entre les supporters de la candidature qui militent sous le slogan Olympi-JA, et les opposants, sous la banni\u00e8re NOlympia.<\/p>\n","protected":false},"excerpt":{"rendered":"R\u00e9sum\u00e9 en 20 secondes En savoir plus sur ce type de contenu Ce r\u00e9sum\u00e9 peut avoir \u00e9t\u00e9 \u00e9crit&hellip;\n","protected":false},"author":2,"featured_media":487106,"comment_status":"","ping_status":"","sticky":false,"template":"","format":"standard","meta":{"footnotes":""},"categories":[1587],"tags":[11,672,1804,1805,1803,1777,674,1801,3996,12,301,1802],"class_list":{"0":"post-487105","1":"post","2":"type-post","3":"status-publish","4":"format-standard","5":"has-post-thumbnail","7":"category-allemagne","8":"tag-actualites","9":"tag-allemagne","10":"tag-bundesrepublik-deutschland","11":"tag-de","12":"tag-deutschland","13":"tag-eu","14":"tag-europe","15":"tag-germany","16":"tag-jeux-olympiques","17":"tag-news","18":"tag-premium","19":"tag-republique-federale-dallemagne"},"share_on_mastodon":{"url":"https:\/\/pubeurope.com\/@fr\/115429945161965235","error":""},"_links":{"self":[{"href":"https:\/\/www.europesays.com\/fr\/wp-json\/wp\/v2\/posts\/487105","targetHints":{"allow":["GET"]}}],"collection":[{"href":"https:\/\/www.europesays.com\/fr\/wp-json\/wp\/v2\/posts"}],"about":[{"href":"https:\/\/www.europesays.com\/fr\/wp-json\/wp\/v2\/types\/post"}],"author":[{"embeddable":true,"href":"https:\/\/www.europesays.com\/fr\/wp-json\/wp\/v2\/users\/2"}],"replies":[{"embeddable":true,"href":"https:\/\/www.europesays.com\/fr\/wp-json\/wp\/v2\/comments?post=487105"}],"version-history":[{"count":0,"href":"https:\/\/www.europesays.com\/fr\/wp-json\/wp\/v2\/posts\/487105\/revisions"}],"wp:featuredmedia":[{"embeddable":true,"href":"https:\/\/www.europesays.com\/fr\/wp-json\/wp\/v2\/media\/487106"}],"wp:attachment":[{"href":"https:\/\/www.europesays.com\/fr\/wp-json\/wp\/v2\/media?parent=487105"}],"wp:term":[{"taxonomy":"category","embeddable":true,"href":"https:\/\/www.europesays.com\/fr\/wp-json\/wp\/v2\/categories?post=487105"},{"taxonomy":"post_tag","embeddable":true,"href":"https:\/\/www.europesays.com\/fr\/wp-json\/wp\/v2\/tags?post=487105"}],"curies":[{"name":"wp","href":"https:\/\/api.w.org\/{rel}","templated":true}]}}