{"id":487107,"date":"2025-10-24T15:52:11","date_gmt":"2025-10-24T15:52:11","guid":{"rendered":"https:\/\/www.europesays.com\/fr\/487107\/"},"modified":"2025-10-24T15:52:11","modified_gmt":"2025-10-24T15:52:11","slug":"taux-demploi-quelles-sont-les-regions-europeennes-ou-la-croissance-est-la-plus-rapide","status":"publish","type":"post","link":"https:\/\/www.europesays.com\/fr\/487107\/","title":{"rendered":"Taux d&#8217;emploi : quelles sont les r\u00e9gions europ\u00e9ennes o\u00f9 la croissance est la plus rapide\u00a0?"},"content":{"rendered":"<p>Le dernier rapport d&rsquo;Eurostat sur l&#8217;emploi fait \u00e9tat d&rsquo;un taux record de 75,8 % de travailleurs parmi les Europ\u00e9ens \u00e2g\u00e9s de 20 \u00e0 64 ans. Ce chiffre \u00ab\u00a0historique\u00a0\u00bb est en hausse de 2,7 points de pourcentage par rapport \u00e0 2021.<\/p>\n<p>L&rsquo;Union europ\u00e9enne semble donc bien partie pour atteindre l&rsquo;objectif de 78 % d&#8217;emploi fix\u00e9 pour 2030 par le <a href=\"https:\/\/employment-social-affairs.ec.europa.eu\/policies-and-activities\/european-pillar-social-rights-building-fairer-and-more-inclusive-european-union\/european-pillar-social-rights-action-plan%5Fen\" target=\"_blank\" rel=\"noreferrer nofollow noopener\"><strong>plan d&rsquo;action du pilier europ\u00e9en des droits sociaux<\/strong><\/a>, qui \u00e9nonce 20 principes cl\u00e9s visant \u00e0 garantir \u00ab\u00a0des march\u00e9s du travail et des syst\u00e8mes de protection sociale \u00e9quitables et performants\u00a0\u00bb.<\/p>\n<p>Bruxelles souhaite notamment que 60 % de la main-d&rsquo;\u0153uvre de l&rsquo;UE suive une formation chaque ann\u00e9e et esp\u00e8re r\u00e9duire de 15 millions le nombre de personnes menac\u00e9es par la pauvret\u00e9 et l&rsquo;exclusion sociale.<\/p>\n<p>Objectif en mati\u00e8re d&#8217;emploi : quelles r\u00e9gions l&rsquo;ont d\u00e9j\u00e0 atteint ?<\/p>\n<p>Sur les 243 r\u00e9gions pour lesquelles des donn\u00e9es sont disponibles, 113 (soit 46,5 %) ont d\u00e9j\u00e0 atteint ou d\u00e9pass\u00e9 la barre des 78 %. La plupart de ces zones se trouvent dans le nord de l&rsquo;Europe. <\/p>\n<p>En dehors des pays comptant moins de deux millions d&rsquo;habitants, les taux d&#8217;emploi les plus \u00e9lev\u00e9s ont \u00e9t\u00e9 observ\u00e9es aux Pays-Bas, en Su\u00e8de, en Irlande, au Danemark et en R\u00e9publique tch\u00e8que.<\/p>\n<p>L&rsquo;Allemagne occupe \u00e9galement une place de choix. Seuls trois de ses 38 d\u00e9partements &#8211; Berlin, Br\u00eame et D\u00fcsseldorf &#8211; n&rsquo;ont pas encore atteint l&rsquo;objectif de 78 % d&#8217;emploi.<\/p>\n<p>Au niveau r\u00e9gional, l&rsquo;archipel finlandais d&rsquo;\u00c5land arrive en t\u00eate du dernier rapport d&rsquo;Eurostat sur l&#8217;emploi, avec un taux de 86,4 % de travailleurs, suivi de pr\u00e8s par les r\u00e9gions de Varsovie (86,2 %), de Bratislava (85,4 %) et de Budapest (85,3 %).<\/p>\n<p>\u00c0 l&rsquo;oppos\u00e9 &#8211; et si l&rsquo;on exclut les territoires d&rsquo;outre-mer, comme la France non m\u00e9tropolitaine, ou les villes espagnoles autonomes de Ceuta et Melilla &#8211; l&rsquo;Italie comporte sept des dix r\u00e9gions de l&rsquo;UE affichant les taux les plus faibles, dont la Calabre (48,5 %), la Campanie (49,4 %) et la Sicile (50,7 %).<\/p>\n<p>Le sud-ouest de l&rsquo;Espagne, le sud de la Roumanie et l&rsquo;est de la Gr\u00e8ce pr\u00e9sentent \u00e9galement de faibles taux, tandis que les d\u00e9partements belges de Bruxelles et du Hainaut sont les seuls territoires d&rsquo;Europe occidentale \u00e0 afficher des taux inf\u00e9rieurs \u00e0 65 %.<\/p>\n<p>Le tourisme booste l&#8217;emploi dans les pays m\u00e9diterran\u00e9ens<\/p>\n<p>Bien que l&rsquo;Europe du Sud soit encore largement \u00e0 la tra\u00eene, nombre de ses r\u00e9gions affichent des taux de croissance parmi les plus \u00e9lev\u00e9s de l&rsquo;UE.<\/p>\n<p>Une analyse d&rsquo;Euronews des donn\u00e9es d&rsquo;Eurostat &#8211; couvrant les r\u00e9gions d&rsquo;au moins 300 000 habitants &#8211; montre notamment que l&#8217;emploi dans plusieurs r\u00e9gions grecques a grimp\u00e9 en fl\u00e8che depuis 2021.<\/p>\n<p>Selon Theodore Koutroukis, professeur de march\u00e9 du travail \u00e0 l&rsquo;universit\u00e9 de Thrace, cette hausse est en grande partie due \u00e0 un rebond significatif des secteurs du tourisme et de l&rsquo;h\u00f4tellerie \u00e0 la suite de la pand\u00e9mie de COVID-19.<\/p>\n<p>\u00ab\u00a0Les secteurs de l&rsquo;h\u00f4tellerie, de la restauration et du commerce de d\u00e9tail ont g\u00e9n\u00e9r\u00e9 plus de 50 % de tous les nouveaux emplois salari\u00e9s au cours des quatre derni\u00e8res ann\u00e9es. \u00c0 lui seul, le tourisme repr\u00e9sentait environ 401 000 emplois en 2024\u00a0\u00bb, explique-t-il.<\/p>\n<p>La Gr\u00e8ce a \u00e9galement introduit plusieurs nouvelles r\u00e9formes du march\u00e9 du travail, notamment une augmentation du salaire minimum, une r\u00e9duction des taxes sur le travail et, plus largement, un nouveau cadre juridique qui \u00ab\u00a0a encourag\u00e9 la cr\u00e9ation d&#8217;emplois\u00a0\u00bb, selon Theodore Koutroukis, \u00ab\u00a0en particulier chez les femmes et les personnes \u00e2g\u00e9es de 45 \u00e0 64 ans\u00a0\u00bb.<\/p>\n<p>Il n&rsquo;est cependant pas certain que la croissance de la Gr\u00e8ce puisse se poursuivre au m\u00eame rythme.<\/p>\n<p>\u00ab\u00a0Le tourisme a probablement atteint son maximum \u00e0 court terme\u00a0\u00bb, estime Thedore Koutroukis, \u00ab\u00a0mais si la guerre en Ukraine s&rsquo;arr\u00eate, peut-\u00eatre que de nouveaux flux de touristes russes profiteront au secteur des services\u00a0\u00bb.<\/p>\n<p>L&rsquo;industrie allemande en difficult\u00e9<\/p>\n<p>Des tendances similaires, bien que moins prononc\u00e9es, ont \u00e9t\u00e9 observ\u00e9es dans des r\u00e9gions d&rsquo;Espagne, d&rsquo;Italie, de Croatie et du Portugal. \u00c0 l&rsquo;autre extr\u00e9mit\u00e9 du spectre &#8211; avec des tendances n\u00e9gatives en mati\u00e8re d&#8217;emploi &#8211; se trouvent presque exclusivement des r\u00e9gions d&rsquo;Europe du Nord.<\/p>\n<p>Entre 2021 et 2024, les taux d&#8217;emploi r\u00e9gionaux de l&rsquo;UE ont le plus baiss\u00e9 dans le centre de la Su\u00e8de (-2,1 %) et dans le centre et l&rsquo;ouest de la Lituanie (-1,4 %). La plupart des r\u00e9gions en d\u00e9clin sont toutefois allemandes.<\/p>\n<p>\u00ab\u00a0La baisse du taux d&#8217;emploi refl\u00e8te en grande partie le fait que de nombreuses r\u00e9gions allemandes ont connu une longue r\u00e9cession \u00e9conomique, en particulier dans le secteur industriel\u00a0\u00bb, explique Claus Schnabel, titulaire de la chaire d&rsquo;\u00e9conomie du travail et d&rsquo;\u00e9conomie r\u00e9gionale \u00e0 l&rsquo;universit\u00e9 d&rsquo;Erlangen-Nuremberg.<\/p>\n<p>\u00ab\u00a0Le mod\u00e8le allemand fond\u00e9 sur les exportations n&rsquo;est plus efficace, car l&rsquo;Allemagne a perdu des parts de march\u00e9 \u00e0 l&rsquo;\u00e9tranger et est moins innovante qu&rsquo;auparavant\u00a0\u00bb.<\/p>\n","protected":false},"excerpt":{"rendered":"Le dernier rapport d&rsquo;Eurostat sur l&#8217;emploi fait \u00e9tat d&rsquo;un taux record de 75,8 % de travailleurs parmi les&hellip;\n","protected":false},"author":2,"featured_media":487108,"comment_status":"","ping_status":"","sticky":false,"template":"","format":"standard","meta":{"footnotes":""},"categories":[1586],"tags":[11,2303,1777,674,16035,1011,27,2304,12,25,364],"class_list":{"0":"post-487107","1":"post","2":"type-post","3":"status-publish","4":"format-standard","5":"has-post-thumbnail","7":"category-europe","8":"tag-actualites","9":"tag-emplois","10":"tag-eu","11":"tag-europe","12":"tag-eurostat","13":"tag-fr","14":"tag-france","15":"tag-marche-du-travail","16":"tag-news","17":"tag-republique-francaise","18":"tag-union-europeenne"},"share_on_mastodon":{"url":"https:\/\/pubeurope.com\/@fr\/115429949116819708","error":""},"_links":{"self":[{"href":"https:\/\/www.europesays.com\/fr\/wp-json\/wp\/v2\/posts\/487107","targetHints":{"allow":["GET"]}}],"collection":[{"href":"https:\/\/www.europesays.com\/fr\/wp-json\/wp\/v2\/posts"}],"about":[{"href":"https:\/\/www.europesays.com\/fr\/wp-json\/wp\/v2\/types\/post"}],"author":[{"embeddable":true,"href":"https:\/\/www.europesays.com\/fr\/wp-json\/wp\/v2\/users\/2"}],"replies":[{"embeddable":true,"href":"https:\/\/www.europesays.com\/fr\/wp-json\/wp\/v2\/comments?post=487107"}],"version-history":[{"count":0,"href":"https:\/\/www.europesays.com\/fr\/wp-json\/wp\/v2\/posts\/487107\/revisions"}],"wp:featuredmedia":[{"embeddable":true,"href":"https:\/\/www.europesays.com\/fr\/wp-json\/wp\/v2\/media\/487108"}],"wp:attachment":[{"href":"https:\/\/www.europesays.com\/fr\/wp-json\/wp\/v2\/media?parent=487107"}],"wp:term":[{"taxonomy":"category","embeddable":true,"href":"https:\/\/www.europesays.com\/fr\/wp-json\/wp\/v2\/categories?post=487107"},{"taxonomy":"post_tag","embeddable":true,"href":"https:\/\/www.europesays.com\/fr\/wp-json\/wp\/v2\/tags?post=487107"}],"curies":[{"name":"wp","href":"https:\/\/api.w.org\/{rel}","templated":true}]}}