{"id":487109,"date":"2025-10-24T15:53:12","date_gmt":"2025-10-24T15:53:12","guid":{"rendered":"https:\/\/www.europesays.com\/fr\/487109\/"},"modified":"2025-10-24T15:53:12","modified_gmt":"2025-10-24T15:53:12","slug":"leurope-soffre-des-flexibilites-pour-sauver-son-industrie","status":"publish","type":"post","link":"https:\/\/www.europesays.com\/fr\/487109\/","title":{"rendered":"l\u2019Europe s\u2019offre des flexibilit\u00e9s pour sauver son industrie"},"content":{"rendered":"<p>Les Vingt-Sept se sont livr\u00e9s, jeudi 23\u00a0octobre, \u00e0 un num\u00e9ro d&rsquo;\u00e9quilibriste pour concilier pr\u00e9servation du climat et sauvetage d&rsquo;une industrie en p\u00e9ril. Une partie jou\u00e9e essentiellement \u00e0 quatre\u00a0: l&rsquo;Allemagne du chancelier Merz, la France d&rsquo;Emmanuel Macron, l&rsquo;Italie de Giorgia Meloni et la Pologne de Donald Tusk. Chacun a d\u00e9croch\u00e9 son joker. R\u00e9sultat\u00a0: un accord permettant \u00e0 tous de clamer qu&rsquo;ils sauvent la plan\u00e8te sans trop alarmer Renault, Volkswagen ou les sid\u00e9rurgistes polonais. Le pr\u00e9sident du Conseil europ\u00e9en, Antonio Costa, avait pris soin, auparavant, de v\u00e9rifier que chacun retrouve bien ses petits dans des conclusions finement r\u00e9dig\u00e9es.<\/p>\n<p>En apparence, <a class=\"Link\" href=\"https:\/\/www.lepoint.fr\/monde\/europe-l-objectif-climatique-de-2040-fait-monter-la-temperature-politique-02-07-2025-2593545_24.php\" title=\"\" data-gtm=\"click:capsule\" data-capsule=\"Lien\" target=\"_blank\" rel=\"noopener\">l&rsquo;objectif climatique 2040<\/a> tient bon\u00a0: &#8211;\u00a090\u00a0% de r\u00e9duction des \u00e9missions de CO2. Mais les conclusions du Conseil multiplient les s&#8230;<\/p>\n<p>Toute l\u2019actualit\u00e9 \u00e0 1\u20ac le premier mois<\/p>\n<p><a href=\"https:\/\/abo.lepoint.fr\/?provenance=21EDI020098\" class=\"btn\" title=\"S&#039;abonner\" data-gtm=\"click:abo|display:abo\" data-campaign=\"paywall_maison\" target=\"_blank\" rel=\"noopener\">S&rsquo;abonner<\/a><\/p>\n<p>ou<\/p>\n","protected":false},"excerpt":{"rendered":"Les Vingt-Sept se sont livr\u00e9s, jeudi 23\u00a0octobre, \u00e0 un num\u00e9ro d&rsquo;\u00e9quilibriste pour concilier pr\u00e9servation du climat et sauvetage&hellip;\n","protected":false},"author":2,"featured_media":487110,"comment_status":"","ping_status":"","sticky":false,"template":"","format":"standard","meta":{"footnotes":""},"categories":[1586],"tags":[11,1777,674,1779,1011,27,12,5140,25,1778,364],"class_list":{"0":"post-487109","1":"post","2":"type-post","3":"status-publish","4":"format-standard","5":"has-post-thumbnail","7":"category-europe","8":"tag-actualites","9":"tag-eu","10":"tag-europe","11":"tag-european-union","12":"tag-fr","13":"tag-france","14":"tag-news","15":"tag-rechauffement-climatique","16":"tag-republique-francaise","17":"tag-ue","18":"tag-union-europeenne"},"share_on_mastodon":{"url":"https:\/\/pubeurope.com\/@fr\/115429953266126820","error":""},"_links":{"self":[{"href":"https:\/\/www.europesays.com\/fr\/wp-json\/wp\/v2\/posts\/487109","targetHints":{"allow":["GET"]}}],"collection":[{"href":"https:\/\/www.europesays.com\/fr\/wp-json\/wp\/v2\/posts"}],"about":[{"href":"https:\/\/www.europesays.com\/fr\/wp-json\/wp\/v2\/types\/post"}],"author":[{"embeddable":true,"href":"https:\/\/www.europesays.com\/fr\/wp-json\/wp\/v2\/users\/2"}],"replies":[{"embeddable":true,"href":"https:\/\/www.europesays.com\/fr\/wp-json\/wp\/v2\/comments?post=487109"}],"version-history":[{"count":0,"href":"https:\/\/www.europesays.com\/fr\/wp-json\/wp\/v2\/posts\/487109\/revisions"}],"wp:featuredmedia":[{"embeddable":true,"href":"https:\/\/www.europesays.com\/fr\/wp-json\/wp\/v2\/media\/487110"}],"wp:attachment":[{"href":"https:\/\/www.europesays.com\/fr\/wp-json\/wp\/v2\/media?parent=487109"}],"wp:term":[{"taxonomy":"category","embeddable":true,"href":"https:\/\/www.europesays.com\/fr\/wp-json\/wp\/v2\/categories?post=487109"},{"taxonomy":"post_tag","embeddable":true,"href":"https:\/\/www.europesays.com\/fr\/wp-json\/wp\/v2\/tags?post=487109"}],"curies":[{"name":"wp","href":"https:\/\/api.w.org\/{rel}","templated":true}]}}