{"id":487117,"date":"2025-10-24T15:57:11","date_gmt":"2025-10-24T15:57:11","guid":{"rendered":"https:\/\/www.europesays.com\/fr\/487117\/"},"modified":"2025-10-24T15:57:11","modified_gmt":"2025-10-24T15:57:11","slug":"une-gabegie-financiere-de-14-millions-deuros","status":"publish","type":"post","link":"https:\/\/www.europesays.com\/fr\/487117\/","title":{"rendered":"une gabegie financi\u00e8re de 14 millions d&rsquo;euros"},"content":{"rendered":"<p class=\"article__intro\">Le golf de la c\u00f4te d&rsquo;Alb\u00e2tre est \u00e0 vendre, mais ne trouve pas de repreneur. Apr\u00e8s huit ann\u00e9es d&rsquo;exploitation, le complexe sportif install\u00e9 en 2017 \u00e0 Saint-Riquiers-\u00e8s-Plains dans l&rsquo;arrondissement de Dieppe, a ferm\u00e9 ses portes en juin dernier. La question de sa rentabilit\u00e9 est au c\u0153ur de ce fiasco, tout comme l&rsquo;usage des finances publiques de la communaut\u00e9 de communes qui l&rsquo;a mis en \u0153uvre.<\/p>\n<p>\n      L\u2019actu des r\u00e9gions\n    <\/p>\n<p>\n      Chaque jour, un tour d\u2019horizon des principales infos de toutes les r\u00e9gions.\n    <\/p>\n<p>    France T\u00e9l\u00e9visions utilise votre adresse e-mail afin de vous envoyer la newsletter \u00ab\u00a0L\u2019actu des r\u00e9gions\u00a0\u00bb. Vous pouvez vous d\u00e9sinscrire \u00e0 tout moment via le lien en bas de cette newsletter. <a target=\"_blank\" href=\"https:\/\/www.francetelevisions.fr\/groupe\/confidentialite\/politique-de-confidentialite\/politique-de-confidentialite-de-france-televisions-6503\" rel=\"nofollow noopener\">Notre politique de confidentialit\u00e9<\/a><\/p>\n<p>Ce devait \u00eatre un projet de territoire ambitieux, un vaste terrain de jeux \u00ab\u00a0z\u00e9ro phyto\u00a0\u00bb, un golf \u00e9colo de 75 hectares au c\u0153ur de la c\u00f4te d&rsquo;Alb\u00e2tre. Situ\u00e9 \u00e0 Saint-Riquiers-\u00e8s-Plains, entre Dieppe, \u00c9tretat et Rouen, le Golf Normandie C\u00f4te d&rsquo;Alb\u00e2tre a vu le jour en 2017, pour finalement fermer ses portes apr\u00e8s huit ann\u00e9es d&rsquo;exploitation.<\/p>\n<p>La communaut\u00e9 de communes de la C\u00f4te d&rsquo;Alb\u00e2tre \u00e9tait \u00e0 l&rsquo;origine de ce projet, mais sa gestion avait \u00e9t\u00e9 confi\u00e9e \u00e0 une d\u00e9l\u00e9gation de service public. La structure n&rsquo;a jamais \u00e9t\u00e9 rentable, ce qui a contraint la communaut\u00e9 de communes \u00e0 la fermer. Actuellement en vente, le golf n&rsquo;a toujours pas trouv\u00e9 d&rsquo;acqu\u00e9reur.<\/p>\n<p>Les \u00e9lus de la communaut\u00e9 de communes de la c\u00f4te d&rsquo;Alb\u00e2tre avaient pourtant mis\u00e9 sur ce nouvel \u00e9quipement. \u00c0 son ouverture en 2017, ils ne tarissaient pas d&rsquo;\u00e9loges sur ce qui devait f\u00e9d\u00e9rer le territoire, et renforcer son attrait. <\/p>\n<p>\u00c0 l&rsquo;instar du pr\u00e9sident de la Communaut\u00e9 de communes d&rsquo;alors, G\u00e9rard Collin. \u00ab\u00a0Nous avons privil\u00e9gi\u00e9 sur ces terres un ensemble de d\u00e9veloppement \u00e9conomique sur des zones hi-tech, et des zones r\u00e9sidentielles qui pourraient amener sur le territoire, d&rsquo;une part des emplois, mais aussi du d\u00e9veloppement \u00e9conomique\u00a0\u00bb.<\/p>\n<p>Un parcours 18 trous, un parcours \u00e9cole de neuf trous, un practice avec 30 postes, un pitching-green et un putting-green, le Golf Normandie C\u00f4te d&rsquo;Alb\u00e2tre avait l&rsquo;ambition d&rsquo;attirer les joueurs avertis, mais aussi de faire d\u00e9couvrir la pratique aux habitants du territoire.<\/p>\n<p>Faute de joueurs, le practice est aujourd&rsquo;hui le terrain de jeu des sangliers. Depuis le 1er juin 2025, le golf a officiellement ferm\u00e9 ses portes, une d\u00e9cision act\u00e9e par le conseil communautaire en avril dernier.<\/p>\n<p><strong>Voir le reportage de Fran\u00e7ois Pesquet et Didier Meunier :<\/strong><\/p>\n<p>    dur\u00e9e de la vid\u00e9o : 00h02mn13s<\/p>\n<p>        <img decoding=\"async\" width=\"640\" height=\"426\" class=\"article-image not-lazy\" src=\"https:\/\/france3-regions.franceinfo.fr\/assets\/img\/logos\/fallbackFr3_16_9.webp\" alt=\"\" fetchpriority=\"high\"\/><\/p>\n<p>              Voir la video\u00a0(2 minutes 13 secondes).\u00a0<br \/>\n                  2 min 13 s<\/p>\n<p>\n          Golf normandie C\u00f4te d&rsquo;Alb\u00e2tre, fin de parcours ?<\/p>\n<p>        \u2022<\/p>\n<p>              \u00a9FTV\n      <\/p>\n<p>Fallait-il investir dans un golf, dans un secteur qui en comptait d\u00e9j\u00e0 cinq ? Celui d&rsquo;\u00c9tretat et son incroyable vue sur la Manche, ceux de Dieppe Pourville, Yerville, Arnouville et Saint-Sa\u00ebns.<\/p>\n<p>On peut donc s&rsquo;interroger, ainsi que sur l&rsquo;utilisation de fonds publics dans un tel projet. Ce maire d&rsquo;une commune voisine, ancien \u00e9lu au bureau de la communaut\u00e9 de communes C\u00f4te d&rsquo;Alb\u00e2tre, estime que ce projet n&rsquo;\u00e9tait pas judicieux. <\/p>\n<p>\u00ab\u00a0On n&rsquo;a pas de grande agglo attenante de 300 000 habitants comme on pourrait l&rsquo;avoir avec Rouen, pas la chalandise en termes de population, une concurrence avec les golfs voisins&#8230; Donc non, non, y&rsquo;a pas besoin !\u00a0\u00bb, argumente Franck Foiret, le maire (SE) de Vittefleur.<\/p>\n<p>Dans un rapport du 6 septembre 2022, la chambre r\u00e9gionale des comptes Normandie pointait d\u00e9j\u00e0 \u00ab\u00a0une d\u00e9pense de 900 millions par an, soit un co\u00fbt particuli\u00e8rement \u00e9lev\u00e9 au regard de la faiblesse de la fr\u00e9quentation (moins de 100 abonn\u00e9s [&#8230;] en 2020). L&rsquo;exploitation du golf est d\u00e9ficitaire depuis son ouverture [&#8230;] en d\u00e9pit du versement d&rsquo;importantes compensations et subventions publiques\u00a0\u00bb.<\/p>\n<p>La consultation pour trouver des repreneurs s&rsquo;est achev\u00e9e ce lundi, mais des agents continuent d&rsquo;entretenir les 75 hectares du golf d\u00e9sormais ferm\u00e9.<\/p>\n<p>Thierry Denier, conseiller en \u00e9valuation de golfs, n&rsquo;imagine pas que la structure puisse attirer de nouveaux investisseurs.<\/p>\n<blockquote class=\"ftvi_content_quote\">\n<p class=\"ftvi_citation_quote\">On n&rsquo;a pas de golfeurs, donc l&rsquo;erreur strat\u00e9gique c&rsquo;est d&rsquo;avoir pens\u00e9 \u00e0 un moment donn\u00e9 que ce golf pourrait fonctionner normalement. \u00c0 partir de maintenant, s&rsquo;il est vendu, il va falloir mettre 600, 700 000 euros tous les ans, pour esp\u00e9rer, \u00e9ventuellement, arriver \u00e0 quelque chose.<\/p>\n<p>Thierry Denier, conseiller en \u00e9valuation de golfs<\/p><\/blockquote>\n<p>Depuis sa cr\u00e9ation, le golf a co\u00fbt\u00e9 au moins 14 millions d&rsquo;euros d&rsquo;investissement et de fonctionnement \u00e0 la collectivit\u00e9. Il est aujourd&rsquo;hui mis en vente entre 1 et 2 millions d&rsquo;euros.<\/p>\n<p>Contact\u00e9e, la pr\u00e9sidence de la communaut\u00e9 de communes de la c\u00f4te d&rsquo;Alb\u00e2tre n&rsquo;a pas donn\u00e9 suite \u00e0 nos demandes d&rsquo;interview.<\/p>\n","protected":false},"excerpt":{"rendered":"Le golf de la c\u00f4te d&rsquo;Alb\u00e2tre est \u00e0 vendre, mais ne trouve pas de repreneur. Apr\u00e8s huit ann\u00e9es&hellip;\n","protected":false},"author":2,"featured_media":487118,"comment_status":"","ping_status":"","sticky":false,"template":"","format":"standard","meta":{"footnotes":""},"categories":[1418],"tags":[1011,27,1472,60],"class_list":{"0":"post-487117","1":"post","2":"type-post","3":"status-publish","4":"format-standard","5":"has-post-thumbnail","7":"category-golf","8":"tag-fr","9":"tag-france","10":"tag-golf","11":"tag-sports"},"share_on_mastodon":{"url":"https:\/\/pubeurope.com\/@fr\/115429968718255232","error":""},"_links":{"self":[{"href":"https:\/\/www.europesays.com\/fr\/wp-json\/wp\/v2\/posts\/487117","targetHints":{"allow":["GET"]}}],"collection":[{"href":"https:\/\/www.europesays.com\/fr\/wp-json\/wp\/v2\/posts"}],"about":[{"href":"https:\/\/www.europesays.com\/fr\/wp-json\/wp\/v2\/types\/post"}],"author":[{"embeddable":true,"href":"https:\/\/www.europesays.com\/fr\/wp-json\/wp\/v2\/users\/2"}],"replies":[{"embeddable":true,"href":"https:\/\/www.europesays.com\/fr\/wp-json\/wp\/v2\/comments?post=487117"}],"version-history":[{"count":0,"href":"https:\/\/www.europesays.com\/fr\/wp-json\/wp\/v2\/posts\/487117\/revisions"}],"wp:featuredmedia":[{"embeddable":true,"href":"https:\/\/www.europesays.com\/fr\/wp-json\/wp\/v2\/media\/487118"}],"wp:attachment":[{"href":"https:\/\/www.europesays.com\/fr\/wp-json\/wp\/v2\/media?parent=487117"}],"wp:term":[{"taxonomy":"category","embeddable":true,"href":"https:\/\/www.europesays.com\/fr\/wp-json\/wp\/v2\/categories?post=487117"},{"taxonomy":"post_tag","embeddable":true,"href":"https:\/\/www.europesays.com\/fr\/wp-json\/wp\/v2\/tags?post=487117"}],"curies":[{"name":"wp","href":"https:\/\/api.w.org\/{rel}","templated":true}]}}