{"id":487123,"date":"2025-10-24T16:02:15","date_gmt":"2025-10-24T16:02:15","guid":{"rendered":"https:\/\/www.europesays.com\/fr\/487123\/"},"modified":"2025-10-24T16:02:15","modified_gmt":"2025-10-24T16:02:15","slug":"bagnaia-sestime-responsable-de-son-absence-de-la-q2","status":"publish","type":"post","link":"https:\/\/www.europesays.com\/fr\/487123\/","title":{"rendered":"Bagnaia s&rsquo;estime responsable de son absence de la Q2"},"content":{"rendered":"<p>Deuxi\u00e8me ce matin et longtemps troisi\u00e8me cet apr\u00e8s-midi, \u00e0 Sepang,\u00a0<a href=\"https:\/\/fr.motorsport.com\/driver\/pecco-bagnaia\/109394\/\" target=\"_blank\" rel=\"noopener\">Pecco Bagnaia<\/a> a pourtant fini par manquer le top 10 valant une qualification directe pour la Q2. L&rsquo;Italien explique son recul jusqu&rsquo;\u00e0 la 12e place du classement \u00e0 une strat\u00e9gie manqu\u00e9e lorsque la pluie a fait son apparition sur le circuit malaisien, troublant la phase d\u00e9cisive de la seconde s\u00e9ance.<\/p>\n<p>Car en termes de sensations, le pilote Ducati a retrouv\u00e9 un peu d&rsquo;\u00e9lan apr\u00e8s deux week-ends extr\u00eamement \u00e9prouvants en Indon\u00e9sie et en Australie. Il d\u00e9crit sa premi\u00e8re journ\u00e9e en Malaisie comme s&rsquo;\u00e9tant inscrite dans la dynamique de la course australienne, c&rsquo;est-\u00e0-dire avec une moto qui lui permettait d&rsquo;\u00eatre un peu plus ma\u00eetre de sa performance.<\/p>\n<p>\u00ab\u00a0C&rsquo;est plus comme lors de la course de Phillip Island, donc un peu mieux que pendant le reste du week-end l\u00e0-bas et que pendant le week-end en Indon\u00e9sie\u00a0\u00bb, d\u00e9crit Bagnaia. \u00ab\u00a0J&rsquo;ai donc plut\u00f4t bien commenc\u00e9, j&rsquo;ai pu travailler un peu sur les motos. Heureusement, cette piste m&rsquo;aide aussi, donc c&rsquo;\u00e9tait un peu mieux. J&rsquo;ai quand m\u00eame du mal.\u00a0\u00bb<\/p>\n<p>\u00ab\u00a0C&rsquo;est plus de ma faute si je ne suis pas en Q2\u00a0\u00bb, admet-il, \u00ab\u00a0parce que j&rsquo;ai quitt\u00e9 le garage trop tard et je n&rsquo;ai eu que deux tours. Avec des conditions comme celle-l\u00e0, c&rsquo;est toujours mieux d&rsquo;avoir deux tours de plus, donc c&rsquo;est plus de ma faute.\u00a0\u00bb<\/p>\n<p>\u00ab\u00a0Malgr\u00e9 tout, mes sensations ne sont pas encore l\u00e0 en termes de performance. Je n&rsquo;arrive pas \u00e0 freiner et \u00e0 entrer dans les virages comme je le voudrais, et on y travaille. \u00c7a reste quand m\u00eame clairement un meilleur d\u00e9but que les deux derniers week-ends.\u00a0\u00bb<\/p>\n<p>Lire aussi :<\/p>\n<p>Toujours emp\u00eatr\u00e9 dans une qu\u00eate de performance ayant tourn\u00e9 au casse-t\u00eate, Bagnaia ne parvient pas plus aujourd&rsquo;hui qu&rsquo;hier \u00e0 expliquer le comportement de sa moto, dont il dit qu&rsquo;elle est \u00ab\u00a0la m\u00eame\u00a0\u00bb qu&rsquo;au test men\u00e9 en d\u00e9but d&rsquo;ann\u00e9e sur cette piste. Car il ajoute \u00e0 cela\u00a0:\u00a0\u00ab\u00a0Malheureusement, mes sensations sont tr\u00e8s diff\u00e9rentes par rapport \u00e0 celles que j&rsquo;avais au test qu&rsquo;on a fait ici en d\u00e9but d&rsquo;ann\u00e9e, et il faut comprendre pourquoi\u00a0\u00bb, pr\u00e9cisant que lors de ce test \u00ab\u00a0c&rsquo;\u00e9tait comme au Japon\u00a0\u00bb, c&rsquo;est-\u00e0-dire comme durant le week-end qu&rsquo;il a soudainement domin\u00e9 le mois dernier.<\/p>\n<p>Et lorsqu&rsquo;il est lui demand\u00e9 si cette baisse de performance pourrait donc venir de lui, l&rsquo;Italien exprime toujours la m\u00eame incompr\u00e9hension en r\u00e9pondant\u00a0:\u00a0\u00ab\u00a0Peut-\u00eatre, mais je ne pense pas parce qu&rsquo;il y a trois courses, je faisais la m\u00eame chose. Alors je ne sais pas.\u00a0\u00bb<\/p>\n<p>   <img decoding=\"async\" draggable=\"false\" src=\"https:\/\/www.europesays.com\/fr\/wp-content\/uploads\/2025\/10\/1761321735_894_francesco-bagnaia-ducati-team.jpg\" alt=\"Pecco Bagnaia regrette d'\u00eatre sorti trop tard des stands.\" width=\"1200\" height=\"800\" loading=\"lazy\"\/> <\/p>\n<p class=\"title\">Pecco Bagnaia regrette d&rsquo;\u00eatre sorti trop tard des stands.<\/p>\n<p class=\"photographer\">Photo de: Qian Jun \/ MB Media via Getty Images<\/p>\n<p>Ce qui appara\u00eet en tout cas, c&rsquo;est que la stabilit\u00e9 de sa moto est \u00ab\u00a0un peu meilleure\u00a0\u00bb qu&rsquo;elle ne l&rsquo;\u00e9tait en Australie, mais avec des mouvements qui restent surprenants et, l\u00e0 aussi, inexpliqu\u00e9s. \u00ab\u00a0Depuis l&rsquo;Autriche, on a des mouvements et on essaye encore d&rsquo;en comprendre la cause\u00a0\u00bb, admet-il. \u00ab\u00a0On essaye de comprendre parce que c&rsquo;est arriv\u00e9 trop souvent depuis l&rsquo;Autriche, et surtout dans les trois derni\u00e8res courses. Donc l\u00e0-dessus aussi, il faut qu&rsquo;on travaille et qu&rsquo;on comprenne pourquoi \u00e7a survient.\u00a0\u00bb<\/p>\n<p>Objectifs modestes pour le GP et pour le championnat<\/p>\n<p>Pecco Bagnaia a finalement manqu\u00e9 le top 10 pour un dixi\u00e8me. Samedi matin, il sera confront\u00e9 \u00e0 quelques s\u00e9rieux candidats \u00e0 l&rsquo;heure o\u00f9 seront attribu\u00e9es les deux derni\u00e8res places en Q2. Largement \u00e9chaud\u00e9 par ses espoirs d\u00e9\u00e7us tout au long de la saison, il reste tr\u00e8s mesur\u00e9 dans ses objectifs, tant pour ces qualifications que pour le sprint qui suivra.<\/p>\n<p>\u00ab\u00a0Ce sera une Q1 tr\u00e8s difficile mais on va faire de notre mieux\u00a0\u00bb, promet le pilote Ducati, qui esp\u00e8re tout juste entrer dans les points au sprint. \u00ab\u00a0Demain, je serai content si j&rsquo;arrive \u00e0 terminer la journ\u00e9e parmi les sept premiers. C&rsquo;est l&rsquo;objectif pour demain. Je ne peux pas \u00eatre satisfait d&rsquo;un top 7, mais il faut \u00eatre r\u00e9aliste et c&rsquo;est l&rsquo;objectif maximal.\u00a0\u00bb<\/p>\n<p>Plus largement, c&rsquo;est pour les trois derniers Grands Prix de cette saison que Pecco Bagnaia ne se risque plus \u00e0 esp\u00e9rer de grandes choses. Alors qu&rsquo;il vient d&rsquo;\u00eatre d\u00e9log\u00e9 de la troisi\u00e8me place du championnat par Marco Bezzecchi, il avoue au site officiel du MotoGP que son objectif pour le classement g\u00e9n\u00e9ral \u00e9tait essentiellement de limiter les d\u00e9g\u00e2ts.<\/p>\n<p>\u00ab\u00a0\u00c0 l&rsquo;heure actuelle, Aprilia marche beaucoup mieux, avec Bezzecchi, donc il faut qu&rsquo;on accepte que c&rsquo;est une possibilit\u00e9 de terminer quatri\u00e8me ou cinqui\u00e8me. Il faut juste qu&rsquo;on soit concentr\u00e9s et qu&rsquo;on essaye de s&rsquo;am\u00e9liorer un peu\u00a0\u00bb,\u00a0observe celui qui, il y a encore un an, se battait pour le titre.<\/p>\n<p>Lire aussi :<\/p>\n<p>            Votre avis nous int\u00e9resse !<\/p>\n<p class=\"mt-auto\">Qu&rsquo;aimeriez-vous voir sur Motorsport.com ?<\/p>\n<p>            <a href=\"#\" class=\"ms-link text-link font-bold\">R\u00e9pondez \u00e0 notre enqu\u00eate en 5 minutes.<\/a><\/p>\n<p class=\"mt-1 text-body\">&#8211; L&rsquo;\u00e9quipe Motorsport.com<\/p>\n","protected":false},"excerpt":{"rendered":"Deuxi\u00e8me ce matin et longtemps troisi\u00e8me cet apr\u00e8s-midi, \u00e0 Sepang,\u00a0Pecco Bagnaia a pourtant fini par manquer le top&hellip;\n","protected":false},"author":2,"featured_media":487124,"comment_status":"","ping_status":"","sticky":false,"template":"","format":"standard","meta":{"footnotes":""},"categories":[1413],"tags":[61033,4950,1011,27,60123,1457,1456,1458,4951,56789,60],"class_list":{"0":"post-487123","1":"post","2":"type-post","3":"status-publish","4":"format-standard","5":"has-post-thumbnail","7":"category-moto","8":"tag-bagnaia-sestime-responsable-de-son-absence-de-la-q2","9":"tag-ducati-team","10":"tag-fr","11":"tag-france","12":"tag-gp-de-malaisie","13":"tag-moto","14":"tag-motocycle","15":"tag-motogp","16":"tag-pecco-bagnaia","17":"tag-sepang-international-circuit","18":"tag-sports"},"share_on_mastodon":{"url":"https:\/\/pubeurope.com\/@fr\/115429989086594263","error":""},"_links":{"self":[{"href":"https:\/\/www.europesays.com\/fr\/wp-json\/wp\/v2\/posts\/487123","targetHints":{"allow":["GET"]}}],"collection":[{"href":"https:\/\/www.europesays.com\/fr\/wp-json\/wp\/v2\/posts"}],"about":[{"href":"https:\/\/www.europesays.com\/fr\/wp-json\/wp\/v2\/types\/post"}],"author":[{"embeddable":true,"href":"https:\/\/www.europesays.com\/fr\/wp-json\/wp\/v2\/users\/2"}],"replies":[{"embeddable":true,"href":"https:\/\/www.europesays.com\/fr\/wp-json\/wp\/v2\/comments?post=487123"}],"version-history":[{"count":0,"href":"https:\/\/www.europesays.com\/fr\/wp-json\/wp\/v2\/posts\/487123\/revisions"}],"wp:featuredmedia":[{"embeddable":true,"href":"https:\/\/www.europesays.com\/fr\/wp-json\/wp\/v2\/media\/487124"}],"wp:attachment":[{"href":"https:\/\/www.europesays.com\/fr\/wp-json\/wp\/v2\/media?parent=487123"}],"wp:term":[{"taxonomy":"category","embeddable":true,"href":"https:\/\/www.europesays.com\/fr\/wp-json\/wp\/v2\/categories?post=487123"},{"taxonomy":"post_tag","embeddable":true,"href":"https:\/\/www.europesays.com\/fr\/wp-json\/wp\/v2\/tags?post=487123"}],"curies":[{"name":"wp","href":"https:\/\/api.w.org\/{rel}","templated":true}]}}