{"id":487125,"date":"2025-10-24T16:03:10","date_gmt":"2025-10-24T16:03:10","guid":{"rendered":"https:\/\/www.europesays.com\/fr\/487125\/"},"modified":"2025-10-24T16:03:10","modified_gmt":"2025-10-24T16:03:10","slug":"a-quelle-heure-et-sur-quelle-chaine-voir-le-grand-prix-du-mexique","status":"publish","type":"post","link":"https:\/\/www.europesays.com\/fr\/487125\/","title":{"rendered":"\u00e0 quelle heure et sur quelle cha\u00eene voir le Grand Prix du Mexique ?"},"content":{"rendered":"<p>Apr\u00e8s le Texas, direction le Mexique pour la Formule 1 \u00e0 l&rsquo;occasion du 20e rendez-vous de cette saison 2025. La lutte pour le titre de champion du monde est plus ouverte que jamais apr\u00e8s la grosse performance de Max Verstappen lors du week-end \u00e0 Austin. Le N\u00e9erlandais n&rsquo;est plus qu&rsquo;\u00e0 40 points du leader \u00e0 cinq courses et deux sprints de la fin de championnat. <\/p>\n<p>40 points. C&rsquo;est le gap qui existe d\u00e9sormais entre <a href=\"https:\/\/www.europe1.fr\/sport\/formule-1-max-verstappen-remporte-le-grand-prix-du-japon-devant-les-mclaren-671263\" target=\"_blank\" rel=\"noopener\">Max Verstappen<\/a> et le leader du championnat, Oscar Piastri. Depuis fin ao\u00fbt, le N\u00e9erlandais a repris plus de 60 points au pilote McLaren. Une situation qui va pimenter les cinq courses et les deux courses sprint qu&rsquo;ils restent \u00e0 disputer. Et ce week-end, direction le Mexique pour disputer le 20e Grand Prix de la saison.\u00a0<\/p>\n<p>    La suite apr\u00e8s cette publicit\u00e9<\/p>\n<p>    La suite apr\u00e8s cette publicit\u00e9<\/p>\n<p>Victoire imp\u00e9rative pour McLaren ?\u00a0<\/p>\n<p>Un Grand Prix important pour McLaren car m\u00eame si elle est d\u00e9j\u00e0 championne du monde des constructeurs, le titre pilote est encore loin d&rsquo;\u00eatre garanti. Et l&rsquo;\u00e9curie de Woking n&rsquo;a plus remport\u00e9 de course depuis la victoire d&rsquo;<a href=\"https:\/\/www.europe1.fr\/sport\/formule-1-oscar-piastri-remporte-le-grand-prix-des-pays-bas-le-francais-isack-hadjar-soffre-son-premier-podium-770875\" target=\"_blank\" rel=\"noopener\">Oscar Piastri<\/a> lors du Grand Prix des Pays-Bas, 15e rendez-vous de la saison.<\/p>\n<p>Depuis cette victoire, l&rsquo;Australien n&rsquo;est plus que l&rsquo;ombre de lui-m\u00eame, il est constamment en difficult\u00e9 au volant de sa monoplace. Alors que Norris est dans une meilleure dynamique, plus \u00e0 l&rsquo;aise au volant de sa monoplace et continue de grappiller des points \u00e0 son co\u00e9quipier.\u00a0<\/p>\n<p>    La suite apr\u00e8s cette publicit\u00e9<\/p>\n<p>    La suite apr\u00e8s cette publicit\u00e9<\/p>\n<p>D&rsquo;autant que contrairement \u00e0 McLaren, Max Verstappen et Red Bull ont continu\u00e9 de travailler sur cette RB-21 pour retrouver de la performance. Et cela s&rsquo;est vu sur la piste avec trois victoires sur les quatre derni\u00e8res courses, cinq podiums et 119 points inscrits sur 133 possibles. Il profite aussi de la situation en interne entre les deux pilotes McLaren pour revenir au classement. Tout indique que le N\u00e9erlandais luttera une nouvelle fois pour la victoire ce week-end.\u00a0<\/p>\n<p>Ferrari a de son c\u00f4t\u00e9 connu un bon week-end \u00e0 Austin avec une troisi\u00e8me place pour <a href=\"https:\/\/www.europe1.fr\/sport\/formule-1-charles-leclerc-signe-la-pole-position-du-grand-prix-de-hongrie-devant-les-mclaren-de-piastri-et-norris-766371\" target=\"_blank\" rel=\"noopener\">Charles Leclerc<\/a> et la quatri\u00e8me pour Lewis Hamilton. Mais sur ce circuit de Mexico, le danger pour la Scuderia, mais aussi pour Mercedes, est la gestion des pneus qui peut se r\u00e9v\u00e9ler difficile avec la chaleur.<\/p>\n<p>    La suite apr\u00e8s cette publicit\u00e9<\/p>\n<p>    La suite apr\u00e8s cette publicit\u00e9<\/p>\n<p>Un circuit \u00e0 plus de 2.200 m\u00e8tres d&rsquo;altitude\u00a0<\/p>\n<p>Ce week-end, les 20 pilotes vont disputer un des Grands Prix avec les conditions les plus atypiques de la saison. Le circuit de Mexico est situ\u00e9 \u00e0 2.285 m\u00e8tres d&rsquo;altitude, l&rsquo;air se rar\u00e9fie ce qui r\u00e9duit la tra\u00een\u00e9e. Ce qui signifie que la voiture est plus rapide. Mais l&rsquo;altitude a des cons\u00e9quences sur le moteur, qui tourne plus vite, chauffe plus et doit donc \u00eatre refroidi plus qu&rsquo;\u00e0 l&rsquo;accoutum\u00e9e. Un casse-t\u00eate pour les \u00e9quipes qui doivent trouver les bons r\u00e9glages pour rester comp\u00e9titives.\u00a0<\/p>\n<p>Le trac\u00e9 de Mexico est long de 4,304km et il est compos\u00e9 de 17 virages. Les pilotes devront couvrir un total de 71 tours pour voir le drapeau \u00e0 damier. Max Verstappen aime particuli\u00e8rement ce circuit puisqu&rsquo;il est le pilote qui s&rsquo;y est le plus impos\u00e9, avec cinq victoires. Le dernier vainqueur en date reste Carlos Sainz, alors en pilote Ferrari.\u00a0<\/p>\n<p>    La suite apr\u00e8s cette publicit\u00e9<\/p>\n<p>Ce vendredi ont lieu les deux premi\u00e8res s\u00e9ances d&rsquo;essais de ce week-end de course, \u00e0 20h30 et \u00e0 00h, \u00e0 suivre sur Canal+ Sport. Samedi, la troisi\u00e8me s\u00e9ance d&rsquo;essais libres se d\u00e9roulera \u00e0 partir de 19h30 et les qualifications d\u00e8s 23h, toujours sur Canal+ Sport.\u00a0<\/p>\n<p>Dimanche, vous pourrez retrouver les derni\u00e8res informations avant le d\u00e9part de cette course dans le magazine\u00a0La Grille, \u00e0 partir de 19h55. Les feux s&rsquo;\u00e9teindront d\u00e8s 21h et cette course sera \u00e0 suivre sur Canal+ Sport 360 mais aussi en clair sur Cstar. Le magazine\u00a0Formula One\u00a0fera le d\u00e9brief de ce Grand Prix sur Canal+ Sport 360.\u00a0\u00a0<\/p>\n<p>\u00a0<\/p>\n","protected":false},"excerpt":{"rendered":"Apr\u00e8s le Texas, direction le Mexique pour la Formule 1 \u00e0 l&rsquo;occasion du 20e rendez-vous de cette saison&hellip;\n","protected":false},"author":2,"featured_media":487126,"comment_status":"","ping_status":"","sticky":false,"template":"","format":"standard","meta":{"footnotes":""},"categories":[1412],"tags":[1451,1452,1453,1454,1455,1011,27,60],"class_list":{"0":"post-487125","1":"post","2":"type-post","3":"status-publish","4":"format-standard","5":"has-post-thumbnail","7":"category-f1","8":"tag-f1","9":"tag-formula-1","10":"tag-formula1","11":"tag-formule-1","12":"tag-formule1","13":"tag-fr","14":"tag-france","15":"tag-sports"},"share_on_mastodon":{"url":"https:\/\/pubeurope.com\/@fr\/115429992307166059","error":""},"_links":{"self":[{"href":"https:\/\/www.europesays.com\/fr\/wp-json\/wp\/v2\/posts\/487125","targetHints":{"allow":["GET"]}}],"collection":[{"href":"https:\/\/www.europesays.com\/fr\/wp-json\/wp\/v2\/posts"}],"about":[{"href":"https:\/\/www.europesays.com\/fr\/wp-json\/wp\/v2\/types\/post"}],"author":[{"embeddable":true,"href":"https:\/\/www.europesays.com\/fr\/wp-json\/wp\/v2\/users\/2"}],"replies":[{"embeddable":true,"href":"https:\/\/www.europesays.com\/fr\/wp-json\/wp\/v2\/comments?post=487125"}],"version-history":[{"count":0,"href":"https:\/\/www.europesays.com\/fr\/wp-json\/wp\/v2\/posts\/487125\/revisions"}],"wp:featuredmedia":[{"embeddable":true,"href":"https:\/\/www.europesays.com\/fr\/wp-json\/wp\/v2\/media\/487126"}],"wp:attachment":[{"href":"https:\/\/www.europesays.com\/fr\/wp-json\/wp\/v2\/media?parent=487125"}],"wp:term":[{"taxonomy":"category","embeddable":true,"href":"https:\/\/www.europesays.com\/fr\/wp-json\/wp\/v2\/categories?post=487125"},{"taxonomy":"post_tag","embeddable":true,"href":"https:\/\/www.europesays.com\/fr\/wp-json\/wp\/v2\/tags?post=487125"}],"curies":[{"name":"wp","href":"https:\/\/api.w.org\/{rel}","templated":true}]}}