{"id":487135,"date":"2025-10-24T16:08:27","date_gmt":"2025-10-24T16:08:27","guid":{"rendered":"https:\/\/www.europesays.com\/fr\/487135\/"},"modified":"2025-10-24T16:08:27","modified_gmt":"2025-10-24T16:08:27","slug":"chambery-dedicace-de-morgan-tardy-a-la-librairie-garin","status":"publish","type":"post","link":"https:\/\/www.europesays.com\/fr\/487135\/","title":{"rendered":"Chamb\u00e9ry. D\u00e9dicace de Morgan Tardy \u00e0 la librairie Garin"},"content":{"rendered":"<p>Morgan Tardy sera en d\u00e9dicace \u00e0 la librairie Garin pour son livre Iridium , \u00e9ditions Ma\u00efa. Le pitch\u00a0: \u201cAn 2049, alors que notre soci\u00e9t\u00e9 s\u2019est d\u00e9grad\u00e9e du point de vue climatique et \u00e9conomique, Fran\u00e7ois, un \u00e9crivain modeste et fait la rencontre d\u2019un individu gravement bless\u00e9. Alors qu\u2019il le recueille chez lui, l\u2019individu lui fait soudainement une r\u00e9v\u00e9lation des plus inattendues en pr\u00e9textant qu\u2019ils sont en danger et qu\u2019ils doivent fuir imm\u00e9diatement\u2026\u201d<\/p>\n<p class=\"note\">Litt\u00e9rature. Samedi 25\u00a0octobre de 15\u00a0h \u00e0 18\u00a0h \u00e0 la librairie Garin. Entr\u00e9e libre.<\/p>\n","protected":false},"excerpt":{"rendered":"Morgan Tardy sera en d\u00e9dicace \u00e0 la librairie Garin pour son livre Iridium , \u00e9ditions Ma\u00efa. Le pitch\u00a0:&hellip;\n","protected":false},"author":2,"featured_media":487136,"comment_status":"","ping_status":"","sticky":false,"template":"","format":"standard","meta":{"footnotes":""},"categories":[1357],"tags":[1379,5509,12844,6211,1687,58,7001,59,1011,27,1380,5486],"class_list":{"0":"post-487135","1":"post","2":"type-post","3":"status-publish","4":"format-standard","5":"has-post-thumbnail","7":"category-livres","8":"tag-books","9":"tag-chambery","10":"tag-chambery-bassin","11":"tag-conference","12":"tag-culture-loisirs","13":"tag-divertissement","14":"tag-edition-chambery-aix-les-bains","15":"tag-entertainment","16":"tag-fr","17":"tag-france","18":"tag-livres","19":"tag-rencontre"},"share_on_mastodon":{"url":"https:\/\/pubeurope.com\/@fr\/115430012132361879","error":""},"_links":{"self":[{"href":"https:\/\/www.europesays.com\/fr\/wp-json\/wp\/v2\/posts\/487135","targetHints":{"allow":["GET"]}}],"collection":[{"href":"https:\/\/www.europesays.com\/fr\/wp-json\/wp\/v2\/posts"}],"about":[{"href":"https:\/\/www.europesays.com\/fr\/wp-json\/wp\/v2\/types\/post"}],"author":[{"embeddable":true,"href":"https:\/\/www.europesays.com\/fr\/wp-json\/wp\/v2\/users\/2"}],"replies":[{"embeddable":true,"href":"https:\/\/www.europesays.com\/fr\/wp-json\/wp\/v2\/comments?post=487135"}],"version-history":[{"count":0,"href":"https:\/\/www.europesays.com\/fr\/wp-json\/wp\/v2\/posts\/487135\/revisions"}],"wp:featuredmedia":[{"embeddable":true,"href":"https:\/\/www.europesays.com\/fr\/wp-json\/wp\/v2\/media\/487136"}],"wp:attachment":[{"href":"https:\/\/www.europesays.com\/fr\/wp-json\/wp\/v2\/media?parent=487135"}],"wp:term":[{"taxonomy":"category","embeddable":true,"href":"https:\/\/www.europesays.com\/fr\/wp-json\/wp\/v2\/categories?post=487135"},{"taxonomy":"post_tag","embeddable":true,"href":"https:\/\/www.europesays.com\/fr\/wp-json\/wp\/v2\/tags?post=487135"}],"curies":[{"name":"wp","href":"https:\/\/api.w.org\/{rel}","templated":true}]}}