{"id":487139,"date":"2025-10-24T16:10:13","date_gmt":"2025-10-24T16:10:13","guid":{"rendered":"https:\/\/www.europesays.com\/fr\/487139\/"},"modified":"2025-10-24T16:10:13","modified_gmt":"2025-10-24T16:10:13","slug":"absurde-et-sterile-femme-de-sarkozy-carla-bruni-100-franche-sur-la-chanteuse-annoncee-au-stade-de-france","status":"publish","type":"post","link":"https:\/\/www.europesays.com\/fr\/487139\/","title":{"rendered":"\u00ab\u00a0absurde et st\u00e9rile\u00a0\u00bb, femme de Sarkozy, Carla Bruni 100% franche sur la chanteuse annonc\u00e9e au Stade de France"},"content":{"rendered":"<p>Par <a class=\"author_recette\" id=\"author_name\" href=\"https:\/\/www.nextplz.fr\/auteur\/laurent-fourviere\" rel=\"nofollow noopener\" target=\"_blank\">Laurent<br \/>\nFourvi\u00e8re<\/a> &#8211;<br \/>\nPubli\u00e9 le 24 Oct 2025 \u00e0<br \/>\n17:06 &#8211; Modifi\u00e9 le 24 Oct 2025 \u00e0 17:23<\/p>\n<p class=\"article-intro excerpt\">Sans filtre, Carla Bruni, n\u2019a pas<br \/>\nh\u00e9sit\u00e9 \u00e0 dire le fond de sa pens\u00e9e au sujet Aya Nakamura qui<br \/>\ns\u2019appr\u00eate \u00e0 sortir un nouvel album.<\/p>\n<p><img width=\"750\" height=\"410\" src=\"https:\/\/www.europesays.com\/fr\/wp-content\/uploads\/2025\/10\/aya-nakamura-absurde-et-sterile-femme-de-sarkozy-carla-bruni-100-franche-sur-la-chanteuse-annoncee-a.jpeg\" class=\"img-responsive alignnone size-full pinit-here zoom-it\" alt=\"aya-nakamura-absurde-et-sterile-femme-de-sarkozy-carla-bruni-100-franche-sur-la-chanteuse-annoncee-au-stade-de-france\" fetchpriority=\"high\" data-lazyloading=\"false\" decoding=\"async\"\/><\/p>\n<p>\u00a9 Abdullah<br \/>\nFiras\/ABACA\/Shutterstock<\/p>\n<p>Aya Nakamura ne fait pas l\u2019unanimit\u00e9, mais \u00e7a ne l\u2019emp\u00eache pas<br \/>\nde rencontrer un incroyable succ\u00e8s. Depuis plusieurs ann\u00e9es, la<br \/>\nchanteuse trace son chemin dans l\u2019univers musical avec des titres \u00e0<br \/>\nsucc\u00e8s. Que ce soit Djadja, Pookie ou encore<br \/>\nLa dot, elle a trouv\u00e9 la formule et ne cesse de gagner en<br \/>\npopularit\u00e9. Ce qui permet \u00e0 cette derni\u00e8re de se hisser au niveau<br \/>\nparmi les artistes les plus populaires en France, mais aussi \u00e0<br \/>\nl\u2019\u00e9tranger, notamment aux Pays-Bas o\u00f9 elle a marqu\u00e9 l\u2019histoire des<br \/>\nartistes francophones. Et l\u00a0\u00bbinterpr\u00e8te de Baddies n\u2019est<br \/>\npas pr\u00e8s de s\u2019arr\u00eater maintenant.<\/p>\n<p>Aya Nakamura<br \/>\nde retour avec un tout nouvel album<\/p>\n<p>Voil\u00e0 une annonce qui a d\u00fb r\u00e9jouir les nombreux fans d\u2019Aya<br \/>\nNakamura. En effet, la chanteuse s\u2019appr\u00eate \u00e0 sortir un nouvel<br \/>\nalbum. <strong>Le cinqui\u00e8me de sa carri\u00e8re solo intitul\u00e9<br \/>\nDestin\u00e9e<\/strong> qui sera disponible \u00e0 partir du<br \/>\n<strong>21 novembre prochain<\/strong>. Mais ce n\u2019est pas la seule<br \/>\nbonne nouvelle. Pour le plus grand plaisir de ses fans,<br \/>\nl\u2019interpr\u00e8te de Copines a \u00e9galement annonc\u00e9 <strong>une<br \/>\ndate de concert au Stade de France \u00e0 Paris le 29 mai 2026<\/strong>.<br \/>\nAvec ce concert, Aya Nakamura devient la deuxi\u00e8me artiste f\u00e9minine<br \/>\nfran\u00e7aise \u00e0 se produire dans le Stade apr\u00e8s Myl\u00e8ne Farmer.<br \/>\n\u201c<strong>Je suis tellement heureuse de revenir avec un nouvel<br \/>\nalbum<\/strong> qui me ressemble et de pouvoir enfin le partager<br \/>\navec mon public. &lsquo;Destin\u00e9e&rsquo; c\u2019est une partie de moi, et annoncer le<br \/>\nStade de France, c\u2019est comme boucler une boucle. <strong>J\u2019ai h\u00e2te<br \/>\nde vivre tout \u00e7a avec vous<\/strong>\u201d, a d\u00e9clar\u00e9 la chanteuse<br \/>\ndans un communiqu\u00e9. Un rendez-vous que ses haters n\u2019ont pas h\u00e2te de<br \/>\nvivre. Toutefois, la reine de l\u2019afrobeat pourra compter sur le<br \/>\nsoutien de nombreuses personnes, comme Carla Bruni.<\/p>\n<p>Carla Bruni sans<br \/>\nd\u00e9tour sur Aya Nakamura<\/p>\n<p>Aya Nakamura n\u2019a pas la vie facile. Malgr\u00e9 sa popularit\u00e9 et ses<br \/>\nnombreux succ\u00e8s musicaux, la chanteuse est tr\u00e8s souvent au c\u0153ur des<br \/>\ncritiques. <a href=\"https:\/\/www.nextplz.fr\/people\/507477-injure-publique-aggravee-dix-militants-identitaires-ecopent-damendes-pour-injures-envers-aya-nakamura\" rel=\"nofollow noopener\" target=\"_blank\"><br \/>\nUne vague de haine qui a atteint les sommets<\/a> durant les JO de<br \/>\nParis 2024. Pour cet \u00e9v\u00e9nement, Emmanuel Macron avait mis sa<br \/>\nconfiance dans l\u2019artiste pour le show d\u2019ouverture. <strong>Un choix<br \/>\nqui n\u2019avait pas manqu\u00e9 de provoquer la col\u00e8re de nombreux<br \/>\nFran\u00e7ais.<\/strong> De nombreuses personnes avaient exprim\u00e9 leur<br \/>\nopposition. Un m\u00e9contentement qui avait m\u00eame donn\u00e9 naissance \u00e0<br \/>\n<strong>des insultes racistes<\/strong>.<\/p>\n<p>Face \u00e0 l\u2019acharnement, Carla Bruni n\u2019avait pas manqu\u00e9 de r\u00e9agir.<br \/>\nEn effet, l<strong>a femme de Nicolas Sarkozy a apport\u00e9 son soutien<br \/>\n\u00e0 Aya Nakamura.<\/strong> Sur les r\u00e9seaux sociaux, elle avait<br \/>\npartag\u00e9 un clich\u00e9 de la chanteuse v\u00eatue d\u2019un maillot de l\u2019\u00e9quipe de<br \/>\nFrance de football. Une publication qu\u2019elle avait accompagn\u00e9e de<br \/>\ntrois drapeaux de la France suivis d\u2019un c\u0153ur. Un geste fort pour<br \/>\nrappeler que la chanteuse est fran\u00e7aise malgr\u00e9 ses origines. Mais<br \/>\nce n\u2019\u00e9tait pas la seule fois o\u00f9 Carla Bruni a d\u00e9cid\u00e9 de prendre la<br \/>\nd\u00e9fense de l\u2019interpr\u00e8te de Djadja.<\/p>\n<p>\u201cOn ne peut pas<br \/>\nmettre d&rsquo;\u00e9tiquette aux artistes\u201d<\/p>\n<p>Lors d\u2019une interview avec le Vanity Fair en juillet 2024,<br \/>\n<a href=\"https:\/\/www.nextplz.fr\/people\/512501-nicolas-sarkozy-malgre-son-incarceration-carla-bruni-lui-en-veut-pour-cet-acte-impardonnable-quil-paye-encore\" rel=\"nofollow noopener\" target=\"_blank\"><br \/>\nla femme de Nicolas Sarkozy<\/a> a une nouvelle fois pris la d\u00e9fense<br \/>\nde la chanteuse. En effet, la quinquag\u00e9naire n\u2019avait pas cach\u00e9 son<br \/>\nincompr\u00e9hension face \u00e0 toute la haine dont faisait face Aya<br \/>\nNakamura. \u201c<strong>Je trouve la plupart de ces pol\u00e9miques<br \/>\nabsurdes et st\u00e9riles<\/strong>\u201d, avait-elle d\u00e9clar\u00e9. Avant de<br \/>\npoursuivre : \u201cOn ne peut pas mettre d&rsquo;\u00e9tiquette aux artistes et<br \/>\nles faire rentrer dans une cat\u00e9gorie plut\u00f4t que dans une<br \/>\nautre\u201d. Et de conclure : \u201c<strong>Nous sommes et resterons<br \/>\nlibres de chanter comme bon nous semble<\/strong>. Notre travail ne<br \/>\nporte pas forc\u00e9ment sur un message, il n&rsquo;a pas de drapeau ou de<br \/>\nnationalit\u00e9. La musique est un monde \u00e0 part.\u201d Voil\u00e0 qui est<br \/>\ndit.<\/p>\n","protected":false},"excerpt":{"rendered":"Par Laurent Fourvi\u00e8re &#8211; Publi\u00e9 le 24 Oct 2025 \u00e0 17:06 &#8211; Modifi\u00e9 le 24 Oct 2025 \u00e0&hellip;\n","protected":false},"author":2,"featured_media":487140,"comment_status":"","ping_status":"","sticky":false,"template":"","format":"standard","meta":{"footnotes":""},"categories":[1355],"tags":[21303,58,59,1011,27,1361,873],"class_list":{"0":"post-487139","1":"post","2":"type-post","3":"status-publish","4":"format-standard","5":"has-post-thumbnail","7":"category-musique","8":"tag-buzz_nonli","9":"tag-divertissement","10":"tag-entertainment","11":"tag-fr","12":"tag-france","13":"tag-music","14":"tag-musique"},"share_on_mastodon":{"url":"https:\/\/pubeurope.com\/@fr\/115430019857722578","error":""},"_links":{"self":[{"href":"https:\/\/www.europesays.com\/fr\/wp-json\/wp\/v2\/posts\/487139","targetHints":{"allow":["GET"]}}],"collection":[{"href":"https:\/\/www.europesays.com\/fr\/wp-json\/wp\/v2\/posts"}],"about":[{"href":"https:\/\/www.europesays.com\/fr\/wp-json\/wp\/v2\/types\/post"}],"author":[{"embeddable":true,"href":"https:\/\/www.europesays.com\/fr\/wp-json\/wp\/v2\/users\/2"}],"replies":[{"embeddable":true,"href":"https:\/\/www.europesays.com\/fr\/wp-json\/wp\/v2\/comments?post=487139"}],"version-history":[{"count":0,"href":"https:\/\/www.europesays.com\/fr\/wp-json\/wp\/v2\/posts\/487139\/revisions"}],"wp:featuredmedia":[{"embeddable":true,"href":"https:\/\/www.europesays.com\/fr\/wp-json\/wp\/v2\/media\/487140"}],"wp:attachment":[{"href":"https:\/\/www.europesays.com\/fr\/wp-json\/wp\/v2\/media?parent=487139"}],"wp:term":[{"taxonomy":"category","embeddable":true,"href":"https:\/\/www.europesays.com\/fr\/wp-json\/wp\/v2\/categories?post=487139"},{"taxonomy":"post_tag","embeddable":true,"href":"https:\/\/www.europesays.com\/fr\/wp-json\/wp\/v2\/tags?post=487139"}],"curies":[{"name":"wp","href":"https:\/\/api.w.org\/{rel}","templated":true}]}}