{"id":487143,"date":"2025-10-24T16:12:20","date_gmt":"2025-10-24T16:12:20","guid":{"rendered":"https:\/\/www.europesays.com\/fr\/487143\/"},"modified":"2025-10-24T16:12:20","modified_gmt":"2025-10-24T16:12:20","slug":"pourquoi-les-cheveux-deviennent-gris-avec-lage","status":"publish","type":"post","link":"https:\/\/www.europesays.com\/fr\/487143\/","title":{"rendered":"Pourquoi les cheveux deviennent gris avec l\u2019\u00e2ge ?"},"content":{"rendered":"<p>             <a href=\"https:\/\/ma-sante.news\/wp-content\/uploads\/2025\/10\/Et-si-vos-cheveux-gris-etaient-le-signe-dune-defense-naturelle-contre-le-cancer-Ma-Sante-.jpg\" data-caption=\"M\u00eame plus peur de se faire des cheveux blancs, non ? \u00a9 Freepik\" rel=\"nofollow noopener\" target=\"_blank\"><img loading=\"lazy\" decoding=\"async\" width=\"696\" height=\"392\" class=\"entry-thumb td-modal-image ewww_webp_lazy_load\" src=\"data:image\/svg+xml,%3Csvg%20xmlns=\" http:=\"\" data-lazy- data-lazy- alt=\"Un homme qui montre ses cheveux gris, signe de d\u00e9fense contre le cancer.\" title=\"Et si vos cheveux gris e\u0301taient le signe d\u2019une de\u0301fense naturelle contre le cancer Ma Sante\u0301\" data-lazy-src=\"https:\/\/www.europesays.com\/fr\/wp-content\/uploads\/2025\/10\/Et-si-vos-cheveux-gris-etaient-le-signe-dune-defense-naturelle-contre-le-cancer-Ma-Sante--696x392.jp.jpeg\" data-lazy-src-webp=\"https:\/\/www.europesays.com\/fr\/wp-content\/uploads\/2025\/10\/Et-si-vos-cheveux-gris-etaient-le-signe-dune-defense-naturelle-contre-le-cancer-Ma-Sante--696x392.jp.jpeg.webp\" data-lazy-srcset-webp=\"https:\/\/www.europesays.com\/fr\/wp-content\/uploads\/2025\/10\/Et-si-vos-cheveux-gris-etaient-le-signe-dune-defense-naturelle-contre-le-cancer-Ma-Sante--696x392.jp.jpeg.webp 696w, https:\/\/ma-sante.news\/wp-content\/uploads\/2025\/10\/Et-si-vos-cheveux-gris-etaient-le-signe-dune-defense-naturelle-contre-le-cancer-Ma-Sante--300x169.jpg.webp 300w, https:\/\/ma-sante.news\/wp-content\/uploads\/2025\/10\/Et-si-vos-cheveux-gris-etaient-le-signe-dune-defense-naturelle-contre-le-cancer-Ma-Sante--768x432.jpg.webp 768w, https:\/\/ma-sante.news\/wp-content\/uploads\/2025\/10\/Et-si-vos-cheveux-gris-etaient-le-signe-dune-defense-naturelle-contre-le-cancer-Ma-Sante--747x420.jpg.webp 747w, https:\/\/ma-sante.news\/wp-content\/uploads\/2025\/10\/Et-si-vos-cheveux-gris-etaient-le-signe-dune-defense-naturelle-contre-le-cancer-Ma-Sante-.jpg.webp 800w\"\/><\/a>M\u00eame plus peur de se faire des cheveux blancs, non ? \u00a9 Freepik                                    \t\t\t             <a class=\"gofollow\" data-track=\"MjgsMCw2MA==\" href=\"https:\/\/ma-sante.news\/inscrivez-vous-a-notre-newsletter\/\" rel=\"nofollow noopener\" target=\"_blank\"><img loading=\"lazy\" decoding=\"async\" width=\"1068\" height=\"131\" src=\"data:image\/svg+xml,%3Csvg%20xmlns=\" http:=\"\" data-lazy-src=\"https:\/\/www.europesays.com\/fr\/wp-content\/uploads\/2025\/03\/banniere-newsletter.png\"\/><\/a> <\/p>\n<p>On l\u2019a tous remarqu\u00e9 un jour dans le miroir, <a href=\"https:\/\/ma-sante.news\/beaute-cheveux-blancs-remede-repousser-apparition-lyon-auvergne-rhone-alpes\/\" rel=\"nofollow noopener\" target=\"_blank\">la premi\u00e8re m\u00e8che blanche<\/a> <a href=\"https:\/\/ma-sante.news\/beaute-cheveux-blancs-remede-repousser-apparition-lyon-auvergne-rhone-alpes\/\" rel=\"nofollow noopener\" target=\"_blank\">qui s\u2019invite<\/a>, discr\u00e8tement mais s\u00fbrement. On se dit \u00ab tiens, je vieillis \u00bb. Pourtant, derri\u00e8re cette transformation capillaire anodine se cache une v\u00e9ritable m\u00e9canique biologique.<\/p>\n<p>La couleur de nos cheveux vient de petites cellules nomm\u00e9es m\u00e9lanocytes, log\u00e9es dans le follicule pileux. Ce sont elles qui fabriquent la m\u00e9lanine, ce pigment qui colore nos cheveux, nos yeux et notre peau. Sauf qu\u2019avec le temps, leurs cellules \u201cm\u00e8res\u201d, les cellules souches pigmentaires (ou Melanocyte Stem Cells), s\u2019usent. Elles finissent par ne plus produire assez de pigment, et la chevelure s\u2019\u00e9claircit.<\/p>\n<p>Jusqu\u2019ici, tout semblait tr\u00e8s logique, c\u2019est la vie, tout simplement. Mais voil\u00e0 que des chercheurs de l\u2019Universit\u00e9 de Tokyo viennent bouleverser cette id\u00e9e re\u00e7ue.<\/p>\n<p>        Le grisonnement, une strat\u00e9gie du corps pour se prot\u00e9ger ?    <\/p>\n<p>L\u2019\u00e9tude, dirig\u00e9e par la professeure Emi Nishimura, a \u00e9t\u00e9<a href=\"https:\/\/www.nature.com\/articles\/s41556-025-01769-9\" rel=\"nofollow noopener\" target=\"_blank\"> publi\u00e9e en octobre 2025 dans Nature Cell Biology<\/a>. Les chercheurs se sont int\u00e9ress\u00e9s \u00e0 ce qui se passe lorsque ces fameuses cellules souches pigmentaires sont expos\u00e9es \u00e0 des dommages de l\u2019ADN. Ce qui arrive souvent avec le stress oxydatif, <a href=\"https:\/\/ma-sante.news\/dangers-des-uv-quand-le-soleil-ne-vous-veut-pas-du-bien\/\" rel=\"nofollow noopener\" target=\"_blank\">les UV<\/a> ou certaines substances canc\u00e9rig\u00e8nes.<\/p>\n<p>Et l\u00e0, surprise, ces cellules, au lieu de se r\u00e9parer co\u00fbte que co\u00fbte, choisissent parfois de s\u2019arr\u00eater net. Elles se transforment en cellules matures incapables de se diviser. En d\u2019autres termes, elles se \u00ab sacrifient \u00bb pour \u00e9viter de transmettre leurs anomalies g\u00e9n\u00e9tiques. Alors, <a href=\"https:\/\/ma-sante.news\/cheveux-blancs-pourquoi-cheveux-millenials-generation-z-blanchissent-plus-tot\/\" rel=\"nofollow noopener\" target=\"_blank\">les cheveux perdent leur couleur,<\/a> mais le corps \u00e9vite qu\u2019une cellule ab\u00eem\u00e9e ne devienne canc\u00e9reuse. C\u2019est ce que les scientifiques appellent la s\u00e9nodiff\u00e9renciation.\u00a0<\/p>\n<p>Un processus de vieillissement contr\u00f4l\u00e9, qui ressemble \u00e0 un geste de prudence de la part de l\u2019organisme. \u00ab Le grisonnement pourrait \u00eatre un signe visible d\u2019un m\u00e9canisme protecteur contre le cancer \u00bb, expliquent les auteurs dans Nature Cell Biology. En clair, si vos cheveux deviennent gris, ce serait peut-\u00eatre le reflet d\u2019un m\u00e9canisme de d\u00e9fense naturelle.\u00a0Incroyable !<\/p>\n<p>        Cheveux gris : attention, on ne parle pas d\u2019un \u201cbouclier anti-cancer\u201d    <\/p>\n<p>Avant d\u2019imaginer que vos cheveux argent\u00e9s vous prot\u00e8gent comme une armure, il faut rester lucide. Cette \u00e9tude a \u00e9t\u00e9 men\u00e9e sur des souris, pas sur des humains.<\/p>\n<p>Aucune donn\u00e9e \u00e9pid\u00e9miologique n\u2019indique aujourd\u2019hui que les personnes grisonnant t\u00f4t auraient moins de cancers. Et il ne s\u2019agit pas non plus de tous les types de cancers, mais plut\u00f4t de ceux li\u00e9s aux cellules pigmentaires, <a href=\"https:\/\/ma-sante.news\/melanome-nous-observons-une-augmentation-des-cancers-de-la-peau\/\" rel=\"nofollow noopener\" target=\"_blank\">comme le m\u00e9lanome cutan\u00e9<\/a>. Autrement dit, c\u2019est une piste biologique \u00e0 creuser, mais pas une v\u00e9rit\u00e9 universelle\u2026<\/p>\n<p>        Cheveux gris : une nouvelle fen\u00eatre sur le vieillissement cellulaire    <\/p>\n<p>Ce que cette \u00e9tude change, en revanche, c\u2019est <a href=\"https:\/\/ma-sante.news\/vieillissement-mais-pourquoi-causes-ralentir-rides\/\" rel=\"nofollow noopener\" target=\"_blank\">notre regard sur le vieillissement<\/a>. On d\u00e9couvre que certaines cellules, lorsqu\u2019elles se savent en danger, choisissent de s\u2019\u00e9teindre plut\u00f4t que de d\u00e9raper. C\u2019est une forme d\u2019auto-r\u00e9gulation, presque philosophique.<\/p>\n<p>Ce m\u00e9canisme n\u2019est pas sans rappeler celui de la s\u00e9nescence cellulaire, d\u00e9j\u00e0 bien connu des chercheurs. Des cellules qui, arriv\u00e9es \u00e0 un certain \u00e2ge ou trop endommag\u00e9es, arr\u00eatent volontairement de se multiplier pour \u00e9viter les erreurs g\u00e9n\u00e9tiques.<\/p>\n<p>L\u2019\u00e9quipe japonaise a ainsi mis en lumi\u00e8re une version \u00ab visible \u00bb de ce processus. Les cheveux gris seraient la signature ext\u00e9rieure de cette d\u00e9fense intime.<\/p>\n<p>        Des travaux qui rejoignent d\u2019autres grandes \u00e9tudes    <\/p>\n<p>Cette d\u00e9couverte ne sort pas de nulle part. <a href=\"https:\/\/www.nature.com\/articles\/s41586-020-1935-3\" target=\"_blank\" rel=\"noreferrer noopener nofollow\">En 2020, une \u00e9quipe de Harvard<\/a> avait d\u00e9j\u00e0 montr\u00e9 que le stress pouvait acc\u00e9l\u00e9rer le grisonnement en \u00e9puisant les cellules pigmentaires par le biais du syst\u00e8me nerveux. Trois ans plus tard, une autre \u00e9tude parue dans Nature r\u00e9v\u00e9lait que certaines de ces cellules se \u00ab perdaient \u00bb litt\u00e9ralement dans le follicule pileux au fil du temps, ce qui expliquait leur incapacit\u00e9 \u00e0 recolorer le cheveu.<\/p>\n<p>La recherche japonaise vient donc compl\u00e9ter le puzzle. Si nos cellules pigmentaires disparaissent, ce n\u2019est pas toujours une d\u00e9faillance, mais parfois une d\u00e9cision strat\u00e9gique du corps pour se prot\u00e9ger. Comme quoi, quand on dit qu\u2019on se fait des cheveux blancs, ce n\u2019est peut-\u00eatre pas qu\u2019une expression\u2026 c\u2019est juste notre corps qui prend un peu trop les choses \u00e0 c\u0153ur !<\/p>\n<blockquote class=\"wp-block-quote is-layout-flow wp-block-quote-is-layout-flow\">\n<p><strong>\u00c0 SAVOIR<\/strong><\/p>\n<p>Certains voient leurs cheveux blanchir plus t\u00f4t. On parle alors de grisonnement pr\u00e9matur\u00e9 : avant 20 ans chez les Caucasiens, 25 ans chez les Asiatiques et 30 ans chez les Africains. Dans de rares cas, quelques m\u00e8ches blanches peuvent m\u00eame surgir d\u00e8s l\u2019adolescence, parfois li\u00e9es \u00e0 des carences en vitamine B12 ou en cuivre, ou \u00e0 un stress oxydatif important.<\/p>\n<\/blockquote>\n<p>  <a class=\"gofollow\" data-track=\"MTIsMCw2MA==\" href=\"https:\/\/ma-sante.news\/annonceurs\/\" rel=\"nofollow noopener\" target=\"_blank\"><img loading=\"lazy\" decoding=\"async\" width=\"2560\" height=\"2133\" src=\"data:image\/svg+xml,%3Csvg%20xmlns=\" http:=\"\" data-lazy-src=\"https:\/\/www.europesays.com\/fr\/wp-content\/uploads\/2025\/03\/pub-annonceurs-4-scaled.jpg\"\/><\/a>    <img loading=\"lazy\" decoding=\"async\" width=\"755\" height=\"495\" src=\"data:image\/svg+xml,%3Csvg%20xmlns=\" http:=\"\" data-lazy-src=\"https:\/\/www.europesays.com\/fr\/wp-content\/uploads\/2025\/03\/Image1.jpg\" data-lazy-src-webp=\"https:\/\/www.europesays.com\/fr\/wp-content\/uploads\/2025\/03\/Image1.jpg.webp\" class=\"ewww_webp_lazy_load\"\/>Inscrivez-vous \u00e0 notre newsletter <br \/>Ma Sant\u00e9                      <\/p>\n","protected":false},"excerpt":{"rendered":"M\u00eame plus peur de se faire des cheveux blancs, non ? \u00a9 Freepik On l\u2019a tous remarqu\u00e9 un&hellip;\n","protected":false},"author":2,"featured_media":487144,"comment_status":"","ping_status":"","sticky":false,"template":"","format":"standard","meta":{"footnotes":""},"categories":[10],"tags":[11288,1011,27,72,28147,14463,71],"class_list":{"0":"post-487143","1":"post","2":"type-post","3":"status-publish","4":"format-standard","5":"has-post-thumbnail","7":"category-sante","8":"tag-cheveux","9":"tag-fr","10":"tag-france","11":"tag-health","12":"tag-mu00e9lanome","13":"tag-pru00e9vention-cancer","14":"tag-sante"},"share_on_mastodon":{"url":"https:\/\/pubeurope.com\/@fr\/115430027771504066","error":""},"_links":{"self":[{"href":"https:\/\/www.europesays.com\/fr\/wp-json\/wp\/v2\/posts\/487143","targetHints":{"allow":["GET"]}}],"collection":[{"href":"https:\/\/www.europesays.com\/fr\/wp-json\/wp\/v2\/posts"}],"about":[{"href":"https:\/\/www.europesays.com\/fr\/wp-json\/wp\/v2\/types\/post"}],"author":[{"embeddable":true,"href":"https:\/\/www.europesays.com\/fr\/wp-json\/wp\/v2\/users\/2"}],"replies":[{"embeddable":true,"href":"https:\/\/www.europesays.com\/fr\/wp-json\/wp\/v2\/comments?post=487143"}],"version-history":[{"count":0,"href":"https:\/\/www.europesays.com\/fr\/wp-json\/wp\/v2\/posts\/487143\/revisions"}],"wp:featuredmedia":[{"embeddable":true,"href":"https:\/\/www.europesays.com\/fr\/wp-json\/wp\/v2\/media\/487144"}],"wp:attachment":[{"href":"https:\/\/www.europesays.com\/fr\/wp-json\/wp\/v2\/media?parent=487143"}],"wp:term":[{"taxonomy":"category","embeddable":true,"href":"https:\/\/www.europesays.com\/fr\/wp-json\/wp\/v2\/categories?post=487143"},{"taxonomy":"post_tag","embeddable":true,"href":"https:\/\/www.europesays.com\/fr\/wp-json\/wp\/v2\/tags?post=487143"}],"curies":[{"name":"wp","href":"https:\/\/api.w.org\/{rel}","templated":true}]}}