{"id":487174,"date":"2025-10-24T16:30:34","date_gmt":"2025-10-24T16:30:34","guid":{"rendered":"https:\/\/www.europesays.com\/fr\/487174\/"},"modified":"2025-10-24T16:30:34","modified_gmt":"2025-10-24T16:30:34","slug":"podcast-avec-regis-brouard-rouge-et-bleu-revient-sur-le-derby-normand-entre-malherbe-et-le-fc-rouen","status":"publish","type":"post","link":"https:\/\/www.europesays.com\/fr\/487174\/","title":{"rendered":"[Podcast] Avec R\u00e9gis Brouard, \u00ab Rouge et Bleu \u00bb revient sur le derby normand entre Malherbe et le FC Rouen"},"content":{"rendered":"<p>&#13;<br \/>\n    &#13;<\/p>\n<p>            <a href=\"https:\/\/www.footnormand.fr\/\" target=\"_blank\" rel=\"noopener\">Accueil<\/a> \/ <a href=\"https:\/\/www.footnormand.fr\/actualites\/\" target=\"_blank\" rel=\"noopener\">Actualit\u00e9s<\/a> \/ <a href=\"https:\/\/www.footnormand.fr\/club\/sm-caen\/\" target=\"_blank\" rel=\"noopener\">SM Caen<\/a> \/ [Podcast] Avec R\u00e9gis Brouard, \u00ab Rouge et Bleu \u00bb revient sur le derby normand entre Malherbe et le FC Rouen<br \/>\n        &#13;<\/p>\n<p>&#13;<br \/>\n                Au programme du 5e \u00e9pisode de la saison 4 du podcast Ouest France &#8211; Sweet FM            <\/p>\n<p>&#13;<\/p>\n<p>&#13;<br \/>\n                    Publi\u00e9 le 24 octobre 2025                <\/p>\n<p>                    &#13;<br \/>\n    &#13;<br \/>\n&#13;<\/p>\n<p>            72 heures apr\u00e8s le partage des points entre le Stade Malherbe et le FCR (1-1), \u00ab Rouge et Bleu \u00bb d\u00e9crypte le derby normand avec comme invit\u00e9 R\u00e9gis Brouard, l&rsquo;actuel entra\u00eeneur des \u00ab Diables Rouges \u00bb et ancien milieu de terrain du SMC dans les ann\u00e9es 1990. Son regard sur l&rsquo;\u00e9quipe caennaise, qui n&rsquo;a toujours pas trouv\u00e9 sa vitesse de croisi\u00e8re alors qu&rsquo;on en est d\u00e9j\u00e0 au tiers de la saison, l&rsquo;ambiance exceptionnelle \u00e0 d&rsquo;Ornano, mardi soir, o\u00f9 plus de 17 000 spectateurs \u00e9taient pr\u00e9sents, les recettes pour performer en National, lui qui a remport\u00e9 ce championnat en 2018, \u00e0 la t\u00eate du Red Star&#8230; Le technicien normand est revenu sur tous ces th\u00e8mes dans <a href=\"https:\/\/www.ouest-france.fr\/sport\/football\/sm-caen\/podcast-sm-caen-apres-le-derby-face-au-fc-rouen-regis-brouard-est-linvite-de-rouge-et-bleu-2d0e0d8a-b0ee-11f0-a47e-021647b6acef\" target=\"_blank\" rel=\"noopener\">le podcast propos\u00e9 par Ouest France et Sweet FM<\/a>, et auquel notre r\u00e9daction collabore. Le coach rouennais a \u00e9galement \u00e9voqu\u00e9 les ambitions de son club qui ne se cache plus avec l&rsquo;objectif de monter en Ligue 2&#8230; Bonne \u00e9coute.        &#13;<br \/>\n    &#13;<\/p>\n<p>        <img fetchpriority=\"high\" width=\"1300\" height=\"915\" src=\"https:\/\/www.europesays.com\/fr\/wp-content\/uploads\/2025\/10\/podcast_rouge__bleu_regis_brouard.jpg\" class=\"attachment-post-thumbnail size-post-thumbnail wp-post-image\" alt=\"Ex-joueur du Stade Malherbe, de 1995 \u00e0 1997, R\u00e9gis Brouard a effectu\u00e9 son retour, mardi soir, \u00e0 d'Ornano. \u00a9Damien Deslandes\" decoding=\"async\"  \/><\/p>\n<p>Ex-joueur du Stade Malherbe, de 1995 \u00e0 1997, R\u00e9gis Brouard a effectu\u00e9 son retour, mardi soir, \u00e0 d&rsquo;Ornano. \u00a9Damien Deslandes<\/p>\n<p>    &#13;<br \/>\n&#13;<br \/>\n    &#13;<br \/>\n&#13;<br \/>\n    &#13;<br \/>\n        Cat\u00e9gories: <a href=\"https:\/\/www.footnormand.fr\/club\/sm-caen\/\" rel=\"category tag noopener\" target=\"_blank\">SM Caen<\/a>    &#13;<\/p>\n","protected":false},"excerpt":{"rendered":"&#13; &#13; Accueil \/ Actualit\u00e9s \/ SM Caen \/ [Podcast] Avec R\u00e9gis Brouard, \u00ab Rouge et Bleu \u00bb&hellip;\n","protected":false},"author":2,"featured_media":487175,"comment_status":"","ping_status":"","sticky":false,"template":"","format":"standard","meta":{"footnotes":""},"categories":[9587],"tags":[1111,11,1777,674,1011,27,12,5161,2927,25,9590],"class_list":{"0":"post-487174","1":"post","2":"type-post","3":"status-publish","4":"format-standard","5":"has-post-thumbnail","7":"category-rouen","8":"tag-actu","9":"tag-actualites","10":"tag-eu","11":"tag-europe","12":"tag-fr","13":"tag-france","14":"tag-news","15":"tag-normandie","16":"tag-podcasts","17":"tag-republique-francaise","18":"tag-rouen"},"share_on_mastodon":{"url":"https:\/\/pubeurope.com\/@fr\/115430099223528725","error":""},"_links":{"self":[{"href":"https:\/\/www.europesays.com\/fr\/wp-json\/wp\/v2\/posts\/487174","targetHints":{"allow":["GET"]}}],"collection":[{"href":"https:\/\/www.europesays.com\/fr\/wp-json\/wp\/v2\/posts"}],"about":[{"href":"https:\/\/www.europesays.com\/fr\/wp-json\/wp\/v2\/types\/post"}],"author":[{"embeddable":true,"href":"https:\/\/www.europesays.com\/fr\/wp-json\/wp\/v2\/users\/2"}],"replies":[{"embeddable":true,"href":"https:\/\/www.europesays.com\/fr\/wp-json\/wp\/v2\/comments?post=487174"}],"version-history":[{"count":0,"href":"https:\/\/www.europesays.com\/fr\/wp-json\/wp\/v2\/posts\/487174\/revisions"}],"wp:featuredmedia":[{"embeddable":true,"href":"https:\/\/www.europesays.com\/fr\/wp-json\/wp\/v2\/media\/487175"}],"wp:attachment":[{"href":"https:\/\/www.europesays.com\/fr\/wp-json\/wp\/v2\/media?parent=487174"}],"wp:term":[{"taxonomy":"category","embeddable":true,"href":"https:\/\/www.europesays.com\/fr\/wp-json\/wp\/v2\/categories?post=487174"},{"taxonomy":"post_tag","embeddable":true,"href":"https:\/\/www.europesays.com\/fr\/wp-json\/wp\/v2\/tags?post=487174"}],"curies":[{"name":"wp","href":"https:\/\/api.w.org\/{rel}","templated":true}]}}