{"id":487180,"date":"2025-10-24T16:34:11","date_gmt":"2025-10-24T16:34:11","guid":{"rendered":"https:\/\/www.europesays.com\/fr\/487180\/"},"modified":"2025-10-24T16:34:11","modified_gmt":"2025-10-24T16:34:11","slug":"aux-urgences-on-essaie-de-faire-rentrer-des-ronds-dans-des-carres-la-nouvelle-directrice-du-chu-de-rennes-prend-la-parole-pour-la-premiere-fois","status":"publish","type":"post","link":"https:\/\/www.europesays.com\/fr\/487180\/","title":{"rendered":"\u00ab\u00a0Aux urgences, on essaie de faire rentrer des ronds dans des carr\u00e9s\u00a0\u00bb\u00a0: la nouvelle directrice du CHU de Rennes prend la parole pour la premi\u00e8re fois"},"content":{"rendered":"<p>Cela fait un mois et demi que vous \u00eates entr\u00e9e en fonction comme directrice g\u00e9n\u00e9rale du CHU de Rennes. Quelles sont vos premi\u00e8res impressions ?<\/p>\n<p>Je n\u2019ai pas vu le temps passer. J\u2019ai \u00e9t\u00e9 tr\u00e8s bien accueillie par les \u00e9quipes du CHU. Ces six semaines de pr\u00e9sence au CHU m\u2019ont confort\u00e9 dans cette conviction d\u2019\u00eatre dans un \u00e9tablissement qui a une tr\u00e8s forte dynamique. Il y a beaucoup d\u2019expertise au CHU de Rennes, avec des \u00e9quipes m\u00e9dicales qui ont des capacit\u00e9s \u00e0 faire des actes m\u00e9dicaux incroyables. Dans mes premi\u00e8res visites de services, je vois cette dynamique \u00e0 l\u2019\u0153uvre. Ce qui me frappe aussi, c\u2019est la dynamique de l\u2019\u00e9cosyst\u00e8me avec une qualit\u00e9 de relation avec les autres acteurs, comme l\u2019universit\u00e9, l\u2019ARS et l\u2019Assurance maladie, assez remarquable.<\/p>\n<p>Quelles sont les priorit\u00e9s que vous vous \u00eates donn\u00e9es lors de votre prise de poste ?<\/p>\n<p>Le CHU est dans une transformation qui n\u2019a pas beaucoup d\u2019\u00e9quivalences en France et \u00e7a oriente les priorit\u00e9s. Le fil conducteur, c\u2019est la transformation immobili\u00e8re et des organisations autour de ce projet immobilier, mais aussi l\u2019innovation car la transformation est une belle opportunit\u00e9 pour construire les r\u00e9ponses de demain.<\/p>\n<p>Comment se passe le pilotage de cette transformation du CHU ?<\/p>\n<p>Le nouveau CHU est un projet au long cours, il a \u00e9t\u00e9 pens\u00e9 depuis huit ans et on en est \u00e0 peine \u00e0 la moiti\u00e9 de la r\u00e9alisation, donc il faut d\u2019abord comprendre les attentes. Le chantier du P\u00f4le femme enfant pousse, le Centre chirurgical et interventionnel prend sa place, on est en train de pr\u00e9parer l\u2019extension du b\u00e2timent des urgences. Mon objectif, c\u2019est de travailler la transformation des organisations. Il y a un enjeu sur le p\u00f4le femme enfant parce que tout un p\u00f4le \u00e0 l\u2019H\u00f4pital Sud, qui a un fonctionnement tr\u00e8s diff\u00e9rent, va se retrouver \u00e0 Pontchaillou.<\/p>\n<blockquote><p>Cette affaire (la plainte pour harc\u00e8lement contre le chef de neurochirurgie) a laiss\u00e9 des traces, il y a un avant et un apr\u00e8s. Certains ont \u00e9t\u00e9 marqu\u00e9s au fer rouge, je ne m\u2019attendais pas \u00e0 ce niveau-l\u00e0.<\/p><\/blockquote>\n<p>Le futur p\u00f4le oncologique est un autre gros dossier. O\u00f9 en est-on ?<\/p>\n<p>Il y a un projet visant \u00e0 regrouper les \u00e9quipes du CHU de Rennes et du Centre Eug\u00e8ne-Marquis, mais le projet immobilier dans sa premi\u00e8re version, en 2023, n\u2019a pas pu aboutir. Quand je suis arriv\u00e9e il y a six semaines, la discussion entre les deux \u00e9tablissements n\u2019avait plus lieu. Il va falloir qu\u2019on la reprenne. On est en train d\u2019\u00e9changer sur la m\u00e9thode de travail pour construire ensemble le p\u00f4le de canc\u00e9rologie. Dans quels d\u00e9lais on sera pr\u00eat, je ne saurai pas encore le dire. Ce qui ne se discute pas, c\u2019est qu\u2019il y a un projet \u00e0 travailler ensemble car il y a une compl\u00e9mentarit\u00e9 majeure. Le Centre Eug\u00e8ne Marquis a de la radioth\u00e9rapie, pas le CHU, le CHU a de la chirurgie experte en canc\u00e9rologie, pas le Centre Eug\u00e8ne Marquis. Les patients passent d\u2019un \u00e9tablissement \u00e0 l\u2019autre au fil de leur parcours. Quel que soit le projet immobilier, il faut partir d\u2019un objectif m\u00e9dical et mon intuition, c\u2019est que ce fil s\u2019est un peu perdu. Il faut qu\u2019on revienne aux fondamentaux. Et derri\u00e8re, on devra \u00eatre capable de dire quel mur on aura besoin \u00e0 quel endroit et pour faire quoi.<\/p>\n<p>Les urgences sont un service embl\u00e9matique des urgences. Quels sont les enjeux du projet d\u2019extension des urgences ?<\/p>\n<p>Les urgences du CHU assument une responsabilit\u00e9 de r\u00e9ponse 24 h\/24 que je trouve assez remarquable avec un niveau d\u2019activit\u00e9 tr\u00e8s \u00e9lev\u00e9e, jusqu\u2019\u00e0 280 patients par jour. Je note cependant que le service est aujourd\u2019hui inadapt\u00e9 dans ses locaux par rapport au nombre de personnes qui arrivent (taill\u00e9 pour une jauge de 150 patients par jour). On essaie de faire rentrer des ronds dans des carr\u00e9s car le lieu n\u2019est pas fait pour. Le projet d\u2019extension des urgences est une opportunit\u00e9 qu\u2019il ne va pas falloir rater pour repenser l\u2019organisation des urgences avec plus d\u2019espace.<\/p>\n<blockquote><p>Aux urgences, parfois, les professionnels s\u2019usent. Ils ont parfois l\u2019impression d\u2019\u00eatre dans le film \u00ab Un jour sans fin \u00bb.<\/p><\/blockquote>\n<p>La p\u00e9rennisation de la <a href=\"https:\/\/www.letelegramme.fr\/ille-et-vilaine\/rennes-35000\/a-rennes-la-regulation-toujours-dactualite-pour-acceder-aux-services-durgences-des-hopitaux-6859840.php\" target=\"_blank\" rel=\"nofollow noopener\">r\u00e9gulation<\/a> peut-elle \u00eatre un enjeu de cette extension des urgences ?<\/p>\n<p>Cela peut \u00eatre une question, mais on ne sera pas les seuls \u00e0 d\u00e9cider car c\u2019est d\u2019abord une d\u00e9cision de l\u2019ARS qui, pour l\u2019instant, ne veut pas y aller. Et c\u2019est aussi tr\u00e8s d\u00e9pendant des autres acteurs car on n\u2019est pas les seuls \u00e0 faire de l\u2019urgence. Aucun h\u00f4pital public n\u2019imaginerait fermer la porte et dire aux patients d\u2019aller ailleurs, on absorbe le choc, ce qui explique pourquoi, parfois, les professionnels s\u2019usent. Ils ont parfois l\u2019impression d\u2019\u00eatre dans le film \u00ab Un jour sans fin \u00bb. Il faut \u00eatre pragmatique, tout ce qu\u2019on peut am\u00e9liorer dans l\u2019organisation, il faut le faire, ce n\u2019est pas toujours facile. Il faut travailler sur comment chacun prend sa part, comment mieux travailler avec les professionnels de sant\u00e9 lib\u00e9raux, mieux travailler les retours \u00e0 domicile.<\/p>\n<p>Une proc\u00e9dure pour harc\u00e8lement visant l\u2019ancien chef du service de neurochirurgie a \u00e9t\u00e9 <a href=\"https:\/\/www.letelegramme.fr\/ille-et-vilaine\/rennes-35000\/on-est-stupefait-leur-plainte-pour-harcelement-au-chu-de-rennes-classee-sans-suite-ces-medecins-confient-leur-amertume-6896025.php\" target=\"_blank\" rel=\"nofollow noopener\">class\u00e9e sans suite r\u00e9cemment<\/a>. Souhaitez-vous mettre des dispositifs en place pour que cette situation ne se reproduise plus ?<\/p>\n<p>Sur la d\u00e9cision du procureur, la plainte du syndicat des internes a \u00e9t\u00e9 class\u00e9e sans suite. Une proc\u00e9dure disciplinaire est toujours en cours et a fait l\u2019objet d\u2019une mesure de suspension de l\u2019ancien chef de service (le professeur Morandi) par les minist\u00e8res de tutelle, \u00e0 savoir les minist\u00e8res de la Sant\u00e9 et de l\u2019Enseignement sup\u00e9rieur. C\u2019est une affaire qui a laiss\u00e9 des traces, il y a un avant et un apr\u00e8s. Certains ont \u00e9t\u00e9 marqu\u00e9s au fer rouge, je ne m\u2019attendais pas \u00e0 ce niveau-l\u00e0. L\u2019enjeu premier pour l\u2019institution, c\u2019est de reprendre sa capacit\u00e9 \u00e0 assurer les prises en charge de neurochirurgie, \u00e7a veut dire reconstituer l\u2019\u00e9quipe m\u00e9dicale. C\u2019est en cours. Elle sera finalis\u00e9e d\u2019ici un mois. Le CHU a, depuis, remont\u00e9 son activit\u00e9 de neurochirurgie, on a une augmentation de 15 % cette ann\u00e9e. L\u2019enjeu sera aussi de r\u00e9instaurer une dynamique manag\u00e9riale puisque le chef de service nomm\u00e9 pour accompagner les effets de la d\u00e9cision vient de la chirurgie cardiaque. Il a fait le travail, remis du rationnel, et l\u00e0, on a la perspective en novembre de confirmer un chef de service neurochirurgien avec un accompagnement de l\u2019\u00e9quipe. L\u2019enjeu sera de s\u2019assurer qu\u2019on ne revienne jamais aux comportements qui ont pu se passer. Selon la fermet\u00e9 de la d\u00e9cision qui sera prise, la question de la situation de monsieur Morandi va se poser. Pour l\u2019instant, il ne peut pas revenir \u00e0 l\u2019h\u00f4pital car il est suspendu par le ministre. Il faut que la d\u00e9cision disciplinaire soit prise par une instance nationale, ce n\u2019est pas le CHU qui s\u2019en occupe. On verra en fonction de cette d\u00e9cision.<\/p>\n","protected":false},"excerpt":{"rendered":"Cela fait un mois et demi que vous \u00eates entr\u00e9e en fonction comme directrice g\u00e9n\u00e9rale du CHU de&hellip;\n","protected":false},"author":2,"featured_media":487181,"comment_status":"","ping_status":"","sticky":false,"template":"","format":"standard","meta":{"footnotes":""},"categories":[2821],"tags":[1111,11,829,1777,674,1011,27,100,848,12,584,25,71],"class_list":{"0":"post-487180","1":"post","2":"type-post","3":"status-publish","4":"format-standard","5":"has-post-thumbnail","7":"category-rennes","8":"tag-actu","9":"tag-actualites","10":"tag-bretagne","11":"tag-eu","12":"tag-europe","13":"tag-fr","14":"tag-france","15":"tag-hopital","16":"tag-ille-et-vilaine","17":"tag-news","18":"tag-rennes","19":"tag-republique-francaise","20":"tag-sante"},"share_on_mastodon":{"url":"https:\/\/pubeurope.com\/@fr\/115430114184329082","error":""},"_links":{"self":[{"href":"https:\/\/www.europesays.com\/fr\/wp-json\/wp\/v2\/posts\/487180","targetHints":{"allow":["GET"]}}],"collection":[{"href":"https:\/\/www.europesays.com\/fr\/wp-json\/wp\/v2\/posts"}],"about":[{"href":"https:\/\/www.europesays.com\/fr\/wp-json\/wp\/v2\/types\/post"}],"author":[{"embeddable":true,"href":"https:\/\/www.europesays.com\/fr\/wp-json\/wp\/v2\/users\/2"}],"replies":[{"embeddable":true,"href":"https:\/\/www.europesays.com\/fr\/wp-json\/wp\/v2\/comments?post=487180"}],"version-history":[{"count":0,"href":"https:\/\/www.europesays.com\/fr\/wp-json\/wp\/v2\/posts\/487180\/revisions"}],"wp:featuredmedia":[{"embeddable":true,"href":"https:\/\/www.europesays.com\/fr\/wp-json\/wp\/v2\/media\/487181"}],"wp:attachment":[{"href":"https:\/\/www.europesays.com\/fr\/wp-json\/wp\/v2\/media?parent=487180"}],"wp:term":[{"taxonomy":"category","embeddable":true,"href":"https:\/\/www.europesays.com\/fr\/wp-json\/wp\/v2\/categories?post=487180"},{"taxonomy":"post_tag","embeddable":true,"href":"https:\/\/www.europesays.com\/fr\/wp-json\/wp\/v2\/tags?post=487180"}],"curies":[{"name":"wp","href":"https:\/\/api.w.org\/{rel}","templated":true}]}}