{"id":487188,"date":"2025-10-24T16:39:11","date_gmt":"2025-10-24T16:39:11","guid":{"rendered":"https:\/\/www.europesays.com\/fr\/487188\/"},"modified":"2025-10-24T16:39:11","modified_gmt":"2025-10-24T16:39:11","slug":"a-saint-laurent-du-var-pres-de-nice-la-police-municipale-une-nouvelle-fois-dans-la-tourmente","status":"publish","type":"post","link":"https:\/\/www.europesays.com\/fr\/487188\/","title":{"rendered":"\u00c0 Saint-Laurent-du-Var, pr\u00e8s de Nice, la police municipale une nouvelle fois dans la tourmente"},"content":{"rendered":"<p>\n    Un policier municipal a \u00e9t\u00e9 r\u00e9voqu\u00e9 en juillet apr\u00e8s avoir rapport\u00e9, selon lui, de nombreux dysfonctionnements et propos racistes dans sa brigade. Mardi, le maire a tenu \u00e0 r\u00e9tablir \u00absa\u00bb v\u00e9rit\u00e9, en d\u00e9non\u00e7ant de la \u00abpolitique politicienne\u00bb.<\/p>\n<p class=\"fig-paragraph\">R\u00e9tablir la v\u00e9rit\u00e9 face aux mensonges, telle \u00e9tait la volont\u00e9 de\u00a0<a href=\"http:\/\/www.lefigaro.fr\/nice\/gens-du-voyage-a-saint-laurent-du-var-apres-les-requisitions-de-terrains-la-metropole-et-la-ville-denoncent-des-debordements-20250701\" data-fig-type=\"NewsFlash\" data-gtm-custom-categorie=\"navigation\" data-gtm-custom-action=\"crossclick\" data-gtm-custom-label=\"Contextuel\" data-gtm-event=\"customEventSPE\" data-fig-domain=\"LEFIGARO\" target=\"_blank\" rel=\"noopener\">Joseph Segura<\/a>, maire de Saint-Laurent-du-Var (Alpes-Maritimes), lors de la conf\u00e9rence de presse organis\u00e9e mardi. La m\u00eame volont\u00e9 que celle qui anime Jean-Louis Perrier, policier municipal r\u00e9voqu\u00e9 en juillet dernier, apr\u00e8s plus de vingt ans de carri\u00e8re. \u00abJ\u2019ai rapport\u00e9 des faits \u00e0 ma hi\u00e9rarchie et j\u2019ai \u00e9t\u00e9 puni. Si je ne l\u2019avais pas fait, j\u2019aurais \u00e9t\u00e9 puni aussi\u00bb, assure-t-il.<\/p>\n<p class=\"fig-paragraph\">Que s\u2019est-il pass\u00e9 au sein d\u2019une des quatre brigades de la police municipale dans cette ville pr\u00e8s de Nice\u00a0? \u00abJ\u2019y \u00e9tais depuis huit ans\u00bb, relate Jean-Louis Perrier. \u00abTout s\u2019est d\u00e9grad\u00e9 \u00e0 partir de 2020. J\u2019ai demand\u00e9 un avis \u00e0 ma hi\u00e9rarchie &#8211; rapport\u00e9, pas d\u00e9nonc\u00e9 &#8211; car je constatais des manquements, des dysfonctionnements\u00bb, assure-t-il. Le quadrag\u00e9naire assure \u00e9galement avoir \u00e9t\u00e9 \u00abrabaiss\u00e9 en permanence, car je suis issu d\u2019une minorit\u00e9, celle des gens du voyage.\u00bb\u00a0<\/p>\n<p>                                    <a class=\"fig-a11y-skip a11y-hidden\" href=\"#fig-a11y-skip-main-inarticle\"><br \/>\n        Passer la publicit\u00e9<br \/>\n    <\/a><\/p>\n<p>Dysfonctionnements et propos racistes<\/p>\n<p class=\"fig-paragraph\">Il enverra des dizaines de mails, certains alertant sur un \u00abd\u00e9passement des pr\u00e9rogatives, des d\u00e9bordements\u00bb. \u00abJe me suis dit qu\u2019on ne pouvait pas laisser passer\u00bb, insiste-t-il. D\u2019apr\u00e8s nos informations, il s\u2019agirait notamment d\u2019un passage \u00e0 tabac, qui serait survenu en janvier 2025, au cours d\u2019une interpellation, pendant laquelle un jeune homme menott\u00e9 \u00e0 l\u2019arri\u00e8re d\u2019une voiture de police aurait \u00e9t\u00e9 frapp\u00e9. \u00abUn voyou\u00bb, se d\u00e9fend le maire (LR), lui-m\u00eame ancien policier. \u00ab Il venait d\u2019\u00eatre ma\u00eetris\u00e9 lors d\u2019une intervention apr\u00e8s un signalement par deux femmes qui avaient appel\u00e9 les secours. Il n\u2019a par ailleurs pas d\u00e9pos\u00e9 plainte.\u00bb<\/p>\n<p class=\"fig-body-link\">\n            \u00c0 lire aussi<br \/>\n        <a class=\"fig-body-link__link\" href=\"http:\/\/www.lefigaro.fr\/nice\/pres-de-nice-une-seconde-plainte-pour-abus-sexuels-deposee-contre-un-enseignant-de-maternelle-20251022\" data-fig-type=\"NewsFlash\" data-gtm-custom-categorie=\"navigation\" data-gtm-custom-action=\"crossclick\" data-gtm-custom-label=\"Contextuel\" data-gtm-event=\"customEventSPE\" data-fig-domain=\"LEFIGARO\" target=\"_blank\" rel=\"noopener\"><\/p>\n<p>        Pr\u00e8s de Nice, une seconde plainte pour abus sexuels d\u00e9pos\u00e9e contre un enseignant de maternelle<br \/>\n    <\/a>\n<\/p>\n<p class=\"fig-paragraph\">Jean-Louis Perrier \u00e9voque en outre des faits de discrimination et des\u00a0<a href=\"http:\/\/www.lefigaro.fr\/flash-actu\/deux-policiers-juges-pour-des-propos-racistes-sur-facebook-peines-allegees-en-appel-20230629\" data-fig-type=\"NewsFlash\" data-gtm-custom-categorie=\"navigation\" data-gtm-custom-action=\"crossclick\" data-gtm-custom-label=\"Contextuel\" data-gtm-event=\"customEventSPE\" data-fig-domain=\"LEFIGARO\" target=\"_blank\" rel=\"noopener\">propos racistes<\/a>\u00a0de la part de ses coll\u00e8gues. \u00abC\u2019\u00e9tait tout le temps, et sous pr\u00e9texte de soi-disant blagues. La goutte d\u2019eau, \u00e7a a \u00e9t\u00e9 quand, apr\u00e8s avoir demand\u00e9 pendant deux ans des chaussures qui font partie du mat\u00e9riel de dotation des agents, j\u2019en ai re\u00e7u une paire, d\u2019occasion et avec des poils d\u2019animaux dedans. C\u2019\u00e9tait trop\u00bb, se rem\u00e9more-t-il avec \u00e9motion.<\/p>\n<p class=\"fig-paragraph\">En conf\u00e9rence de presse, le maire de Saint-Laurent-du-Var est revenu m\u00e9thodiquement sur les \u00abdeux enqu\u00eates administratives distinctes\u00bb ouvertes \u00e0 ce sujet. \u00abTous les agents ont \u00e9t\u00e9 auditionn\u00e9s. Les conclusions sont nettes\u00a0: les accusations de racisme n\u2019ont pas pu \u00eatre mat\u00e9riellement \u00e9tablies au regard des t\u00e9moignages recueillis\u00bb, maintient l\u2019\u00e9dile. \u00abSeules quatorze personnes sur quarante ont \u00e9t\u00e9 interrog\u00e9es, certaines avec qui je ne travaillais m\u00eame pas\u00bb, r\u00e9torque Jean-Louis Perrier. \u00abEn revanche, un harc\u00e8lement d\u2019ambiance a \u00e9t\u00e9 caract\u00e9ris\u00e9 dans un climat de tension suscit\u00e9 par plusieurs d\u00e9nonciations contre des coll\u00e8gues avec l\u2019intention de les nuire\u00bb, continue le maire \u00e0 propos de son ancien policier.<\/p>\n<p>Le maire d\u00e9nonce des man\u0153uvres politiques<\/p>\n<p class=\"fig-paragraph\">Un conseil de discipline, en juillet 2025, a donc \u00e9t\u00e9 saisi, pr\u00e9sid\u00e9 par un magistrat et compos\u00e9 d\u2019\u00e9lus et de repr\u00e9sentants du personnel, \u00e0 nombre \u00e9gal. \u00c0 son issue, la\u00a0<a href=\"http:\/\/www.lefigaro.fr\/flash-actu\/racisme-la-revocation-de-trois-policiers-demandee-en-conseil-de-discipline-20200630\" data-fig-type=\"NewsFlash\" data-gtm-custom-categorie=\"navigation\" data-gtm-custom-action=\"crossclick\" data-gtm-custom-label=\"Contextuel\" data-gtm-event=\"customEventSPE\" data-fig-domain=\"LEFIGARO\" target=\"_blank\" rel=\"noopener\">r\u00e9vocation<\/a>\u00a0de Jean-Louis Perrier a \u00e9t\u00e9 d\u00e9cid\u00e9e, ainsi que la mise \u00e0 pied d\u2019un second agent, puis un avertissement envers le policier municipal accus\u00e9 de faits de violence au cours d\u2019une intervention. \u00abIl n\u2019y a pas eu de tirage au sort des jur\u00e9s de la commission\u00bb, conteste le principal int\u00e9ress\u00e9, qui parle \u00e0 plusieurs reprises d\u2019une \u00abimpression de cabale\u00bb contre lui et qui a d\u00e9pos\u00e9 un recours en ce sens aupr\u00e8s du tribunal administratif de Nice. \u00abC\u2019\u00e9tait plus facile de virer quelqu\u2019un que de changer le comportement de plusieurs\u00bb, grince-t-il avec ironie. \u00abL\u2019ambiance est bien meilleure parmi les agents, tout le monde l\u2019a constat\u00e9\u00bb, contre-attaque Joseph Segura, qui a d\u2019ailleurs port\u00e9 plainte pour \u00abmenaces de mort\u00bb en d\u00e9but de semaine, apr\u00e8s un appel anonyme re\u00e7u au centre de supervision urbain lui \u00abpromettant de s\u2019occuper de lui\u00bb.<\/p>\n<p class=\"fig-paragraph\">\u00abJe ne veux qu\u2019une chose\u00a0: rebondir. J\u2019aime ce m\u00e9tier, je l\u2019ai choisi par conviction, affirme Jean-Louis Perrier. Je ne demande m\u00eame pas d\u2019indemnit\u00e9s. Je veux juste retrouver mon poste et mon honneur\u00bb. De son c\u00f4t\u00e9, le maire dit ne pas souffrir que \u00abdes hommes et des femmes d\u2019honneur, qui font un travail remarquable et qui respectent le droit, soient salis.\u00bb Et de r\u00e9p\u00e9ter qu\u2019il ne \u00abveut pas que le mensonge s\u2019installe\u00bb. L\u2019\u00e9dile attribue enfin cette affaire, qui n\u2019est pas sans faire \u00e9cho\u00a0<a href=\"http:\/\/www.lefigaro.fr\/nice\/pres-de-nice-des-policiers-municipaux-soupconnes-d-avoir-fiche-des-delinquants-sur-une-boucle-whatsapp-20231121\" data-fig-type=\"NewsFlash\" data-gtm-custom-categorie=\"navigation\" data-gtm-custom-action=\"crossclick\" data-gtm-custom-label=\"Contextuel\" data-gtm-event=\"customEventSPE\" data-fig-domain=\"LEFIGARO\" target=\"_blank\" rel=\"noopener\">\u00e0 celle du groupe WhatsApp<\/a>\u00a0(o\u00f9 des policiers municipaux \u00abfichaient\u00bb des d\u00e9linquants, NDLR), \u00e0 de la \u00abpolitique politicienne\u00bb. Et de pointer le soutien de Patrick Villardry, \u00e9lu d\u2019opposition et candidat \u00e0 la mairie de Saint-Laurent-du-Var et lui-m\u00eame \u00e0 l\u2019origine de la d\u00e9couverte du scandale du fichage, au policier r\u00e9voqu\u00e9. \u00abJe n\u2019accable pas le maire et je ne veux pas faire le buzz\u00bb, mart\u00e8le pour sa part l\u2019ancien premier adjoint de la Ville. \u00abNi d\u2019ailleurs les policiers municipaux. Mais quand les choses sont mal faites, il faut le dire\u00bb.<\/p>\n","protected":false},"excerpt":{"rendered":"Un policier municipal a \u00e9t\u00e9 r\u00e9voqu\u00e9 en juillet apr\u00e8s avoir rapport\u00e9, selon lui, de nombreux dysfonctionnements et propos&hellip;\n","protected":false},"author":2,"featured_media":487189,"comment_status":"","ping_status":"","sticky":false,"template":"","format":"standard","meta":{"footnotes":""},"categories":[2819],"tags":[1111,11,1777,674,1011,27,12,2401,2634,882,25,7374],"class_list":{"0":"post-487188","1":"post","2":"type-post","3":"status-publish","4":"format-standard","5":"has-post-thumbnail","7":"category-nice","8":"tag-actu","9":"tag-actualites","10":"tag-eu","11":"tag-europe","12":"tag-fr","13":"tag-france","14":"tag-news","15":"tag-nice","16":"tag-plainte","17":"tag-provence-alpes-cote-dazur","18":"tag-republique-francaise","19":"tag-violences-policieres"},"share_on_mastodon":{"url":"https:\/\/pubeurope.com\/@fr\/115430134057174720","error":""},"_links":{"self":[{"href":"https:\/\/www.europesays.com\/fr\/wp-json\/wp\/v2\/posts\/487188","targetHints":{"allow":["GET"]}}],"collection":[{"href":"https:\/\/www.europesays.com\/fr\/wp-json\/wp\/v2\/posts"}],"about":[{"href":"https:\/\/www.europesays.com\/fr\/wp-json\/wp\/v2\/types\/post"}],"author":[{"embeddable":true,"href":"https:\/\/www.europesays.com\/fr\/wp-json\/wp\/v2\/users\/2"}],"replies":[{"embeddable":true,"href":"https:\/\/www.europesays.com\/fr\/wp-json\/wp\/v2\/comments?post=487188"}],"version-history":[{"count":0,"href":"https:\/\/www.europesays.com\/fr\/wp-json\/wp\/v2\/posts\/487188\/revisions"}],"wp:featuredmedia":[{"embeddable":true,"href":"https:\/\/www.europesays.com\/fr\/wp-json\/wp\/v2\/media\/487189"}],"wp:attachment":[{"href":"https:\/\/www.europesays.com\/fr\/wp-json\/wp\/v2\/media?parent=487188"}],"wp:term":[{"taxonomy":"category","embeddable":true,"href":"https:\/\/www.europesays.com\/fr\/wp-json\/wp\/v2\/categories?post=487188"},{"taxonomy":"post_tag","embeddable":true,"href":"https:\/\/www.europesays.com\/fr\/wp-json\/wp\/v2\/tags?post=487188"}],"curies":[{"name":"wp","href":"https:\/\/api.w.org\/{rel}","templated":true}]}}