{"id":487190,"date":"2025-10-24T16:40:16","date_gmt":"2025-10-24T16:40:16","guid":{"rendered":"https:\/\/www.europesays.com\/fr\/487190\/"},"modified":"2025-10-24T16:40:16","modified_gmt":"2025-10-24T16:40:16","slug":"k-pop-voilier-exposition-que-faire-a-nantes-ce-week-end-voici-nos-idees-de-sorties","status":"publish","type":"post","link":"https:\/\/www.europesays.com\/fr\/487190\/","title":{"rendered":"K-pop, voilier, exposition\u2026 Que faire \u00e0 Nantes ce week-end ? Voici nos id\u00e9es de sorties"},"content":{"rendered":"<p>            Par<br \/>\n        <strong><br \/>\n            <a href=\"https:\/\/actu.fr\/auteur\/clemence-pays02-actu-fr\" title=\"Consulter tous les articles de Cl\u00e9mence Pays\" target=\"_blank\" rel=\"noopener\">Cl\u00e9mence Pays<\/a><br \/>\n        <\/strong><\/p>\n<p>        Publi\u00e9 le<\/p>\n<p>            24 oct. 2025 \u00e0 17h40        <\/p>\n<p>\u00c7a y est, c\u2019est le week-end\u2009! Comme chaque vendredi, la r\u00e9daction d\u2019<a href=\"https:\/\/actu.fr\/nantes\/\" target=\"_blank\" rel=\"noopener\">actu Nantes<\/a> r\u00e9pertorie des <strong>id\u00e9es de sorties<\/strong> \u00e0 faire du vendredi soir au dimanche, dans la cit\u00e9 des ducs de Bretagne. Gratuites ou \u00e0 un tarif raisonnable, ces activit\u00e9s s\u2019adressent au plus grand nombre et peuvent se faire <strong>seul ou \u00e0 plusieurs,<\/strong> en famille ou entre amis. D\u00e9couvrez notre s\u00e9lection <strong>du 24 au 26\u00a0octobre 2025.<\/strong><\/p>\n<p>Visiter le Belem<\/p>\n<p class=\" wall-content\">Le dernier grand voilier de commerce fran\u00e7ais du XIXe\u00a0si\u00e8cle, encore naviguant, <a href=\"https:\/\/actu.fr\/pays-de-la-loire\/nantes_44109\/le-belem-a-nantes-le-celebre-trois-mats-est-de-retour-a-la-maison-pendant-les-vacances_63340744.html\" target=\"_blank\" rel=\"noopener\">fait escale \u00e0 Nantes<\/a>, durant les <a href=\"https:\/\/actu.fr\/tag\/vacances-scolaires\" target=\"_blank\" rel=\"noopener\">vacances<\/a> de la Toussaint. \u00c0 cette occasion, <strong>le Belem ouvre ses portes aux visiteurs<\/strong> qui pourront d\u00e9couvrir son histoire et ses sp\u00e9cificit\u00e9s.<\/p>\n<blockquote class=\"ac-article-quote wall-content\">\n<p>La visite libre du Belem propose un voyage dans le temps guid\u00e9 par 20 panneaux r\u00e9partis sur les trois niveaux du navire et imprim\u00e9s sur des voiles de bateaux. Ces panneaux d\u00e9crivent l\u2019usage des 17 espaces pr\u00e9sent\u00e9s, tout en rappelant leurs diff\u00e9rents r\u00f4les et transformations successives. Des panneaux plus techniques expliquent les sp\u00e9cificit\u00e9s du gr\u00e9ement et caract\u00e9ristiques du navire. Chaque visiteur re\u00e7oit un guide de visite tr\u00e8s complet et peut interroger l\u2019\u00e9quipage mobilis\u00e9 pour partager ses connaissances et sa passion.<\/p>\n<p>    <strong>Le Voyage \u00e0 Nantes<\/strong>\n            <\/p><\/blockquote>\n<p class=\" wall-content\">Pour m\u00e9moire, le Belem s\u2019\u00e9tait illustr\u00e9 durant les <a href=\"https:\/\/actu.fr\/tag\/jo-paris-2024\" target=\"_blank\" rel=\"noopener\">Jeux de Paris 2024<\/a> en transportant la flamme olympique d\u2019Ath\u00e8nes \u00e0 Marseille.<\/p>\n<p>Jusqu\u2019au mardi 2\u00a0novembre, escale du Belem, quai de la Fosse \u00e0 Nantes. Cr\u00e9neaux de visite et r\u00e9servation disponible sur <a href=\"https:\/\/www.fondationbelem.com\/boutique\/produit\/info-produit\/685-visite-du-belem-a-nantes\" target=\"_blank\" rel=\"noopener\">le site de la Fondation Belem<\/a>. Tarif\u2009: adulte, 8\u00a0euros\u2009; enfant de 6 \u00e0 12\u00a0ans, 4\u00a0euros\u2009; gratuit pour les enfants de moins de 6\u00a0ans, les bienfaiteurs du Belem et les personnes en situation de handicap.D\u00e9couverte de la culture cor\u00e9enne<\/p>\n<p class=\" wall-content\">Le Magmaa Food Hall<a href=\"https:\/\/actu.fr\/pays-de-la-loire\/nantes_44109\/corn-dogs-k-pop-ceramique-a-nantes-cette-soiree-vous-fera-decouvrir-la-coree_63329916.html\" target=\"_blank\" rel=\"noopener\"> organise une journ\u00e9e Koreaa<\/a>, consacr\u00e9e \u00e0 la culture cor\u00e9enne. De 11h \u00e0 23h, samedi, une<strong> multitudes d\u2019animations<\/strong> seront propos\u00e9es telles que des ateliers c\u00e9ramique ou du pliage de papiers. Les amateurs de <strong>K-pop<\/strong> ne seront pas en reste avec des DJ set et de la danse.<\/p>\n<p class=\" wall-content\">La restauration ne sera pas en reste puisque le Magmaa promet \u00ab\u2009une <strong>offre food<\/strong> 100\u2009% cor\u00e9enne, avec des <strong>plats typiques<\/strong> \u00e0 d\u00e9couvrir\u2009\u00bb.<\/p>\n<p>Votre r\u00e9gion, votre actu !<\/p>\n<p>Recevez chaque jour les infos qui comptent pour vous.<\/p>\n<p>\t<a href=\"https:\/\/actu.fr\/newsletter\" class=\"ac-btn ac-btn--corner ac-btn--medium ac-btn--blue800\" target=\"_blank\" rel=\"noopener\">S&rsquo;incrire<\/a><\/p>\n<p class=\" wall-content\"><a href=\"https:\/\/www.instagram.com\/p\/DQCXkLQD1oo\/embed\" title=\"Ouvrir le lien sur Instagram\" target=\"_blank\" rel=\"noopener\">Visualiser le contenu sur Instagram<\/a><\/p>\n<p>Samedi 25\u00a0octobre, de 11h \u00e0 23h, au Magmaa Food Hall, 15 rue La Noue Bras de Fer, \u00e0 Nantes. Entr\u00e9e gratuite.<\/p>\n<p>D\u00e9couvrir \u00ab\u2009la premi\u00e8re grande exposition\u2009\u00bb du mus\u00e9e Dobr\u00e9e<\/p>\n<p class=\" wall-content\">La \u00ab\u2009premi\u00e8re grande exposition du <strong>mus\u00e9e Dobr\u00e9e<\/strong> depuis sa r\u00e9ouverture\u2009\u00bb est visible depuis le 17\u00a0octobre, et ce <strong>jusqu\u2019au 1er\u00a0mars 2026<\/strong>.<\/p>\n<p class=\" wall-content\"><strong>\u00c0 c\u0153urs ouverts <\/strong>propose une exploration du c\u0153ur \u2013 \u00e0 la fois l\u2019organe, mais aussi le symbole universel \u2013 et interroge sa place dans nos vies, nos repr\u00e9sentations et les croyances.<\/p>\n<blockquote class=\"ac-article-quote wall-content\">\n<p>Comment le \u00ab\u00a0like\u00a0\u00bb d&rsquo;aujourd&rsquo;hui r\u00e9sonne-t-il avec les rites fun\u00e9raires antiques ? Quel rapport entre le c\u0153ur des cartes de St Valentin et le c\u0153ur organe qui palpite dans la poitrine ?<br \/>\nDes st\u00e9thoscopes du 19e si\u00e8cle aux s\u00e9rigraphies d\u2019Andy Warhol, en passant par des reliquaires m\u00e9di\u00e9vaux, des amulettes \u00e9gyptiennes et des \u0153uvres d\u2019Annette Messager, \u00c9douard Boyer et Christian Boltanski, l\u2019exposition tisse un dialogue in\u00e9dit entre art, science, histoire et spiritualit\u00e9.<\/p>\n<p>    <strong>Mus\u00e9e Dobr\u00e9e<\/strong>\n            <\/p><\/blockquote>\n<p>Accessible jusqu\u2019au 1er\u00a0mars 2026, du mercredi au dimanche, de 10h \u00e0 18h, au Mus\u00e9e Dobr\u00e9e, 1 place Jean V, Nantes. Entr\u00e9e des collections du mus\u00e9e +\u00a0exposition \u00c0 c\u0153urs ouverts\u2009: tarif plein, 9\u00a0euros\u2009; tarif r\u00e9duit, 6\u00a0euros. R\u00e9servation possible <a href=\"https:\/\/www.musee-dobree.fr\/44\/infos-pratiques\/horaires-et-tarifs\/dobree_5272\" target=\"_blank\" rel=\"noopener\">en ligne<\/a>.<\/p>\n<p class=\" wall-content\">Personnalisez votre actualit\u00e9 en ajoutant vos villes et m\u00e9dias en favori avec <a href=\"https:\/\/moncompte.actu.fr\" title=\"D\u00e9couvez Mon Actu\" rel=\"nofollow noopener\" data-trk=\"{&quot;cta&quot;:{&quot;action&quot;:&quot;https:\\\/\\\/moncompte.actu.fr&quot;,&quot;category&quot;:&quot;mon compte&quot;,&quot;from&quot;:&quot;article footer&quot;,&quot;name&quot;:&quot;Mon actu&quot;,&quot;type&quot;:&quot;cta&quot;}}\" target=\"_blank\">Mon Actu<\/a>.<\/p>\n<p>                    <script async src=\"\/\/www.instagram.com\/embed.js\"><\/script><\/p>\n","protected":false},"excerpt":{"rendered":"Par Cl\u00e9mence Pays Publi\u00e9 le 24 oct. 2025 \u00e0 17h40 \u00c7a y est, c\u2019est le week-end\u2009! Comme chaque&hellip;\n","protected":false},"author":2,"featured_media":96889,"comment_status":"","ping_status":"","sticky":false,"template":"","format":"standard","meta":{"footnotes":""},"categories":[2818],"tags":[1111,11,1063,1777,674,1011,27,1305,766,12,2636,25],"class_list":{"0":"post-487190","1":"post","2":"type-post","3":"status-publish","4":"format-standard","5":"has-post-thumbnail","7":"category-nantes","8":"tag-actu","9":"tag-actualites","10":"tag-animations","11":"tag-eu","12":"tag-europe","13":"tag-fr","14":"tag-france","15":"tag-lifestyle","16":"tag-nantes","17":"tag-news","18":"tag-pays-de-la-loire","19":"tag-republique-francaise"},"share_on_mastodon":{"url":"https:\/\/pubeurope.com\/@fr\/115430137985710693","error":""},"_links":{"self":[{"href":"https:\/\/www.europesays.com\/fr\/wp-json\/wp\/v2\/posts\/487190","targetHints":{"allow":["GET"]}}],"collection":[{"href":"https:\/\/www.europesays.com\/fr\/wp-json\/wp\/v2\/posts"}],"about":[{"href":"https:\/\/www.europesays.com\/fr\/wp-json\/wp\/v2\/types\/post"}],"author":[{"embeddable":true,"href":"https:\/\/www.europesays.com\/fr\/wp-json\/wp\/v2\/users\/2"}],"replies":[{"embeddable":true,"href":"https:\/\/www.europesays.com\/fr\/wp-json\/wp\/v2\/comments?post=487190"}],"version-history":[{"count":0,"href":"https:\/\/www.europesays.com\/fr\/wp-json\/wp\/v2\/posts\/487190\/revisions"}],"wp:featuredmedia":[{"embeddable":true,"href":"https:\/\/www.europesays.com\/fr\/wp-json\/wp\/v2\/media\/96889"}],"wp:attachment":[{"href":"https:\/\/www.europesays.com\/fr\/wp-json\/wp\/v2\/media?parent=487190"}],"wp:term":[{"taxonomy":"category","embeddable":true,"href":"https:\/\/www.europesays.com\/fr\/wp-json\/wp\/v2\/categories?post=487190"},{"taxonomy":"post_tag","embeddable":true,"href":"https:\/\/www.europesays.com\/fr\/wp-json\/wp\/v2\/tags?post=487190"}],"curies":[{"name":"wp","href":"https:\/\/api.w.org\/{rel}","templated":true}]}}