{"id":487197,"date":"2025-10-24T16:44:12","date_gmt":"2025-10-24T16:44:12","guid":{"rendered":"https:\/\/www.europesays.com\/fr\/487197\/"},"modified":"2025-10-24T16:44:12","modified_gmt":"2025-10-24T16:44:12","slug":"la-marque-made-in-toulouse-ouvre-une-boutique-en-plein-centre-ville","status":"publish","type":"post","link":"https:\/\/www.europesays.com\/fr\/487197\/","title":{"rendered":"la marque made in Toulouse ouvre une boutique en plein centre-ville"},"content":{"rendered":"<p>            Par<br \/>\n        <strong><br \/>\n            <a href=\"https:\/\/actu.fr\/auteur\/margot-fournie\" title=\"Consulter tous les articles de Margot Fournie\" target=\"_blank\" rel=\"noopener\">Margot Fournie<\/a><br \/>\n        <\/strong><\/p>\n<p>        Publi\u00e9 le<\/p>\n<p>            24 oct. 2025 \u00e0 18h34        <\/p>\n<p>Depuis 2016, \u00ab\u2009pompon sur la Garonne\u2009\u00bb, \u00ab\u2009boudu con\u2009\u00bb et bien d\u2019autres <a href=\"https:\/\/actu.fr\/occitanie\/toulouse_31555\/boudu-con-pompon-sur-la-garonne-les-expressions-de-toulouse-saffichent-sur-des-t-shirts_3719048.html\" target=\"_blank\" rel=\"noopener\">expressions typiques s\u2019affichent sur des v\u00eatements<\/a> ou des accessoires de la <strong>marque Made in Toulouse<\/strong>.<\/p>\n<p class=\" wall-content\">Si son premier magasin a ferm\u00e9, la fondatrice de la griffe, L\u00e9a Gabriel, vient d\u2019ouvrir une<strong> boutique \u00e9ph\u00e9m\u00e8re<\/strong> au 12 rue Baour Lormian.<\/p>\n<p>Des habits pour adultes et enfants<\/p>\n<p class=\" wall-content\">\u00c0 l\u2019int\u00e9rieur du magasin, on peut retrouver tout ce qui a fait le succ\u00e8s de la premi\u00e8re \u00e9choppe\u2009: des sweats et des t-shirts, ainsi que des bodies et des bavoirs floqu\u00e9s avec des expressions comme \u00ab\u2009macarel\u2009\u00bb, \u00ab\u2009le quart d\u2019heure toulousain\u2009\u00bb.<\/p>\n<p class=\" wall-content\">Mais aussi des tabliers de cuisine pour adultes et enfants, des chaussettes a <strong>imprim\u00e9 chocolatine<\/strong> et \u00ab\u2009boudu\u2009\u00bb.<\/p>\n<p class=\" wall-content\"><a href=\"https:\/\/www.instagram.com\/reel\/DPmNLwZDa7w\/embed\" title=\"Ouvrir le lien sur Instagram\" target=\"_blank\" rel=\"noopener\">Visualiser le contenu sur Instagram<\/a><\/p>\n<p class=\" wall-content\">Les expressions se d\u00e9clinent aussi sur des trousses, des tote bags, des cabas.<\/p>\n<p>Vid\u00e9os : en ce moment sur Actu<\/p>\n<p class=\" wall-content\">Sur les tissus, les logos ont \u00e9t\u00e9 chang\u00e9s. \u00ab\u2009On a ajout\u00e9 de <strong>nouvelles couleurs<\/strong>. Les lettres ont un peu \u00e9volu\u00e9\u2009\u00bb, d\u00e9clare L\u00e9a Gabriel.<\/p>\n<p>Votre r\u00e9gion, votre actu !<\/p>\n<p>Recevez chaque jour les infos qui comptent pour vous.<\/p>\n<p>\t<a href=\"https:\/\/actu.fr\/newsletter\" class=\"ac-btn ac-btn--corner ac-btn--medium ac-btn--blue800\" target=\"_blank\" rel=\"noopener\">S&rsquo;incrire<\/a><\/p>\n<p>    <img   decoding=\"async\" loading=\"lazy\" src=\"https:\/\/www.europesays.com\/fr\/wp-content\/uploads\/2025\/10\/dans-la-boutique-pompon-sur-la-garonne-on-pourra-retrouver-des-vetements-pour-enfants-et-adultes-ain.jpeg\" alt=\"Dans la boutique Pompon sur la Garonne, on pourra retrouver des v\u00eatements pour enfants et adultes, ainsi que des accessoires.\" width=\"960\" height=\"640\"\/><br \/>\n    Dans la boutique Pompon sur la Garonne, on pourra retrouver des v\u00eatements pour enfants et adultes, ainsi que des accessoires. (\u00a9Margot Fourni\u00e9 \/ actu Toulouse)De quoi se faire plaisir ou offrir \u00e0 No\u00ebl<\/p>\n<p class=\" wall-content\">\u00c0 c\u00f4t\u00e9 des portants et des sacs, on remarque des petits bijoux, des chouchous, <strong>des tasses<\/strong>, des pins et des magnets chocolatine. Ainsi qu\u2019une<strong> bougie \u00e0 la cire naturelle<\/strong>, confectionn\u00e9e \u00e0 Grasse, et parfum\u00e9e \u00e0 la viennoiserie.<\/p>\n<p class=\" wall-content\">Ces potentiels cadeaux, voire cadeaux de No\u00ebl, on pourra les retrouver dans la boutique jusqu\u2019au 12\u00a0janvier.<\/p>\n<p>Bient\u00f4t une boutique plus p\u00e9renne au centre-ville\u2009?<\/p>\n<p class=\" wall-content\">Pour le moment, la jeune femme ne sait pas quelle suite donner \u00e0 cette boutique \u00e9ph\u00e9m\u00e8re.<\/p>\n<p class=\" wall-content\">Il faut dire que l\u2019envie d\u2019avoir \u00e0 nouveau une \u00e9choppe est venue tout r\u00e9cemment, \u00ab\u2009au moment de <a href=\"https:\/\/actu.fr\/occitanie\/toulouse_31555\/la-grande-braderie-revient-a-toulouse-pour-sa-13e-edition-ce-qui-est-prevu_63072979.html\" target=\"_blank\" rel=\"noopener\">la grande braderie, en septembre<\/a>. Les gens que je rencontrais me disaient que c\u2019\u00e9tait dommage d\u2019avoir ferm\u00e9.\u2009\u00bb<\/p>\n<p class=\" wall-content\">Si elle s\u2019installe ailleurs, \u00ab\u2009il faudra encore<strong> trouver un emplacement<\/strong>. Il y aura aussi <strong>la question du loyer<\/strong>. Je suis toute seule \u00e0 la t\u00eate de la marque.\u2009\u00bb<\/p>\n<p>Une marque pour c\u00e9l\u00e9brer Toulouse<\/p>\n<p class=\" wall-content\">Cette derni\u00e8re a \u00e9t\u00e9 fond\u00e9e alors que L\u00e9a Gabriel venait de quitter <strong>son travail dans le pr\u00eat-\u00e0-porter<\/strong> en 2016.<\/p>\n<p class=\" wall-content\">\u00ab\u2009Je me suis rendu compte qu\u2019il y avait peu de boutiques qui jouaient <strong>sur Toulouse et sa personnalit\u00e9<\/strong> \u00e0 part les boutiques de souvenirs, celles o\u00f9 on vendait des sp\u00e9cialit\u00e9s \u00e0 base de violettes. J\u2019ai voulu en cr\u00e9er une dans un esprit un peu moderne.\u2009\u00bb<\/p>\n<p class=\" wall-content\">Personnalisez votre actualit\u00e9 en ajoutant vos villes et m\u00e9dias en favori avec <a href=\"https:\/\/moncompte.actu.fr\" title=\"D\u00e9couvez Mon Actu\" rel=\"nofollow noopener\" data-trk=\"{&quot;cta&quot;:{&quot;action&quot;:&quot;https:\\\/\\\/moncompte.actu.fr&quot;,&quot;category&quot;:&quot;mon compte&quot;,&quot;from&quot;:&quot;article footer&quot;,&quot;name&quot;:&quot;Mon actu&quot;,&quot;type&quot;:&quot;cta&quot;}}\" target=\"_blank\">Mon Actu<\/a>.<\/p>\n<p>                    <script async src=\"\/\/www.instagram.com\/embed.js\"><\/script><\/p>\n","protected":false},"excerpt":{"rendered":"Par Margot Fournie Publi\u00e9 le 24 oct. 2025 \u00e0 18h34 Depuis 2016, \u00ab\u2009pompon sur la Garonne\u2009\u00bb, \u00ab\u2009boudu con\u2009\u00bb&hellip;\n","protected":false},"author":2,"featured_media":487198,"comment_status":"","ping_status":"","sticky":false,"template":"","format":"standard","meta":{"footnotes":""},"categories":[2816],"tags":[1111,11,33,1777,674,1011,27,12,3147,2680,25,2312],"class_list":{"0":"post-487197","1":"post","2":"type-post","3":"status-publish","4":"format-standard","5":"has-post-thumbnail","7":"category-toulouse","8":"tag-actu","9":"tag-actualites","10":"tag-economie","11":"tag-eu","12":"tag-europe","13":"tag-fr","14":"tag-france","15":"tag-news","16":"tag-nouveaux-commerces","17":"tag-occitanie","18":"tag-republique-francaise","19":"tag-toulouse"},"share_on_mastodon":{"url":"https:\/\/pubeurope.com\/@fr\/115430154115744836","error":""},"_links":{"self":[{"href":"https:\/\/www.europesays.com\/fr\/wp-json\/wp\/v2\/posts\/487197","targetHints":{"allow":["GET"]}}],"collection":[{"href":"https:\/\/www.europesays.com\/fr\/wp-json\/wp\/v2\/posts"}],"about":[{"href":"https:\/\/www.europesays.com\/fr\/wp-json\/wp\/v2\/types\/post"}],"author":[{"embeddable":true,"href":"https:\/\/www.europesays.com\/fr\/wp-json\/wp\/v2\/users\/2"}],"replies":[{"embeddable":true,"href":"https:\/\/www.europesays.com\/fr\/wp-json\/wp\/v2\/comments?post=487197"}],"version-history":[{"count":0,"href":"https:\/\/www.europesays.com\/fr\/wp-json\/wp\/v2\/posts\/487197\/revisions"}],"wp:featuredmedia":[{"embeddable":true,"href":"https:\/\/www.europesays.com\/fr\/wp-json\/wp\/v2\/media\/487198"}],"wp:attachment":[{"href":"https:\/\/www.europesays.com\/fr\/wp-json\/wp\/v2\/media?parent=487197"}],"wp:term":[{"taxonomy":"category","embeddable":true,"href":"https:\/\/www.europesays.com\/fr\/wp-json\/wp\/v2\/categories?post=487197"},{"taxonomy":"post_tag","embeddable":true,"href":"https:\/\/www.europesays.com\/fr\/wp-json\/wp\/v2\/tags?post=487197"}],"curies":[{"name":"wp","href":"https:\/\/api.w.org\/{rel}","templated":true}]}}