{"id":487224,"date":"2025-10-24T16:59:18","date_gmt":"2025-10-24T16:59:18","guid":{"rendered":"https:\/\/www.europesays.com\/fr\/487224\/"},"modified":"2025-10-24T16:59:18","modified_gmt":"2025-10-24T16:59:18","slug":"guerre-en-ukraine-quest-ce-que-le-missile-aster-que-la-france-va-de-nouveau-livrer-a-kiev","status":"publish","type":"post","link":"https:\/\/www.europesays.com\/fr\/487224\/","title":{"rendered":"Guerre en Ukraine : qu&rsquo;est-ce que le missile Aster, que la France va de nouveau livrer \u00e0 Kiev ?"},"content":{"rendered":"<ul class=\"jsx-862013697 ArticleChapo__List\">\n<li class=\"jsx-862013697 ArticleChapo__List_Item flex\">Emmanuel Macron a annonc\u00e9 ce vendredi la livraison \u00ab\u00a0dans les prochains jours\u00a0\u00bb de missiles Aster \u00e0 l&rsquo;Ukraine, ainsi que des avions Mirage.<\/li>\n<li class=\"jsx-862013697 ArticleChapo__List_Item flex\">Ces missiles fonctionnent avec le syst\u00e8me europ\u00e9en de d\u00e9fense antia\u00e9rienne SAMP\/T MAMBA.<\/li>\n<li class=\"jsx-862013697 ArticleChapo__List_Item flex\">Ils peuvent \u00eatre envoy\u00e9s \u00e0 plus de 100 km \u00e0 une vitesse d\u00e9passant Mach 3.<\/li>\n<\/ul>\n<p><a href=\"https:\/\/www.tf1info.fr\/actualite\/guerre-ukraine-russie-une-rencontre-donald-trump-vladimir-poutine-historique-le-vendredi-15-aout-2025-en-alaska-sans-volodymyr-zelensky-14326\/\" rel=\"noopener\" class=\"jsx-484472199 Link jsx-1428418400 jsx-554215408\" target=\"_blank\"><\/p>\n<p style=\"font-weight:400\" class=\"jsx-1837267516\">Suivez la couverture compl\u00e8te<\/p>\n<p style=\"font-weight:800\" class=\"jsx-1837267516\">Ukraine-Russie : l&rsquo;espoir de n\u00e9gociations au point mort<\/p>\n<p><\/a><\/p>\n<p data-module=\"article-paragraph\" class=\"jsx-3046738180 Paragraph\">C&rsquo;\u00e9tait une promesse tr\u00e8s attendue par Kiev. Emmanuel Macron a annonc\u00e9 ce vendredi 24 octobre la livraison de missiles Aster suppl\u00e9mentaires \u00e0 l&rsquo;Ukraine ainsi que d&rsquo;avions Mirage, afin d&rsquo;aider le pays \u00e0 se d\u00e9fendre face aux attaques de l&rsquo;arm\u00e9e russe.\u00a0<\/p>\n<p data-module=\"article-paragraph\" class=\"jsx-3046738180 Paragraph\">\u00ab\u00a0Nous livrerons dans les prochains jours des missiles Aster additionnels, de nouveaux programmes de formation et de nouveaux Mirage\u00a0\u00bb, a d\u00e9clar\u00e9 le chef de l&rsquo;\u00c9tat aux alli\u00e9s de l&rsquo;Ukraine r\u00e9unis en visioconf\u00e9rence, sans plus de pr\u00e9cisions. \u00ab\u00a0Il est tr\u00e8s important de poursuivre notre effort de soutien \u00e0 l&rsquo;Ukraine et de pressions sur la Russie\u00a0\u00bb, a-t-il ajout\u00e9 devant la <a href=\"https:\/\/www.tf1info.fr\/international\/guerre-en-ukraine-russie-3-choses-a-savoir-sur-la-coalition-des-volontaires-qui-se-reunit-ce-dimanche-2389170.html\" target=\"_blank\" rel=\"noopener\">Coalition des volontaires<\/a>.\u00a0<\/p>\n<p data-module=\"article-paragraph\" class=\"jsx-3046738180 Paragraph Paragraph__End\">Les missiles Aster 30, comme leur version courte Aster 15, fonctionnent avec le dispositif SAMP\/T MAMBA, un syst\u00e8me de d\u00e9fense antia\u00e9rienne franco-italien \u00e9quivalent au <a href=\"https:\/\/www.tf1info.fr\/international\/guerre-ukraine-russie-des-systemes-patriot-ont-ils-ete-detruits-par-l-armee-de-poutine-2260994.html\" target=\"_blank\" rel=\"noopener\">Patriot am\u00e9ricain<\/a>. MBDA, la soci\u00e9t\u00e9 qui les produit, parle de missiles \u00ab\u00a0l\u00e9gers et tr\u00e8s maniables\u00a0\u00bb avec un temps de r\u00e9action \u00ab\u00a0extr\u00eamement rapide\u00a0\u00bb. Les Aster 30 mesurent 4,9 m de long pour un diam\u00e8tre de 180 mm et 430 kg. Ils sont capables d&rsquo;atteindre une cible \u00e0 plus de 100 km \u00e0 une vitesse allant jusqu&rsquo;\u00e0 Mach 3, soit plus de 3.700 km\/h.\u00a0<\/p>\n<p>Lecornu \u00ab\u00a0exige la constitution de stocks\u00a0\u00bb<\/p>\n<p data-module=\"article-paragraph\" class=\"jsx-3046738180 Paragraph\">Les missiles Aster 15 et 30 sont produits en coop\u00e9ration entre Paris et Rome. Les deux pays en ont d\u00e9j\u00e0 fourni un nombre non pr\u00e9cis\u00e9 \u00e0 l&rsquo;Ukraine pour la d\u00e9fense antia\u00e9rienne. C\u00f4te fran\u00e7ais, l&rsquo;annonce avait notamment \u00e9t\u00e9 faite en avril 2024 par S\u00e9bastien Lecornu, alors ministre des Arm\u00e9es. Avant d&rsquo;\u00eatre fournis \u00e0 l&rsquo;Ukraine pour d\u00e9fendre son ciel, ces missiles n&rsquo;\u00e9taient \u00ab\u00a0pas utilis\u00e9s\u00a0\u00bb ou seulement \u00ab\u00a0\u00e0 des fins d&rsquo;entra\u00eenement\u00a0\u00bb, avait indiqu\u00e9 le ministre \u00e0 l&rsquo;\u00e9poque. Outre l&rsquo;Ukraine, ils ont \u00e9t\u00e9 employ\u00e9s contre des drones et des missiles <a href=\"https:\/\/www.tf1info.fr\/international\/la-france-annonce-avoir-abattu-quatre-drones-houthis-au-large-du-yemen-2288852.html\" target=\"_blank\" rel=\"noopener\">des rebelles y\u00e9m\u00e9nites<\/a> houthis par les fr\u00e9gates fran\u00e7aises d\u00e9ploy\u00e9es en mer Rouge.\u00a0<\/p>\n<p data-module=\"article-paragraph\" class=\"jsx-3046738180 Paragraph Paragraph__End\">Paris avait pass\u00e9 commande de 200 de ces missiles en janvier 2023 pour 900 millions d&rsquo;euros, et S\u00e9bastien Lecornu avait annonc\u00e9 l&rsquo;ann\u00e9e suivante une \u00ab\u00a0commande anticip\u00e9e\u00a0\u00bb de 200 missiles Aster suppl\u00e9mentaires.\u00a0<\/p>\n<p><a href=\"https:\/\/www.tf1info.fr\/international\/guerre-ukraine-russie-ce-sont-des-armes-tres-dangereuses-face-a-zelensky-a-la-maison-blanche-trump-temporise-sur-les-missiles-tomahawk-2401263.html\" rel=\"noopener\" class=\"jsx-3308031228 Link flex\" target=\"_blank\"><img decoding=\"async\" src=\"https:\/\/www.europesays.com\/fr\/wp-content\/uploads\/2025\/10\/donald-trump-maison-blanche-17-octobre-128e9a-0@1x.jpeg\" alt=\"Andrew Harnik \/ GETTY IMAGES NORTH AMERICA \/ Getty Images via AFP\" loading=\"lazy\" importance=\"low\" fetchpriority=\"low\" class=\"\" aria-hidden=\"true\"\/><\/p>\n<p class=\"jsx-3657663356 ReadMoreArticle__Title\">Lire aussi<\/p>\n<p class=\"jsx-3657663356\">\u00ab\u00a0Ce sont des armes tr\u00e8s dangereuses\u00a0\u00bb : face \u00e0 Zelensky \u00e0 la Maison Blanche, Trump temporise sur les missiles Tomahawk<\/p>\n<p><\/a><\/p>\n<p data-module=\"article-paragraph\" class=\"jsx-3046738180 Paragraph Paragraph__End\">La r\u00e9union des alli\u00e9s de l&rsquo;Ukraine est copr\u00e9sid\u00e9e par le Premier ministre britannique Keir Starmer, au c\u00f4t\u00e9 du pr\u00e9sident ukrainien Volodymyr Zelensky depuis Londres, et le pr\u00e9sident fran\u00e7ais \u00e0 Paris.\u00a0<\/p>\n<p>Emilie ROUSSEY avec AFP<\/p>\n","protected":false},"excerpt":{"rendered":"Emmanuel Macron a annonc\u00e9 ce vendredi la livraison \u00ab\u00a0dans les prochains jours\u00a0\u00bb de missiles Aster \u00e0 l&rsquo;Ukraine, ainsi&hellip;\n","protected":false},"author":2,"featured_media":487225,"comment_status":"","ping_status":"","sticky":false,"template":"","format":"standard","meta":{"footnotes":""},"categories":[1590],"tags":[1111,11,1921,1073,1777,674,1922,2581,12,11067,220,1917,59253,133,1920,134],"class_list":{"0":"post-487224","1":"post","2":"type-post","3":"status-publish","4":"format-standard","5":"has-post-thumbnail","7":"category-ukraine","8":"tag-actu","9":"tag-actualites","10":"tag-article-video","11":"tag-emmanuel-macron","12":"tag-eu","13":"tag-europe","14":"tag-info","15":"tag-keir-starmer","16":"tag-news","17":"tag-sebastien-lecornu","18":"tag-ukraine","19":"tag-ukraine-4-annee-de-guerre","20":"tag-ukraine-russie-lespoir-de-negociations-au-point-mort","21":"tag-video","22":"tag-video-international","23":"tag-volodymyr-zelensky"},"share_on_mastodon":{"url":"https:\/\/pubeurope.com\/@fr\/115430213115457191","error":""},"_links":{"self":[{"href":"https:\/\/www.europesays.com\/fr\/wp-json\/wp\/v2\/posts\/487224","targetHints":{"allow":["GET"]}}],"collection":[{"href":"https:\/\/www.europesays.com\/fr\/wp-json\/wp\/v2\/posts"}],"about":[{"href":"https:\/\/www.europesays.com\/fr\/wp-json\/wp\/v2\/types\/post"}],"author":[{"embeddable":true,"href":"https:\/\/www.europesays.com\/fr\/wp-json\/wp\/v2\/users\/2"}],"replies":[{"embeddable":true,"href":"https:\/\/www.europesays.com\/fr\/wp-json\/wp\/v2\/comments?post=487224"}],"version-history":[{"count":0,"href":"https:\/\/www.europesays.com\/fr\/wp-json\/wp\/v2\/posts\/487224\/revisions"}],"wp:featuredmedia":[{"embeddable":true,"href":"https:\/\/www.europesays.com\/fr\/wp-json\/wp\/v2\/media\/487225"}],"wp:attachment":[{"href":"https:\/\/www.europesays.com\/fr\/wp-json\/wp\/v2\/media?parent=487224"}],"wp:term":[{"taxonomy":"category","embeddable":true,"href":"https:\/\/www.europesays.com\/fr\/wp-json\/wp\/v2\/categories?post=487224"},{"taxonomy":"post_tag","embeddable":true,"href":"https:\/\/www.europesays.com\/fr\/wp-json\/wp\/v2\/tags?post=487224"}],"curies":[{"name":"wp","href":"https:\/\/api.w.org\/{rel}","templated":true}]}}