{"id":487234,"date":"2025-10-24T17:04:16","date_gmt":"2025-10-24T17:04:16","guid":{"rendered":"https:\/\/www.europesays.com\/fr\/487234\/"},"modified":"2025-10-24T17:04:16","modified_gmt":"2025-10-24T17:04:16","slug":"on-a-eu-tres-peur-pour-elle-geraldine-maillet-victime-dune-chute-lors-du-tournage-de-tout-beau-tout-fun-avec-cyril-hanouna","status":"publish","type":"post","link":"https:\/\/www.europesays.com\/fr\/487234\/","title":{"rendered":"\u00ab\u00a0On a eu tr\u00e8s peur pour elle\u00a0\u00bb : G\u00e9raldine Maillet victime d\u2019une chute lors du tournage de Tout beau, tout fun avec Cyril Hanouna"},"content":{"rendered":"<p>Apr\u00e8s avoir \u00e9t\u00e9 l\u2019animateur vedette de C8 pendant quatorze ans, Cyril Hanouna a tir\u00e9 sa r\u00e9v\u00e9rence en mars dernier <a href=\"https:\/\/www.voici.fr\/news-people\/ce-n-est-pas-une-decision-de-l-arcom-cyril-hanouna-persuade-de-connaitre-l-identite-du-responsable-de-la-fermeture-de-c8-zaptv-799994\" rel=\"nofollow noopener\" target=\"_blank\">suite \u00e0 la d\u00e9cision de l\u2019Arcom de supprimer d\u00e9finitivement la cha\u00eene de la TNT<\/a>. En septembre, c\u2019est sur W9 que les t\u00e9l\u00e9spectateurs ont retrouv\u00e9 le trublion du PAF. Il est d\u00e9sormais aux commandes d\u2019un nouveau talk-show baptis\u00e9 <a href=\"https:\/\/www.voici.fr\/television\/tout-beau-tout-n9uf-christine-bravo-finalement-prete-a-rejoindre-l-emission-de-cyril-hanouna-son-message-poste-sur-instagram-ne-laisse-aucune-place-au-doute-813413\" rel=\"nofollow noopener\" target=\"_blank\">Tout beau, tout 9<\/a>.<\/p>\n<p>Autour de l\u2019animateur, on retrouve certains des chroniqueurs embl\u00e9matiques de Touche pas \u00e0 mon poste, <a href=\"https:\/\/www.voici.fr\/television\/geraldine-maillet-se-confie-sur-son-passe-de-mannequin-qui-lui-permettait-de-bien-gagner-sa-vie-zaptv-812480\" rel=\"nofollow noopener\" target=\"_blank\">parmi lesquels l\u2019irrempla\u00e7able G\u00e9raldine Maillet<\/a>. La chroniqueuse est \u00e9galement pr\u00e9sente \u00e0 la radio dans l\u2019\u00e9mission\u00a0<strong>Tout beau, tout fun<\/strong>, diffus\u00e9e sur les ondes de Fun Radio. On retrouve aussi des visages bien connus comme <a href=\"https:\/\/www.voici.fr\/bios-people\/valerie-benaim\" data-link-people=\"94df6d69-972b-4696-b537-3e0e6060c661\" rel=\"nofollow noopener\" target=\"_blank\">Val\u00e9rie Bena\u00efm<\/a> et\u00a0Raymond Aabou &#8211; <a href=\"https:\/\/www.voici.fr\/television\/jetais-fatigue-raymond-absent-a-la-radio-cyril-hanouna-demande-des-explications-a-son-chroniqueur-en-direct-dans-tbt9-zaptv-813750\" rel=\"nofollow noopener\" target=\"_blank\">qui a r\u00e9cemment fait faux bon \u00e0 Cyril Hanouna dans Tout beau, tout fun<\/a>.<\/p>\n<p>G\u00e9raldine Maillet provoque une grosse frayeur \u00e0 Cyril Hanouna dans Tout beau, tout fun<\/p>\n<p>Vendredi 24 octobre, G\u00e9raldine Maillet a \u00e9t\u00e9 victime d\u2019une chute qui aurait pu avoir de lourdes cons\u00e9quences. \u00ab\u00a0Sachez que, je dis tout aux auditeurs, il y a un instant, G\u00e9raldine Maillet est tomb\u00e9e\u00a0\u00bb, a en effet expliqu\u00e9 Cyril Hanouna dans Tout beau, tout fun. <strong>\u00ab\u00a0La pauvre, elle s&rsquo;est cogn\u00e9e. Son si\u00e8ge est tomb\u00e9. On a tous eu tr\u00e8s peur pour elle. Elle s&rsquo;est cogn\u00e9e contre l&rsquo;ar\u00eate de l&rsquo;estrade. G\u00e9raldine a un oeuf, maintenant\u00a0\u00bb<\/strong>, a-t-il poursuivi.<\/p>\n<p><a href=\"https:\/\/www.voici.fr\/news-people\/ce-sont-des-gens-dangereux-daniel-riolo-explique-pourquoi-il-na-pas-temoigne-dans-le-complement-denquete-sur-nasser-al-khelaifi-799345\" rel=\"nofollow noopener\" target=\"_blank\">La compagne de Daniel Riolo<\/a> a alors confirm\u00e9 avoir \u00ab\u00a0un oeuf de pigeon\u00a0\u00bb sur la t\u00eate. <strong>\u00ab\u00a0Sans d\u00e9conner, on a eu tr\u00e8s peur\u00a0\u00bb<\/strong>, a continu\u00e9 Cyril Hanouna. De son c\u00f4t\u00e9, la principale int\u00e9ress\u00e9e a pris les choses avec humour. \u00ab\u00a0Il n&rsquo;en demeure pas moins que c&rsquo;\u00e9tait la chute la plus ridicule de l\u2019histoire\u00a0\u00bb, a-t-elle plaisant\u00e9.<\/p>\n<p>Raymond Aabou se confie sur son \u00e9tat de sant\u00e9 pr\u00e9occupant<\/p>\n<p>Lors du tournage de cette \u00e9mission de Tout beau, tout fun, G\u00e9raldine Maillet n\u2019a pas \u00e9t\u00e9 la seule \u00e0 inqui\u00e9ter Cyril Hanouna. En effet, Raymond Aabou a \u00e9galement partag\u00e9 avec l\u2019animateur des informations inqui\u00e9tantes sur son \u00e9tat de sant\u00e9. \u00ab\u00a0<strong>J&rsquo;ai mal et je ne peux plus dormir sur le c\u00f4t\u00e9 gauche. <\/strong>Le truc le plus grave : je ris et je tousse [&#8230;]\u00a0<strong>Il y a plein de trucs qui ne vont pas, je suis fatigu\u00e9.<\/strong> On a commenc\u00e9 la radio \u00e0 15 heures, je transpirais. On ne peut pas transpirer en \u00e9tant assis\u00a0\u00bb,\u00a0s&rsquo;est plaint l&rsquo;ancien livreur.\u00a0Des chroniqueurs en tr\u00e8s mauvais \u00e9tat.<\/p>\n","protected":false},"excerpt":{"rendered":"Apr\u00e8s avoir \u00e9t\u00e9 l\u2019animateur vedette de C8 pendant quatorze ans, Cyril Hanouna a tir\u00e9 sa r\u00e9v\u00e9rence en mars&hellip;\n","protected":false},"author":2,"featured_media":487235,"comment_status":"","ping_status":"","sticky":false,"template":"","format":"standard","meta":{"footnotes":""},"categories":[1586],"tags":[11,9827,1083,1777,674,1779,1011,27,6034,22013,12,43025,25,48859,1778,364,2395],"class_list":{"0":"post-487234","1":"post","2":"type-post","3":"status-publish","4":"format-standard","5":"has-post-thumbnail","7":"category-europe","8":"tag-actualites","9":"tag-animateur","10":"tag-cyril-hanouna","11":"tag-eu","12":"tag-europe","13":"tag-european-union","14":"tag-fr","15":"tag-france","16":"tag-fun-radio","17":"tag-gu00e9raldine-maillet","18":"tag-news","19":"tag-raymond-aabou","20":"tag-republique-francaise","21":"tag-u00e9mission","22":"tag-ue","23":"tag-union-europeenne","24":"tag-w9"},"share_on_mastodon":{"url":"https:\/\/pubeurope.com\/@fr\/115430232157897569","error":""},"_links":{"self":[{"href":"https:\/\/www.europesays.com\/fr\/wp-json\/wp\/v2\/posts\/487234","targetHints":{"allow":["GET"]}}],"collection":[{"href":"https:\/\/www.europesays.com\/fr\/wp-json\/wp\/v2\/posts"}],"about":[{"href":"https:\/\/www.europesays.com\/fr\/wp-json\/wp\/v2\/types\/post"}],"author":[{"embeddable":true,"href":"https:\/\/www.europesays.com\/fr\/wp-json\/wp\/v2\/users\/2"}],"replies":[{"embeddable":true,"href":"https:\/\/www.europesays.com\/fr\/wp-json\/wp\/v2\/comments?post=487234"}],"version-history":[{"count":0,"href":"https:\/\/www.europesays.com\/fr\/wp-json\/wp\/v2\/posts\/487234\/revisions"}],"wp:featuredmedia":[{"embeddable":true,"href":"https:\/\/www.europesays.com\/fr\/wp-json\/wp\/v2\/media\/487235"}],"wp:attachment":[{"href":"https:\/\/www.europesays.com\/fr\/wp-json\/wp\/v2\/media?parent=487234"}],"wp:term":[{"taxonomy":"category","embeddable":true,"href":"https:\/\/www.europesays.com\/fr\/wp-json\/wp\/v2\/categories?post=487234"},{"taxonomy":"post_tag","embeddable":true,"href":"https:\/\/www.europesays.com\/fr\/wp-json\/wp\/v2\/tags?post=487234"}],"curies":[{"name":"wp","href":"https:\/\/api.w.org\/{rel}","templated":true}]}}