{"id":487247,"date":"2025-10-24T17:11:11","date_gmt":"2025-10-24T17:11:11","guid":{"rendered":"https:\/\/www.europesays.com\/fr\/487247\/"},"modified":"2025-10-24T17:11:11","modified_gmt":"2025-10-24T17:11:11","slug":"atp-vienne-qualifie-en-demi-finales-sans-jouer-zverev-rejoint-alcaraz-sinner-et-djokovic","status":"publish","type":"post","link":"https:\/\/www.europesays.com\/fr\/487247\/","title":{"rendered":"ATP &#8211; Vienne > Qualifi\u00e9 en demi-finales sans jouer, Zverev rejoint Alcaraz, Sinner et Djokovic"},"content":{"rendered":"<p>La journ\u00e9e ne pouvait pas \u00eatre meilleure pour Alexander Zverev.<\/p>\n<p>Apr\u00e8s avoir vu Tallon Griekpoor, son adver\u00adsaire en quarts de finale de l\u2019ATP 500 de Vienne, se retirer quelques minutes seule\u00adment avant le d\u00e9but du match, l\u2019Allemand a fait coup double en vali\u00addant d\u00e9fi\u00adni\u00adti\u00adve\u00adment sa quali\u00adfi\u00adca\u00adtion pour le Masters de Turin (du 9 au 16 novembre).\u00a0<\/p>\n<blockquote class=\"twitter-tweet\">\n<p lang=\"en\" dir=\"ltr\">See you in Torino\u202f! \ud83c\uddee\ud83c\uddf9<\/p>\n<p>Alexander Zverev has offi\u00adcially quali\u00adfied for the 2025 <a href=\"https:\/\/twitter.com\/hashtag\/NittoATPFinals?src=hash&amp;ref_src=twsrc%5Etfw\" data-wpel-link=\"external\" target=\"_blank\" rel=\"nofollow external noopener\">#NittoATPFinals<\/a>. <a href=\"https:\/\/t.co\/X8RBK8as69\" data-wpel-link=\"external\" target=\"_blank\" rel=\"nofollow external noopener\">pic.twitter.com\/X8RBK8as69<\/a><\/p>\n<p>\u2014 ATP Tour (@atptour) <a href=\"https:\/\/twitter.com\/atptour\/status\/1981733855372493045?ref_src=twsrc%5Etfw\" data-wpel-link=\"external\" target=\"_blank\" rel=\"nofollow external noopener\">October 24,\u00a02025<\/a><\/p><\/blockquote>\n<p>Double vain\u00adqueur du tournoi des ma\u00eetres (2018 et 2021), le 3e joueur mondial rejoint donc Carlos Alcaraz, Jannik Sinner et Novak Djokovic. Il reste donc quatre places \u00e0 attri\u00adbuer sachant que Taylor Fritz, Ben Shelton, Alex De Minaur et Lorenzo Musetti sont en tr\u00e8s bonnes posi\u00adtions pour \u00eatre les heureux \u00e9lus.\u00a0<\/p>\n<p class=\"post-published-date\" style=\"color: silver; font-size: 75%; text-align: left;\">Publi\u00e9 le vendredi 24 octobre 2025 \u00e0 17:02<\/p>\n<p><script async src=\"https:\/\/platform.twitter.com\/widgets.js\" charset=\"utf-8\"><\/script><\/p>\n","protected":false},"excerpt":{"rendered":"La journ\u00e9e ne pouvait pas \u00eatre meilleure pour Alexander Zverev. Apr\u00e8s avoir vu Tallon Griekpoor, son adver\u00adsaire en&hellip;\n","protected":false},"author":2,"featured_media":487248,"comment_status":"","ping_status":"","sticky":false,"template":"","format":"standard","meta":{"footnotes":""},"categories":[1415],"tags":[1744,8081,105,1011,27,2127,60,1467,4542],"class_list":{"0":"post-487247","1":"post","2":"type-post","3":"status-publish","4":"format-standard","5":"has-post-thumbnail","7":"category-tennis","8":"tag-alcaraz","9":"tag-de-minaur","10":"tag-djokovic","11":"tag-fr","12":"tag-france","13":"tag-sinner","14":"tag-sports","15":"tag-tennis","16":"tag-zverev"},"share_on_mastodon":{"url":"https:\/\/pubeurope.com\/@fr\/115430259619035224","error":""},"_links":{"self":[{"href":"https:\/\/www.europesays.com\/fr\/wp-json\/wp\/v2\/posts\/487247","targetHints":{"allow":["GET"]}}],"collection":[{"href":"https:\/\/www.europesays.com\/fr\/wp-json\/wp\/v2\/posts"}],"about":[{"href":"https:\/\/www.europesays.com\/fr\/wp-json\/wp\/v2\/types\/post"}],"author":[{"embeddable":true,"href":"https:\/\/www.europesays.com\/fr\/wp-json\/wp\/v2\/users\/2"}],"replies":[{"embeddable":true,"href":"https:\/\/www.europesays.com\/fr\/wp-json\/wp\/v2\/comments?post=487247"}],"version-history":[{"count":0,"href":"https:\/\/www.europesays.com\/fr\/wp-json\/wp\/v2\/posts\/487247\/revisions"}],"wp:featuredmedia":[{"embeddable":true,"href":"https:\/\/www.europesays.com\/fr\/wp-json\/wp\/v2\/media\/487248"}],"wp:attachment":[{"href":"https:\/\/www.europesays.com\/fr\/wp-json\/wp\/v2\/media?parent=487247"}],"wp:term":[{"taxonomy":"category","embeddable":true,"href":"https:\/\/www.europesays.com\/fr\/wp-json\/wp\/v2\/categories?post=487247"},{"taxonomy":"post_tag","embeddable":true,"href":"https:\/\/www.europesays.com\/fr\/wp-json\/wp\/v2\/tags?post=487247"}],"curies":[{"name":"wp","href":"https:\/\/api.w.org\/{rel}","templated":true}]}}