{"id":487257,"date":"2025-10-24T17:17:11","date_gmt":"2025-10-24T17:17:11","guid":{"rendered":"https:\/\/www.europesays.com\/fr\/487257\/"},"modified":"2025-10-24T17:17:11","modified_gmt":"2025-10-24T17:17:11","slug":"isabelle-nanty-pas-en-mesure-de-tres-discrete-depuis-son-accident-les-nouvelles-de-la-comedienne-tombent-au-compte-goutte","status":"publish","type":"post","link":"https:\/\/www.europesays.com\/fr\/487257\/","title":{"rendered":"Isabelle Nanty \u201cpas en mesure de\u2026\u201d : tr\u00e8s discr\u00e8te depuis son accident, les nouvelles de la com\u00e9dienne tombent au compte-goutte"},"content":{"rendered":"<p>Victime d\u2019un <a href=\"https:\/\/www.closermag.fr\/people\/isabelle-nanty-lactrice-victime-dun-accident-de-la-route-et-hospitalisee-dans-un-etat-durgence-relative-3579463\" target=\"_blank\" rel=\"noopener\"><br \/>\ngrave accident de la route<\/a> dans la nuit du 11 au 12 septembre<br \/>\ndernier, Isabelle Nanty poursuit lentement sa<br \/>\n<strong>convalescence<\/strong>. La <a href=\"https:\/\/www.closermag.fr\/people\/isabelle-nanty-victime-dun-grave-accident-lactrice-souffre-de-nombreuses-fractures-elle-ne-va-pas-tourner-de-sitot-3580833\" target=\"_blank\" rel=\"noopener\"><br \/>\ncom\u00e9dienne dans Les Tuche ou Fais pas ci, fais pas<br \/>\n\u00e7a<\/a>, se remet <strong>difficilement<\/strong> de ses<br \/>\n<strong>blessures<\/strong> et pr\u00e9f\u00e8re se tenir<br \/>\n<strong>\u00e9loign\u00e9e<\/strong> des plateaux de tournage comme des<br \/>\ncam\u00e9ras. Selon Le Parisien, elle reste <strong>tr\u00e8s<br \/>\naffaiblie<\/strong> m\u00eame si son \u00e9tat \u00e9volue dans le bon sens.<\/p>\n<p>Hospitalis\u00e9e quelques jours apr\u00e8s l\u2019accident, l\u2019actrice souffre<br \/>\nd\u2019un <strong>traumatisme cervical et de trois c\u00f4tes<br \/>\ncass\u00e9es.<\/strong> Depuis, elle se <strong>repose<\/strong>\u00a0dans<br \/>\nla plus grande <strong>discr\u00e9tion<\/strong>, loin du tumulte<br \/>\nm\u00e9diatique. Ses proches <strong>veillent<\/strong> sur elle et<br \/>\ndonnent, \u00e0 intervalles rares, des <strong>nouvelles<\/strong><br \/>\nrassurantes.<\/p>\n<p>Isabelle Nanty contrainte de manquer un \u00e9v\u00e9nement<br \/>\nimportant<\/p>\n<p>Ce vendredi 24 octobre, <a href=\"https:\/\/www.leparisien.fr\/culture-loisirs\/tv\/reeducation-scenes-a-tourner-promo-en-suspens-que-devient-isabelle-nanty-apres-son-accident-de-la-route-24-10-2025-K2QJCWXVTRHE5PYLW22XVAI4PM.php\" target=\"_blank\" rel=\"noopener\"><br \/>\nLe Parisien<\/a> a rapport\u00e9 les confidences d\u2019un proche de<br \/>\nla com\u00e9dienne qui a donn\u00e9 quelques <strong>pr\u00e9cisions<\/strong> sur<br \/>\nson \u00e9tat de sant\u00e9. \u201c<strong>Elle va mieux<\/strong>.\u201d<br \/>\na-t-il affirm\u00e9, tout en ajoutant qu\u2019\u201celle en a encore pour<br \/>\n<strong>plusieurs semaines de convalescence<\/strong>\u201d.<br \/>\nMalheureusement, cette p\u00e9riode de repos forc\u00e9 tombe<br \/>\nparticuli\u00e8rement <strong>mal<\/strong> car <a href=\"https:\/\/www.closermag.fr\/people\/isabelle-nanty-gravement-blessee-malgre-son-beau-casier-le-chauffeur-sen-sort-bien-3582889\" target=\"_blank\" rel=\"noopener\"><br \/>\nla com\u00e9dienne Isabelle Nanty<\/a> devait participer \u00e0 la<br \/>\n<strong>promotion<\/strong> du film \u00c0 la poursuite du P\u00e8re<br \/>\nNo\u00ebl r\u00e9alis\u00e9 par James Huth et attendu le 10 d\u00e9cembre<br \/>\nprochain.<\/p>\n<p>\u201cElle ne sera <strong>pas en mesure d\u2019assurer la<br \/>\npromotion<\/strong> de ce long-m\u00e9trage.\u201d a pr\u00e9cis\u00e9 la m\u00eame<br \/>\nsource. Une <strong>absence regrettable<\/strong> pour la production<br \/>\nmais parfaitement compr\u00e9hensible compte tenu de la <strong>gravit\u00e9<br \/>\nde l\u2019accident<\/strong>. Ses fans devront donc patienter encore un<br \/>\npeu avant de la revoir sur le devant de la sc\u00e8ne.<\/p>\n<p>Une actrice soutenue par ses amis du<br \/>\ncin\u00e9ma Dany Boon et Jean-Paul Rouve<\/p>\n<p>Tr\u00e8s discr\u00e8te depuis l\u2019accident, Isabelle Nanty peut toutefois<br \/>\ncompter sur la <strong>bienveillance<\/strong> de ses coll\u00e8gues et<br \/>\namis. Plusieurs personnalit\u00e9s ont tenu \u00e0 donner des<br \/>\n<strong>nouvelles<\/strong> rassurantes. Le 30 septembre dernier,<br \/>\n<a href=\"https:\/\/www.closermag.fr\/people\/jean-paul-rouve-en-deuil-il-perd-une-femme-qui-a-change-sa-vie-de-la-plus-tendre-des-manieres-3574965\" target=\"_blank\" rel=\"noopener\"><br \/>\nJean-Paul Rouve<\/a> expliquait au micro de RTL : \u201cElle a \u00e9t\u00e9<br \/>\n<strong>bless\u00e9e<\/strong> donc il faut qu\u2019elle ait du<br \/>\n<strong>repos<\/strong>. Elle va <strong>se remettre<\/strong>, il<br \/>\nn\u2019y aura <strong>pas de s\u00e9quelles m\u00eame si elle a des c\u00f4tes<br \/>\ncass\u00e9e<\/strong>s. \u00c7a a failli \u00eatre <strong>grave<\/strong> donc elle<br \/>\ns\u2019en est <strong>bien sortie<\/strong>.\u201d<\/p>\n<p>Quelques jours plus tard, c\u2019est <a href=\"https:\/\/www.closermag.fr\/people\/isabelle-nanty-victime-dun-accident-cetait-assez-violent-son-ami-dany-boon-donne-de-ses-nouvelles-3586056\" target=\"_blank\" rel=\"noopener\"><br \/>\nDany Boon<\/a> s\u2019est exprim\u00e9 sur le plateau de C \u00e0 Vous :<br \/>\n\u201cElle va <strong>se remettre de tout<\/strong>. Elle fait de la<br \/>\n<strong>r\u00e9\u00e9ducation.<\/strong> On <strong>l\u2019embrasse fort.<\/strong><br \/>\nJe l\u2019ai tout le temps au <strong>t\u00e9l\u00e9phone<\/strong>. Je fais des<br \/>\n<strong>messages vid\u00e9o pour<br \/>\nelle<\/strong><strong>.\u201d<\/strong><\/p>\n","protected":false},"excerpt":{"rendered":"Victime d\u2019un grave accident de la route dans la nuit du 11 au 12 septembre dernier, Isabelle Nanty&hellip;\n","protected":false},"author":2,"featured_media":487258,"comment_status":"","ping_status":"","sticky":false,"template":"","format":"standard","meta":{"footnotes":""},"categories":[1359],"tags":[58,59,1011,27,11403,973],"class_list":{"0":"post-487257","1":"post","2":"type-post","3":"status-publish","4":"format-standard","5":"has-post-thumbnail","7":"category-people","8":"tag-divertissement","9":"tag-entertainment","10":"tag-fr","11":"tag-france","12":"tag-isabelle-nanty","13":"tag-people"},"share_on_mastodon":{"url":"https:\/\/pubeurope.com\/@fr\/115430283311350104","error":""},"_links":{"self":[{"href":"https:\/\/www.europesays.com\/fr\/wp-json\/wp\/v2\/posts\/487257","targetHints":{"allow":["GET"]}}],"collection":[{"href":"https:\/\/www.europesays.com\/fr\/wp-json\/wp\/v2\/posts"}],"about":[{"href":"https:\/\/www.europesays.com\/fr\/wp-json\/wp\/v2\/types\/post"}],"author":[{"embeddable":true,"href":"https:\/\/www.europesays.com\/fr\/wp-json\/wp\/v2\/users\/2"}],"replies":[{"embeddable":true,"href":"https:\/\/www.europesays.com\/fr\/wp-json\/wp\/v2\/comments?post=487257"}],"version-history":[{"count":0,"href":"https:\/\/www.europesays.com\/fr\/wp-json\/wp\/v2\/posts\/487257\/revisions"}],"wp:featuredmedia":[{"embeddable":true,"href":"https:\/\/www.europesays.com\/fr\/wp-json\/wp\/v2\/media\/487258"}],"wp:attachment":[{"href":"https:\/\/www.europesays.com\/fr\/wp-json\/wp\/v2\/media?parent=487257"}],"wp:term":[{"taxonomy":"category","embeddable":true,"href":"https:\/\/www.europesays.com\/fr\/wp-json\/wp\/v2\/categories?post=487257"},{"taxonomy":"post_tag","embeddable":true,"href":"https:\/\/www.europesays.com\/fr\/wp-json\/wp\/v2\/tags?post=487257"}],"curies":[{"name":"wp","href":"https:\/\/api.w.org\/{rel}","templated":true}]}}