{"id":487269,"date":"2025-10-24T17:23:20","date_gmt":"2025-10-24T17:23:20","guid":{"rendered":"https:\/\/www.europesays.com\/fr\/487269\/"},"modified":"2025-10-24T17:23:20","modified_gmt":"2025-10-24T17:23:20","slug":"bronchiolite-quand-les-petits-contaminent-les-grands","status":"publish","type":"post","link":"https:\/\/www.europesays.com\/fr\/487269\/","title":{"rendered":"Bronchiolite : quand les petits contaminent les grands !"},"content":{"rendered":"<p>             <a href=\"https:\/\/ma-sante.news\/wp-content\/uploads\/2025\/10\/repris-pre-epidemique-bronchiolite-un-virus-infantile-qui-menace-aussi-nos-aines-Ma-Sante.jpg\" data-caption=\"Chez les personnes \u00e2g\u00e9es de 65 ans et plus, on sait maintenant que le VRS peut donner des infections graves. \u00a9 Freepik\" target=\"_blank\" rel=\"noopener\"><img loading=\"lazy\" decoding=\"async\" width=\"696\" height=\"392\" class=\"entry-thumb td-modal-image ewww_webp_lazy_load\" src=\"data:image\/svg+xml,%3Csvg%20xmlns=\" http:=\"\" data-lazy- data-lazy- alt=\"Une personne \u00e2g\u00e9e hospitalis\u00e9e \u00e0 cause de la bronchiolite.\" title=\"Epide\u0301mique bronchiolite un virus infantile qui menace aussi nos ai\u0302ne\u0301s Ma Sante\u0301\" data-lazy-src=\"https:\/\/www.europesays.com\/fr\/wp-content\/uploads\/2025\/10\/repris-pre-epidemique-bronchiolite-un-virus-infantile-qui-menace-aussi-nos-aines-Ma-Sante-696x392.jp.jpeg\" data-lazy-src-webp=\"https:\/\/www.europesays.com\/fr\/wp-content\/uploads\/2025\/10\/repris-pre-epidemique-bronchiolite-un-virus-infantile-qui-menace-aussi-nos-aines-Ma-Sante-696x392.jp.jpeg.webp\" data-lazy-srcset-webp=\"https:\/\/www.europesays.com\/fr\/wp-content\/uploads\/2025\/10\/repris-pre-epidemique-bronchiolite-un-virus-infantile-qui-menace-aussi-nos-aines-Ma-Sante-696x392.jp.jpeg.webp 696w, https:\/\/ma-sante.news\/wp-content\/uploads\/2025\/10\/repris-pre-epidemique-bronchiolite-un-virus-infantile-qui-menace-aussi-nos-aines-Ma-Sante-300x169.jpg.webp 300w, https:\/\/ma-sante.news\/wp-content\/uploads\/2025\/10\/repris-pre-epidemique-bronchiolite-un-virus-infantile-qui-menace-aussi-nos-aines-Ma-Sante-768x432.jpg.webp 768w, https:\/\/ma-sante.news\/wp-content\/uploads\/2025\/10\/repris-pre-epidemique-bronchiolite-un-virus-infantile-qui-menace-aussi-nos-aines-Ma-Sante-747x420.jpg.webp 747w, https:\/\/ma-sante.news\/wp-content\/uploads\/2025\/10\/repris-pre-epidemique-bronchiolite-un-virus-infantile-qui-menace-aussi-nos-aines-Ma-Sante.jpg.webp 800w\"\/><\/a>Chez les personnes \u00e2g\u00e9es de 65 ans et plus, on sait maintenant que le VRS peut donner des infections graves. \u00a9 Freepik                                    \t\t\t             <a class=\"gofollow\" data-track=\"MjgsMCw2MA==\" href=\"https:\/\/ma-sante.news\/inscrivez-vous-a-notre-newsletter\/\" target=\"_blank\" rel=\"noopener\"><img loading=\"lazy\" decoding=\"async\" width=\"1068\" height=\"131\" src=\"data:image\/svg+xml,%3Csvg%20xmlns=\" http:=\"\" data-lazy-src=\"https:\/\/www.europesays.com\/fr\/wp-content\/uploads\/2025\/03\/banniere-newsletter.png\"\/><\/a> <\/p>\n<p>D\u2019apr\u00e8s Sant\u00e9 publique France,<a href=\"https:\/\/ma-sante.news\/bronchiolite-avec-le-froid-lepidemie-reprend-encore-de-la-vigueur\/\" target=\"_blank\" rel=\"noopener\"> les premiers signaux d\u2019alerte de bronchiolite <\/a>sont apparus \u00e0 la mi-octobre 2025. L\u2019\u00cele-de-France et la Normandie sont d\u00e9sormais en phase dite de \u00ab pr\u00e9-\u00e9pid\u00e9mie \u00bb. C\u2019est-\u00e0-dire que le virus circule activement sans provoquer encore une explosion de cas.<\/p>\n<p>Un sc\u00e9nario d\u00e9sormais classique. Chaque ann\u00e9e, la bronchiolite s\u2019invite dans les services d\u2019urgence p\u00e9diatriques entre octobre et mars, avec un pic entre fin novembre et mi-d\u00e9cembre. Depuis l\u2019an dernier, l\u2019\u00e9pid\u00e9mie est heureusement mieux contenue, bien en-de\u00e7\u00e0 des hivers de 2022 et 2023, o\u00f9 les h\u00f4pitaux avaient fr\u00f4l\u00e9 la saturation.<\/p>\n<p>Cette accalmie, selon les autorit\u00e9s sanitaires, s\u2019explique notamment par l\u2019arriv\u00e9e de nouveaux traitements pr\u00e9ventifs, comme<a href=\"https:\/\/ma-sante.news\/vaccin-beyfortus-deux-etudes-efficacite-nourrissons-bronchiolite\/\" target=\"_blank\" rel=\"noopener\"> le Beyfortus (anticorps monoclonal)<\/a> ou<a href=\"https:\/\/ma-sante.news\/bronchiolite-un-vaccin-disponible-pour-les-femmes-enceintes\/\" target=\"_blank\" rel=\"noopener\"> le vaccin Abrysvo, administr\u00e9 chez la femme enceinte<\/a>. Ces deux innovations, disponibles depuis l\u2019automne 2023, ont d\u00e9j\u00e0 permis de r\u00e9duire de pr\u00e8s de 80 % les hospitalisations de nourrissons li\u00e9es au VRS.\u00a0<\/p>\n<p>        Le virus en cause : un \u00ab classique \u00bb de l\u2019hiver    <\/p>\n<p>La bronchiolite, c\u2019est d\u2019abord une histoire de respiration : celle d\u2019un tout-petit dont les bronchioles se bouchent sous<a href=\"https:\/\/ma-sante.news\/le-metapneumovirus-humain-mpvh-ce-quil-faut-savoir-sur-ce-virus-hivernal-qui-inquiete\/\" target=\"_blank\" rel=\"noopener\"> l\u2019effet du virus respiratoire syncytial (VRS)<\/a>. Chaque hiver, ce pathog\u00e8ne bien connu touche pr\u00e8s d\u2019un tiers des enfants de moins de deux ans, soit environ 480 000 nourrissons en France.\u00a0<\/p>\n<p>Chez le b\u00e9b\u00e9, les sympt\u00f4mes commencent par <a href=\"https:\/\/ma-sante.news\/principales-maladies-enfant-hiver-256431\/\" target=\"_blank\" rel=\"noopener\">un rhume, avant de s\u2019aggraver en toux sifflante, respiration difficile, voire \u00e9pisodes d\u2019apn\u00e9e<\/a>. Si la plupart gu\u00e9rissent spontan\u00e9ment, 2 \u00e0 3 % des nourrissons de moins d\u2019un an sont hospitalis\u00e9s chaque saison.<\/p>\n<p>Le virus se transmet tr\u00e8s facilement (un \u00e9ternuement, une main mal lav\u00e9e, un bisou maladroit) et reste plusieurs heures sur les objets du quotidien : jouets, t\u00e9tines, poign\u00e9es de porte.<\/p>\n<p>        La bronchiolite ne s\u2019arr\u00eate plus \u00e0 la cr\u00e8che    <\/p>\n<p>Pendant longtemps, la bronchiolite \u00e9tait consid\u00e9r\u00e9e comme un probl\u00e8me purement p\u00e9diatrique. Pourtant, la science a tranch\u00e9, le VRS n\u2019a pas d\u2019\u00e2ge pr\u00e9f\u00e9r\u00e9. Et chez les personnes \u00e2g\u00e9es, il provoque souvent des <a href=\"https:\/\/ma-sante.news\/vaccin-chez-les-seniors-la-grippe-nest-pas-une-maladie-benigne\/\" target=\"_blank\" rel=\"noopener\">sympt\u00f4mes trompeurs (toux, fi\u00e8vre, essoufflement) qui ressemblent \u00e0 une grippe<\/a> ou \u00e0<a href=\"https:\/\/ma-sante.news\/attraper-froid-mythe-ou-realite\/\" target=\"_blank\" rel=\"noopener\"> un \u00ab coup de froid \u00bb<\/a>.\u00a0<\/p>\n<p>Mais derri\u00e8re cette apparente banalit\u00e9, les cons\u00e9quences peuvent \u00eatre s\u00e9v\u00e8res. Aggravation de <a href=\"https:\/\/ma-sante.news\/bpco-une-maladie-chronique\/\" target=\"_blank\" rel=\"noopener\">maladies respiratoires chroniques (comme la BPCO)<\/a>, d\u00e9compensation cardiaque, <a href=\"https:\/\/ma-sante.news\/pneumonie-comment-identifier-les-symptomes\/\" target=\"_blank\" rel=\"noopener\">voire pneumonie<\/a>.<\/p>\n<p>Selon le minist\u00e8re de la Sant\u00e9, les plus de 75 ans repr\u00e9sentent 61 % des hospitalisations et 78 % des d\u00e9c\u00e8s li\u00e9s au VRS chaque hiver.\u00a0<\/p>\n<p>Des chiffres inqui\u00e9tants, d\u2019autant que l\u2019impact chez les seniors est encore sous-estim\u00e9. Il faut dire qu\u2019un grand-parent contamin\u00e9 par un petit-enfant est un sc\u00e9nario fr\u00e9quent. Le virus circule dans les familles, les \u00e9coles, les maisons de retraite. Et si les enfants transmettent, ce sont parfois les grands-parents qui paient le prix fort.<\/p>\n<p>        Bronchiolite : les nouveaux outils de pr\u00e9vention changent la donne    <\/p>\n<p>La m\u00e9decine a rattrap\u00e9 son retard en termes de VRS. Depuis 2023, la France dispose de deux armes compl\u00e9mentaires.\u00a0<\/p>\n<p>D\u2019une part, le Beyfortus (nirsevimab). Cet anticorps monoclonal, administr\u00e9 en une seule injection, offre une protection de 5 mois contre le VRS. Il s\u2019adresse \u00e0 tous les nourrissons, qu\u2019ils soient n\u00e9s avant ou pendant la saison virale. Les premiers r\u00e9sultats sont \u00e9loquents : -80 % d\u2019hospitalisations pour bronchiolite grave depuis sa mise en place.<\/p>\n<p>D\u2019autre part, le vaccin Abrysvo (Pfizer). Inject\u00e9 pendant la grossesse (entre 32 et 36 semaines d\u2019am\u00e9norrh\u00e9e), il permet \u00e0 la m\u00e8re de transmettre ses anticorps au f\u0153tus. Selon la Haute Autorit\u00e9 de sant\u00e9 (HAS), ce vaccin r\u00e9duit de 81,8 % les infections s\u00e9v\u00e8res chez le nouveau-n\u00e9 dans les trois premiers mois de vie.<\/p>\n<p>Et pour les plus \u00e2g\u00e9s, la HAS a donn\u00e9 son feu vert \u00e0 la vaccination des personnes de 75 ans et plus, ainsi que des 65-74 ans \u00e0 risque, avec deux vaccins disponibles : Arexvy (GSK) et Abrysvo (Pfizer). (HAS, 2024)<\/p>\n<p>        Des gestes simples pour lib\u00e9rer des lits d\u2019h\u00f4pital    <\/p>\n<p>Pr\u00e9venir ne passe pas que par les aiguilles.<a href=\"https:\/\/ma-sante.news\/bises-et-lavage-des-mains-gare-au-grand-relachement\/\" target=\"_blank\" rel=\"noopener\"> Les bons vieux gestes barri\u00e8res <\/a>gardent toute leur efficacit\u00e9. Se laver les mains avant de toucher un b\u00e9b\u00e9, \u00e9viter d\u2019embrasser un nourrisson en cas de rhume, a\u00e9rer les pi\u00e8ces dix minutes matin et soir, porter un masque si n\u00e9cessaire. Des gestes banals, presque oubli\u00e9s depuis la fin du Covid, mais qui \u00e9vitent bien des hospitalisations.<\/p>\n<p>Et pour les a\u00een\u00e9s, les m\u00eames principes valent. Bien se couvrir, \u00e9viter les rassemblements en cas de sympt\u00f4mes, consulter t\u00f4t d\u00e8s qu\u2019une toux s\u2019installe. L\u2019hiver reste la saison des virus, mais aussi celle des bons r\u00e9flexes.<\/p>\n<blockquote class=\"wp-block-quote is-layout-flow wp-block-quote-is-layout-flow\">\n<p><strong>\u00c0 SAVOIR <\/strong><\/p>\n<p>Le Beyfortus n\u2019est pas arriv\u00e9 par hasard dans les services de maternit\u00e9. Cet anticorps monoclonal a re\u00e7u son feu vert europ\u00e9en \u00e0 l\u2019automne 2022, avant de faire son entr\u00e9e en France d\u00e8s septembre 2023. \u00c0 l\u2019\u00e9poque, les premi\u00e8res injections \u00e9taient administr\u00e9es aux nouveau-n\u00e9s n\u00e9s \u00e0 partir du 6 f\u00e9vrier 2023, dans un silence presque clinique. Peu de parents savaient alors qu\u2019ils participaient \u00e0 une premi\u00e8re m\u00e9dicale. <\/p>\n<\/blockquote>\n<p>  <a class=\"gofollow\" data-track=\"MTIsMCw2MA==\" href=\"https:\/\/ma-sante.news\/annonceurs\/\" target=\"_blank\" rel=\"noopener\"><img loading=\"lazy\" decoding=\"async\" width=\"2560\" height=\"2133\" src=\"data:image\/svg+xml,%3Csvg%20xmlns=\" http:=\"\" data-lazy-src=\"https:\/\/www.europesays.com\/fr\/wp-content\/uploads\/2025\/03\/pub-annonceurs-4-scaled.jpg\"\/><\/a>    <img loading=\"lazy\" decoding=\"async\" width=\"755\" height=\"495\" src=\"data:image\/svg+xml,%3Csvg%20xmlns=\" http:=\"\" data-lazy-src=\"https:\/\/www.europesays.com\/fr\/wp-content\/uploads\/2025\/03\/Image1.jpg\" data-lazy-src-webp=\"https:\/\/www.europesays.com\/fr\/wp-content\/uploads\/2025\/03\/Image1.jpg.webp\" class=\"ewww_webp_lazy_load\"\/>Inscrivez-vous \u00e0 notre newsletter <br \/>Ma Sant\u00e9                      <\/p>\n","protected":false},"excerpt":{"rendered":"Chez les personnes \u00e2g\u00e9es de 65 ans et plus, on sait maintenant que le VRS peut donner des&hellip;\n","protected":false},"author":2,"featured_media":487270,"comment_status":"","ping_status":"","sticky":false,"template":"","format":"standard","meta":{"footnotes":""},"categories":[10],"tags":[58155,1011,27,72,71],"class_list":{"0":"post-487269","1":"post","2":"type-post","3":"status-publish","4":"format-standard","5":"has-post-thumbnail","7":"category-sante","8":"tag-bronchiolite","9":"tag-fr","10":"tag-france","11":"tag-health","12":"tag-sante"},"share_on_mastodon":{"url":"https:\/\/pubeurope.com\/@fr\/115430306881791161","error":""},"_links":{"self":[{"href":"https:\/\/www.europesays.com\/fr\/wp-json\/wp\/v2\/posts\/487269","targetHints":{"allow":["GET"]}}],"collection":[{"href":"https:\/\/www.europesays.com\/fr\/wp-json\/wp\/v2\/posts"}],"about":[{"href":"https:\/\/www.europesays.com\/fr\/wp-json\/wp\/v2\/types\/post"}],"author":[{"embeddable":true,"href":"https:\/\/www.europesays.com\/fr\/wp-json\/wp\/v2\/users\/2"}],"replies":[{"embeddable":true,"href":"https:\/\/www.europesays.com\/fr\/wp-json\/wp\/v2\/comments?post=487269"}],"version-history":[{"count":0,"href":"https:\/\/www.europesays.com\/fr\/wp-json\/wp\/v2\/posts\/487269\/revisions"}],"wp:featuredmedia":[{"embeddable":true,"href":"https:\/\/www.europesays.com\/fr\/wp-json\/wp\/v2\/media\/487270"}],"wp:attachment":[{"href":"https:\/\/www.europesays.com\/fr\/wp-json\/wp\/v2\/media?parent=487269"}],"wp:term":[{"taxonomy":"category","embeddable":true,"href":"https:\/\/www.europesays.com\/fr\/wp-json\/wp\/v2\/categories?post=487269"},{"taxonomy":"post_tag","embeddable":true,"href":"https:\/\/www.europesays.com\/fr\/wp-json\/wp\/v2\/tags?post=487269"}],"curies":[{"name":"wp","href":"https:\/\/api.w.org\/{rel}","templated":true}]}}