{"id":487279,"date":"2025-10-24T17:28:13","date_gmt":"2025-10-24T17:28:13","guid":{"rendered":"https:\/\/www.europesays.com\/fr\/487279\/"},"modified":"2025-10-24T17:28:13","modified_gmt":"2025-10-24T17:28:13","slug":"au-mali-les-islamistes-decretent-le-djihad-economique","status":"publish","type":"post","link":"https:\/\/www.europesays.com\/fr\/487279\/","title":{"rendered":"Au Mali, les islamistes d\u00e9cr\u00e8tent le djihad \u00e9conomique"},"content":{"rendered":"<p>\n    <strong>REPORTAGE<\/strong> &#8211; En s\u2019en prenant au transport routier, les militants du JNIM ont d\u00e9clench\u00e9 une p\u00e9nurie d\u2019essence \u00e0 Bamako.<\/p>\n<p class=\"fig-paragraph\">Devant les stations-service de\u00a0<a href=\"http:\/\/www.lefigaro.fr\/international\/l-expulsion-de-deux-diplomates-maliens-par-la-france-affaiblit-encore-les-relations-avec-bamako-20250919\" data-fig-type=\"Article\" data-gtm-custom-categorie=\"navigation\" data-gtm-custom-action=\"crossclick\" data-gtm-custom-label=\"Contextuel\" data-gtm-event=\"customEventSPE\" data-fig-domain=\"LEFIGARO\" rel=\"nofollow noopener\" target=\"_blank\">Bamako<\/a>, les interminables files d\u2019attente sont devenues la norme. Les motards et les automobilistes doivent attendre au mieux des heures pour quelques litres. \u00ab\u00a0C\u2019est un enfer. Il faut avoir recours au march\u00e9 noir o\u00f9 les prix flambent et les plus pauvres souffrent\u00a0\u00bb, raconte, agac\u00e9, un homme d\u2019affaires bamakois. Cette p\u00e9nurie qui frappe de plus en plus durement la capitale malienne est le r\u00e9sultat le plus visible du \u00ab\u00a0djihad \u00e9conomique\u00a0\u00bb lanc\u00e9 par le Groupe de soutien \u00e0 l\u2019islam et aux musulmans (<a href=\"http:\/\/www.lefigaro.fr\/flash-actu\/mali-le-jnim-affilie-a-al-qaida-impose-le-voile-et-la-separation-des-sexes-dans-les-transports-20251020\" data-fig-type=\"NewsFlash\" data-gtm-custom-categorie=\"navigation\" data-gtm-custom-action=\"crossclick\" data-gtm-custom-label=\"Contextuel\" data-gtm-event=\"customEventSPE\" data-fig-domain=\"LEFIGARO\" rel=\"nofollow noopener\" target=\"_blank\">JNIM<\/a>\u00a0en arabe).<\/p>\n<p class=\"fig-paragraph\">Dans un rapport publi\u00e9 en septembre, le<a href=\"https:\/\/timbuktu-institute.org\/index.php\/toutes-l-actualites\/item\/1265-rapport-le-jnim-a-kayes-fragilisation-economique-et-menace-transfrontaliere\" target=\"_blank\" rel=\"sponsored noopener nofollow\" data-gtm-custom-categorie=\"navigation\" data-gtm-custom-action=\"crossclick\" data-gtm-custom-label=\"Contextuel\" data-gtm-event=\"customEventSPE\">\u00a0Timbuktu Institute,<\/a>\u00a0un centre de recherche malien, mettait en lumi\u00e8re cette volont\u00e9 des islamistes de changer de strat\u00e9gie et de tenter d\u2019instaurer une sorte de blocus de la capitale. \u00ab\u00a0Nous avons mis en avant une strat\u00e9gie d\u00e9lib\u00e9r\u00e9e du JNIM de paralyser l\u2019\u00e9conomie en visant les voies logistiques vitales\u00a0\u00bb, souligne Bakary Sambe, l\u2019un des chercheurs.<\/p>\n<p class=\"fig-paragraph\">D\u00e8s l\u2019\u00e9t\u00e9, les islamistes ont conduit des raids\u2026<\/p>\n<p class=\"fig-premium-paywall__infos\">\n        Cet article est r\u00e9serv\u00e9 aux abonn\u00e9s.        Il vous reste 68% \u00e0 d\u00e9couvrir.\n    <\/p>\n<p>                <img  data- alt=\"Le Figaro\" class=\"fig-img--complete fig-img\"\/><\/p>\n<p class=\"fig-premium-paywall__title\">Vous avez envie de lire la suite ?<\/p>\n<p class=\"fig-premium-paywall__subtitle\">D\u00e9bloquez tous les articles imm\u00e9diatement.<\/p>\n<p class=\"fig-premium-paywall__connect\">\n                D\u00e9j\u00e0 abonn\u00e9\u00a0?                <a class=\"fig-premium-paywall__connect-link\" href=\"https:\/\/connect.lefigaro.fr\/login?client=horizon_web&amp;type=main&amp;redirect_uri=https%3A%2F%2Fwww.lefigaro.fr%2Finternational%2Fau-mali-les-islamistes-decretent-le-djihad-economique-20251024\" data-js-gtm=\"{&quot;customCategorie&quot;: &quot;conversion&quot;, &quot;customAction&quot;: &quot;before_Landing_Connexion_paywall_auto&quot;, &quot;customLabel&quot;: &quot;bGVmaWdhcm8uZnJfXzFmMGIwZGNmLTM0OTQtNmMxMC1iODljLTUzMjQ2ZmQwZjczYl9fQXJ0aWNsZQ==_Au Mali, les islamistes d\u00e9cr\u00e8tent le djihad \u00e9conomique_46&quot;, &quot;customIDSPE&quot;: &quot;bGVmaWdhcm8uZnJfXzFmMGIwZGNmLTM0OTQtNmMxMC1iODljLTUzMjQ2ZmQwZjczYl9fQXJ0aWNsZQ==&quot;, &quot;event&quot;: &quot;customEventSPE&quot;}\" rel=\"nofollow noopener\" target=\"_blank\"><br \/>\n                    Connectez-vous<br \/>\n                <\/a>\n            <\/p>\n","protected":false},"excerpt":{"rendered":"REPORTAGE &#8211; En s\u2019en prenant au transport routier, les militants du JNIM ont d\u00e9clench\u00e9 une p\u00e9nurie d\u2019essence \u00e0&hellip;\n","protected":false},"author":2,"featured_media":487280,"comment_status":"","ping_status":"","sticky":false,"template":"","format":"standard","meta":{"footnotes":""},"categories":[5],"tags":[11,1011,27,14,1136,12,28],"class_list":{"0":"post-487279","1":"post","2":"type-post","3":"status-publish","4":"format-standard","5":"has-post-thumbnail","7":"category-international","8":"tag-actualites","9":"tag-fr","10":"tag-france","11":"tag-international","12":"tag-mali","13":"tag-news","14":"tag-world"},"share_on_mastodon":{"url":"https:\/\/pubeurope.com\/@fr\/115430326607514813","error":""},"_links":{"self":[{"href":"https:\/\/www.europesays.com\/fr\/wp-json\/wp\/v2\/posts\/487279","targetHints":{"allow":["GET"]}}],"collection":[{"href":"https:\/\/www.europesays.com\/fr\/wp-json\/wp\/v2\/posts"}],"about":[{"href":"https:\/\/www.europesays.com\/fr\/wp-json\/wp\/v2\/types\/post"}],"author":[{"embeddable":true,"href":"https:\/\/www.europesays.com\/fr\/wp-json\/wp\/v2\/users\/2"}],"replies":[{"embeddable":true,"href":"https:\/\/www.europesays.com\/fr\/wp-json\/wp\/v2\/comments?post=487279"}],"version-history":[{"count":0,"href":"https:\/\/www.europesays.com\/fr\/wp-json\/wp\/v2\/posts\/487279\/revisions"}],"wp:featuredmedia":[{"embeddable":true,"href":"https:\/\/www.europesays.com\/fr\/wp-json\/wp\/v2\/media\/487280"}],"wp:attachment":[{"href":"https:\/\/www.europesays.com\/fr\/wp-json\/wp\/v2\/media?parent=487279"}],"wp:term":[{"taxonomy":"category","embeddable":true,"href":"https:\/\/www.europesays.com\/fr\/wp-json\/wp\/v2\/categories?post=487279"},{"taxonomy":"post_tag","embeddable":true,"href":"https:\/\/www.europesays.com\/fr\/wp-json\/wp\/v2\/tags?post=487279"}],"curies":[{"name":"wp","href":"https:\/\/api.w.org\/{rel}","templated":true}]}}