{"id":487300,"date":"2025-10-24T17:40:09","date_gmt":"2025-10-24T17:40:09","guid":{"rendered":"https:\/\/www.europesays.com\/fr\/487300\/"},"modified":"2025-10-24T17:40:09","modified_gmt":"2025-10-24T17:40:09","slug":"voici-ou-trouver-foires-a-tout-et-vide-greniers-ce-weekend-en-seine-maritime","status":"publish","type":"post","link":"https:\/\/www.europesays.com\/fr\/487300\/","title":{"rendered":"Voici o\u00f9 trouver foires \u00e0 tout et vide-greniers ce weekend en Seine-Maritime"},"content":{"rendered":"<p>            Par<br \/>\n        <strong><br \/>\n            <a href=\"https:\/\/actu.fr\/auteur\/adrien-filoche\" title=\"Consulter tous les articles de Adrien Filoche\" target=\"_blank\" rel=\"noopener\">Adrien Filoche<\/a><br \/>\n        <\/strong><\/p>\n<p>        Publi\u00e9 le<\/p>\n<p>            24 oct. 2025 \u00e0 19h04        <\/p>\n<p><strong>C\u2019est encore l\u2019heure de chiner avant l\u2019hiver et la fin de la saison.<\/strong> Comme \u00e0 son habitude, la r\u00e9daction de 76actu vous dresse le programme des foires \u00e0 tout, vide-greniers et autres braderies en <a href=\"https:\/\/actu.fr\/normandie\/seine-maritime_76\" target=\"_blank\" rel=\"noopener\">Seine-Maritime<\/a> du weekend. Voici le programme pour ces samedi\u00a025 et dimanche 26\u00a0octobre 2025.<\/p>\n<p>Les foires \u00e0 tout et autres \u00e9v\u00e8nements ce samedi<\/p>\n<ul class=\" wall-content\">\n<li><strong>Caudebec-l\u00e8s-Elbeuf<\/strong>\u2009: foire \u00e0 tout salle Marcel-David, rue Emile-Zola.<\/li>\n<li><strong>\u00c9pouville\u2009: <\/strong>exposition vente Playmobil\u00ae, salle Grimaud.<\/li>\n<li><strong>Oissel<\/strong>\u2009: vide-greniers, palais des Congr\u00e8s, 14 avenue Saint-Julien.<\/li>\n<\/ul>\n<p>Les foires \u00e0 tout et autres \u00e9v\u00e8nements ce dimanche<\/p>\n<ul class=\" wall-content\">\n<li><strong>Belleville-en-mer<\/strong> : foire \u00e0 tout, gymnase de Penly.<\/li>\n<li><strong>Caudebec-l\u00e8s-Elbeuf<\/strong>\u2009: foire \u00e0 tout salle Marcel-David, rue Emile-Zola.<\/li>\n<li><strong>\u00c9pouville<\/strong>\u2009: exposition vente Playmobil\u00ae, salle Grimaud.<\/li>\n<li><strong>Le Grand-Quevilly<\/strong>\u2009: foire \u00e0 tout, gymnase Eric-Tabarly, 93 rue Sadi -Carnot.<\/li>\n<li><strong>Le\u00a0Havre<\/strong>\u2009: vide-greniers, salle des f\u00eates de Graville, 2 rue Jules-Massenet.<\/li>\n<li><strong>Petit-Caux<\/strong>\u2009: vide-greniers, salle Jean-Paul-Villain \u2013 Penly, rue des Hares.<\/li>\n<li><strong>Port-J\u00e9r\u00f4me-sur-Seine<\/strong>\u2009: vide-greniers, salle Charles-P\u00e9guy, Avenue du Ch\u00e2teau.<\/li>\n<li><strong>Rouen<\/strong>\u2009: foire \u00e0 tout, rue Saint-Sever\u2009;<\/li>\n<\/ul>\n<p>Suivez l\u2019actualit\u00e9 de Rouen <a href=\"https:\/\/www.whatsapp.com\/channel\/0029VaKfnf99hXF2ddApFB1D\" target=\"_blank\" rel=\"noopener\">sur notre cha\u00eene WhatsApp<\/a> et sur <a href=\"https:\/\/www.tiktok.com\/@76actu.fr?lang=fr\" target=\"_blank\" rel=\"noopener\">notre compte TikTok<\/a>Suivez l\u2019actualit\u00e9 du\u00a0Havre <a href=\"https:\/\/www.whatsapp.com\/channel\/0029VaFqJYE8aKvLBwVrEe0o\" target=\"_blank\" rel=\"noopener\">sur notre cha\u00eene WhatsApp<\/a> et sur <a href=\"https:\/\/www.tiktok.com\/@76actu.fr?lang=fr\" target=\"_blank\" rel=\"noopener\">notre compte TikTok<\/a><\/p>\n<p class=\" wall-content\">Personnalisez votre actualit\u00e9 en ajoutant vos villes et m\u00e9dias en favori avec <a href=\"https:\/\/moncompte.actu.fr\" title=\"D\u00e9couvez Mon Actu\" rel=\"nofollow noopener\" data-trk=\"{&quot;cta&quot;:{&quot;action&quot;:&quot;https:\\\/\\\/moncompte.actu.fr&quot;,&quot;category&quot;:&quot;mon compte&quot;,&quot;from&quot;:&quot;article footer&quot;,&quot;name&quot;:&quot;Mon actu&quot;,&quot;type&quot;:&quot;cta&quot;}}\" target=\"_blank\">Mon Actu<\/a>.<\/p>\n<p>                    <script async src=\"\/\/www.tiktok.com\/embed.js\"><\/script><\/p>\n","protected":false},"excerpt":{"rendered":"Par Adrien Filoche Publi\u00e9 le 24 oct. 2025 \u00e0 19h04 C\u2019est encore l\u2019heure de chiner avant l\u2019hiver et&hellip;\n","protected":false},"author":2,"featured_media":487301,"comment_status":"","ping_status":"","sticky":false,"template":"","format":"standard","meta":{"footnotes":""},"categories":[9587],"tags":[1111,11,9086,28860,1777,674,10087,1011,27,1652,12,5161,25,9590],"class_list":{"0":"post-487300","1":"post","2":"type-post","3":"status-publish","4":"format-standard","5":"has-post-thumbnail","7":"category-rouen","8":"tag-actu","9":"tag-actualites","10":"tag-bon-plan-a-rouen","11":"tag-bon-plan-au-havre","12":"tag-eu","13":"tag-europe","14":"tag-foires-a-tout","15":"tag-fr","16":"tag-france","17":"tag-loisirs-culture","18":"tag-news","19":"tag-normandie","20":"tag-republique-francaise","21":"tag-rouen"},"share_on_mastodon":{"url":"https:\/\/pubeurope.com\/@fr\/115430373812174382","error":""},"_links":{"self":[{"href":"https:\/\/www.europesays.com\/fr\/wp-json\/wp\/v2\/posts\/487300","targetHints":{"allow":["GET"]}}],"collection":[{"href":"https:\/\/www.europesays.com\/fr\/wp-json\/wp\/v2\/posts"}],"about":[{"href":"https:\/\/www.europesays.com\/fr\/wp-json\/wp\/v2\/types\/post"}],"author":[{"embeddable":true,"href":"https:\/\/www.europesays.com\/fr\/wp-json\/wp\/v2\/users\/2"}],"replies":[{"embeddable":true,"href":"https:\/\/www.europesays.com\/fr\/wp-json\/wp\/v2\/comments?post=487300"}],"version-history":[{"count":0,"href":"https:\/\/www.europesays.com\/fr\/wp-json\/wp\/v2\/posts\/487300\/revisions"}],"wp:featuredmedia":[{"embeddable":true,"href":"https:\/\/www.europesays.com\/fr\/wp-json\/wp\/v2\/media\/487301"}],"wp:attachment":[{"href":"https:\/\/www.europesays.com\/fr\/wp-json\/wp\/v2\/media?parent=487300"}],"wp:term":[{"taxonomy":"category","embeddable":true,"href":"https:\/\/www.europesays.com\/fr\/wp-json\/wp\/v2\/categories?post=487300"},{"taxonomy":"post_tag","embeddable":true,"href":"https:\/\/www.europesays.com\/fr\/wp-json\/wp\/v2\/tags?post=487300"}],"curies":[{"name":"wp","href":"https:\/\/api.w.org\/{rel}","templated":true}]}}