{"id":487306,"date":"2025-10-24T17:45:13","date_gmt":"2025-10-24T17:45:13","guid":{"rendered":"https:\/\/www.europesays.com\/fr\/487306\/"},"modified":"2025-10-24T17:45:13","modified_gmt":"2025-10-24T17:45:13","slug":"une-femme-de-83-ans-retrouvee-morte-dans-un-bassin-en-ille-et-vilaine","status":"publish","type":"post","link":"https:\/\/www.europesays.com\/fr\/487306\/","title":{"rendered":"Une femme de 83 ans retrouv\u00e9e morte dans un bassin en Ille-et-Vilaine"},"content":{"rendered":"<p>Vendredi 24 octobre en d\u00e9but d\u2019apr\u00e8s, une femme de 83 ans a \u00e9t\u00e9 retrouv\u00e9e dans un bassin de r\u00e9tention d\u2019eau, rue Pierre et Marie Curie \u00e0 Argentr\u00e9-du-Plessis, en Ille-et-Vilaine. Selon nos informations, les gendarmes sur place ont contact\u00e9 les pompiers qui sont intervenus pour r\u00e9cup\u00e9rer le corps. Leur intervention a permis de constater le d\u00e9c\u00e8s de l\u2019octog\u00e9naire et d\u2019extraire facilement le corps du bassin o\u00f9 le niveau d\u2019eau \u00e9tait assez bas pour avoir pied.<\/p>\n","protected":false},"excerpt":{"rendered":"Vendredi 24 octobre en d\u00e9but d\u2019apr\u00e8s, une femme de 83 ans a \u00e9t\u00e9 retrouv\u00e9e dans un bassin de&hellip;\n","protected":false},"author":2,"featured_media":487307,"comment_status":"","ping_status":"","sticky":false,"template":"","format":"standard","meta":{"footnotes":""},"categories":[2821],"tags":[1111,11,829,1777,674,1011,27,848,12,584,25],"class_list":{"0":"post-487306","1":"post","2":"type-post","3":"status-publish","4":"format-standard","5":"has-post-thumbnail","7":"category-rennes","8":"tag-actu","9":"tag-actualites","10":"tag-bretagne","11":"tag-eu","12":"tag-europe","13":"tag-fr","14":"tag-france","15":"tag-ille-et-vilaine","16":"tag-news","17":"tag-rennes","18":"tag-republique-francaise"},"share_on_mastodon":{"url":"https:\/\/pubeurope.com\/@fr\/115430393413686013","error":""},"_links":{"self":[{"href":"https:\/\/www.europesays.com\/fr\/wp-json\/wp\/v2\/posts\/487306","targetHints":{"allow":["GET"]}}],"collection":[{"href":"https:\/\/www.europesays.com\/fr\/wp-json\/wp\/v2\/posts"}],"about":[{"href":"https:\/\/www.europesays.com\/fr\/wp-json\/wp\/v2\/types\/post"}],"author":[{"embeddable":true,"href":"https:\/\/www.europesays.com\/fr\/wp-json\/wp\/v2\/users\/2"}],"replies":[{"embeddable":true,"href":"https:\/\/www.europesays.com\/fr\/wp-json\/wp\/v2\/comments?post=487306"}],"version-history":[{"count":0,"href":"https:\/\/www.europesays.com\/fr\/wp-json\/wp\/v2\/posts\/487306\/revisions"}],"wp:featuredmedia":[{"embeddable":true,"href":"https:\/\/www.europesays.com\/fr\/wp-json\/wp\/v2\/media\/487307"}],"wp:attachment":[{"href":"https:\/\/www.europesays.com\/fr\/wp-json\/wp\/v2\/media?parent=487306"}],"wp:term":[{"taxonomy":"category","embeddable":true,"href":"https:\/\/www.europesays.com\/fr\/wp-json\/wp\/v2\/categories?post=487306"},{"taxonomy":"post_tag","embeddable":true,"href":"https:\/\/www.europesays.com\/fr\/wp-json\/wp\/v2\/tags?post=487306"}],"curies":[{"name":"wp","href":"https:\/\/api.w.org\/{rel}","templated":true}]}}