{"id":487312,"date":"2025-10-24T17:48:12","date_gmt":"2025-10-24T17:48:12","guid":{"rendered":"https:\/\/www.europesays.com\/fr\/487312\/"},"modified":"2025-10-24T17:48:12","modified_gmt":"2025-10-24T17:48:12","slug":"un-forum-a-strasbourg-pour-federer-les-initiatives-en-faveur-du-climat-et-de-lenvironnement","status":"publish","type":"post","link":"https:\/\/www.europesays.com\/fr\/487312\/","title":{"rendered":"un forum \u00e0 Strasbourg pour f\u00e9d\u00e9rer les initiatives en faveur du climat et de l\u2019environnement"},"content":{"rendered":"<p>  Un rendez-vous mensuel depuis six ans \u00a0<\/p>\n<p>Chaque mois depuis six ans, les journaux du groupe Ebra, dont font partie L\u2019Alsace et Les Derni\u00e8res Nouvelles d\u2019Alsace , \u00e9ditent <a href=\"https:\/\/www.dna.fr\/d\/ici-on-agit-50-numeros-50-fois-plus-de-raisons-d-agir-pour-l-environnement-b80306f0-84c5-4895-9ef8-8d143cce7ac2\" target=\"_blank\" rel=\"noopener\">un suppl\u00e9ment d\u00e9di\u00e9 \u00e0 l\u2019environnement<\/a>. #Icionagit! met en avant les initiatives de terrain port\u00e9es par des acteurs locaux en Alsace et au-del\u00e0. Il promeut un autre rapport \u00e0 l\u2019environnement au quotidien, au-del\u00e0 des postures et des \u00e9motions intenses, et met en avant la recherche de solutions concr\u00e8tes et \u00e9prouv\u00e9es localement.<\/p>\n<p>  L\u2019\u00e9v\u00e9nement aux 5 000 visiteurs<\/p>\n<p>Jean-Marc Jancovici, <a href=\"https:\/\/www.dna.fr\/environnement\/2025\/04\/04\/valerie-masson-delmotte-montrer-ce-qui-est-fait-et-qui-fonctionne\" target=\"_blank\" rel=\"noopener\">Val\u00e9rie Masson-Delmotte<\/a> , Mehdi Coly parmi 140 autres intervenants et autant d\u2019heures d\u2019\u00e9changes sont pr\u00e9vus pour faire la d\u00e9monstration qu\u2019une mise en mouvement d\u2019une transition \u00e9cologique concr\u00e8te et non culpabilisante par la connaissance est possible : <a href=\"https:\/\/www.dna.fr\/environnement\/2025\/04\/27\/l-evenement-ici-on-agit-a-attire-pres-de-5-000-participants-a-nancy\" target=\"_blank\" rel=\"noopener\">le premier forum #Icionagit !<\/a> du groupe Ebra a r\u00e9uni quelque 5 000 participants \u00e0 Nancy en avril dernier. De l\u2019\u00e9nergie pure (et d\u00e9carbon\u00e9e) qui a phosphor\u00e9 durant ce rendez-vous in\u00e9dit a \u00e9merg\u00e9 l\u2019id\u00e9e d\u2019un autre forum, \u00e0 Strasbourg cette fois-ci.<\/p>\n<p>  Un h\u00e9micycle pour un nouveau cycle<\/p>\n<p>Le forum #Icionagit ! qu\u2019accueillera le Palais de la musique et des congr\u00e8s \u00e0 Strasbourg les 17 et 18 juin 2026 a \u00e9t\u00e9 officiellement lanc\u00e9 ce vendredi 24 octobre dans l\u2019h\u00e9micycle de la r\u00e9gion Grand Est, partenaire du forum, \u00e0 Strasbourg. L\u2019occasion pour le directeur du forum, David Jacquot, de rappeler le principe de l\u2019\u00e9v\u00e9nement : \u00ab un forum physique qui prend le relais d\u2019un dispositif \u00e9ditorial mensuel et qui favorise la rencontre, le partage d\u2019exp\u00e9riences et la coconstruction de solutions concr\u00e8tes \u00e0 l\u2019\u00e9chelle des territoires. Comme \u00e0 Nancy, il sera la d\u00e9monstration qu\u2019ensemble, m\u00e9dias engag\u00e9s, institutions, entreprises, associations, scientifiques, grand public, nous pouvons tous \u00eatre des acteurs du changement et prouver que la sensibilisation peut engendrer l\u2019action. \u00bb<\/p>\n<p>  1 500 initiatives<\/p>\n<p>Ambitionnant de devenir un rendez-vous incontournable de la transition, #Icionagit ! b\u00e9n\u00e9ficie de soutiens qui se sont exprim\u00e9 \u00e0 tour de r\u00f4le, ce vendredi. Christophe Mahieu, directeur g\u00e9n\u00e9ral de L\u2019Est R\u00e9publicain , de Vosges Matin et du R\u00e9publicain Lorrain : \u00ab la mobilisation de nos r\u00e9dactions dans le cadre d\u2019#Icionagit ! se veut un rempart contre la r\u00e9signation, la d\u00e9fiance et la <a href=\"https:\/\/www.dna.fr\/environnement\/2025\/09\/27\/ici-on-agit-recoit-le-prix-de-la-responsabilite-des-medias\" target=\"_blank\" rel=\"noopener\">d\u00e9sinformation<\/a>. \u00bb Fr\u00e9d\u00e9ric V\u00e9zard, r\u00e9dacteur en chef de L\u2019Alsace et des DNA  : \u00ab Ebra c\u2019est 1 200 journalistes qui ont fait remonter et raconter 1 500 initiatives locales. \u00bb Maurice Zirnhelt, directeur g\u00e9n\u00e9ral du Cr\u00e9dit Mutuel Centre Est Europe : \u00ab le Cr\u00e9dit Mutuel a cr\u00e9\u00e9 en 2020 un dividende soci\u00e9tal qui nous engage \u00e0 verser 15 % de notre r\u00e9sultat annuel \u00e0 des causes environnementales et soci\u00e9tales. \u00bb Enfin Marc Hoffsess, adjoint au maire de Strasbourg : \u00ab la transformation \u00e9cologique est moins un probl\u00e8me de <a href=\"https:\/\/www.dna.fr\/d\/ici-on-agit-la-technologie-au-secours-du-climat-911b37fd-f136-46f8-8c89-3df78668ed29\" target=\"_blank\" rel=\"noopener\">technologie<\/a> et de financement qu\u2019un enjeu culturel. \u00bb<\/p>\n<p>Un tel \u00e9v\u00e9nement ne serait pas envisageable sans le socle du consensus recherch\u00e9 aupr\u00e8s des scientifiques associ\u00e9s au sein du comit\u00e9 de programmation d\u2019#Icionagit!, des <a href=\"https:\/\/www.dna.fr\/environnement\/2025\/04\/09\/jean-jouzel-je-continuerai-a-temoigner\" target=\"_blank\" rel=\"noopener\">climatologues du Giec<\/a> , des chercheurs du CNRS et des universit\u00e9s de l\u2019est de la France. \u00ab Pour passer de l\u2019intention \u00e0 l\u2019action, un discours cr\u00e9dible doit \u00eatre incarn\u00e9, territorialis\u00e9 et exemplaire pour r\u00e9ussir \u00e0 faire face aux vents contraires du scepticisme \u00bb, insistait G\u00e9raud Delorme, d\u00e9l\u00e9gu\u00e9 r\u00e9gional du CNRS Alsace, tout en citant le Strasbourgeois <a href=\"https:\/\/www.dna.fr\/p\/m-pokora\" target=\"_blank\" rel=\"noopener\">Matt Pokora<\/a> : \u00ab Ne pas rester entre nos r\u00eaves et nos doutes \u00bb. Le forum #Icionagit ! aidera \u00e0 garder les pieds sur terre et \u00e0 regarder vers l\u2019avant ? On se dit chiche.<\/p>\n<p class=\"note\">Renseignements (et retour sur l\u2019\u00e9dition de Nancy) : <a href=\"https:\/\/www.ici-onagit.fr\/\" target=\"_blank\" rel=\"noopener\">https:\/\/www.ici-onagit.fr\/<\/a><\/p>\n","protected":false},"excerpt":{"rendered":"Un rendez-vous mensuel depuis six ans \u00a0 Chaque mois depuis six ans, les journaux du groupe Ebra, dont&hellip;\n","protected":false},"author":2,"featured_media":487313,"comment_status":"","ping_status":"","sticky":false,"template":"","format":"standard","meta":{"footnotes":""},"categories":[2820],"tags":[1111,11,2389,2649,2880,436,1777,674,107,1011,27,775,9588,12,25,640,2879],"class_list":{"0":"post-487312","1":"post","2":"type-post","3":"status-publish","4":"format-standard","5":"has-post-thumbnail","7":"category-strasbourg","8":"tag-actu","9":"tag-actualites","10":"tag-alsace","11":"tag-bas-rhin","12":"tag-edition-strasbourg","13":"tag-environnement","14":"tag-eu","15":"tag-europe","16":"tag-fil-info","17":"tag-fr","18":"tag-france","19":"tag-grand-est","20":"tag-ici-on-agit","21":"tag-news","22":"tag-republique-francaise","23":"tag-strasbourg","24":"tag-strasbourg-ville"},"share_on_mastodon":{"url":"https:\/\/pubeurope.com\/@fr\/115430405082104196","error":""},"_links":{"self":[{"href":"https:\/\/www.europesays.com\/fr\/wp-json\/wp\/v2\/posts\/487312","targetHints":{"allow":["GET"]}}],"collection":[{"href":"https:\/\/www.europesays.com\/fr\/wp-json\/wp\/v2\/posts"}],"about":[{"href":"https:\/\/www.europesays.com\/fr\/wp-json\/wp\/v2\/types\/post"}],"author":[{"embeddable":true,"href":"https:\/\/www.europesays.com\/fr\/wp-json\/wp\/v2\/users\/2"}],"replies":[{"embeddable":true,"href":"https:\/\/www.europesays.com\/fr\/wp-json\/wp\/v2\/comments?post=487312"}],"version-history":[{"count":0,"href":"https:\/\/www.europesays.com\/fr\/wp-json\/wp\/v2\/posts\/487312\/revisions"}],"wp:featuredmedia":[{"embeddable":true,"href":"https:\/\/www.europesays.com\/fr\/wp-json\/wp\/v2\/media\/487313"}],"wp:attachment":[{"href":"https:\/\/www.europesays.com\/fr\/wp-json\/wp\/v2\/media?parent=487312"}],"wp:term":[{"taxonomy":"category","embeddable":true,"href":"https:\/\/www.europesays.com\/fr\/wp-json\/wp\/v2\/categories?post=487312"},{"taxonomy":"post_tag","embeddable":true,"href":"https:\/\/www.europesays.com\/fr\/wp-json\/wp\/v2\/tags?post=487312"}],"curies":[{"name":"wp","href":"https:\/\/api.w.org\/{rel}","templated":true}]}}