{"id":487316,"date":"2025-10-24T17:50:22","date_gmt":"2025-10-24T17:50:22","guid":{"rendered":"https:\/\/www.europesays.com\/fr\/487316\/"},"modified":"2025-10-24T17:50:22","modified_gmt":"2025-10-24T17:50:22","slug":"collision-davions-evitee-a-nice-le-pilote-de-nouvelair-se-serait-trompe-de-piste-malgre-cinq-alertes","status":"publish","type":"post","link":"https:\/\/www.europesays.com\/fr\/487316\/","title":{"rendered":"Collision d\u2019avions \u00e9vit\u00e9e \u00e0 Nice : le pilote de Nouvelair se serait tromp\u00e9 de piste malgr\u00e9 cinq alertes"},"content":{"rendered":"<p>L\u2019affaire avait fait grand bruit fin septembre. <a href=\"https:\/\/www.capital.fr\/economie-politique\/frayeur-a-laeroport-de-nice-deux-avions-evitent-de-justesse-une-collision-au-sol-1518590\" target=\"_blank\" rel=\"noopener\">Le 21 septembre dernier<\/a>, un appareil de la compagnie tunisienne Nouvelair avait fr\u00f4l\u00e9 la catastrophe \u00e0 l\u2019approche d\u2019atterrir \u00e0 Nice et avait <strong>failli percuter un autre appareil<\/strong>, de la compagnie EasyJet cette fois-ci. Ce dernier devait d\u00e9coller. Les pilotes du vol EasyJet effectuaient un dernier virage pour s\u2019aligner sur la piste lorsqu\u2019ils ont aper\u00e7u un autre avion leur foncer dessus. Deux semaines apr\u00e8s le drame, <a href=\"https:\/\/www.capital.fr\/economie-politique\/frayeur-a-laeroport-de-nice-cest-de-lordre-du-miracle-confie-un-controleur-aerien-1519291\" target=\"_blank\" rel=\"noopener\">un contr\u00f4leur a\u00e9rien<\/a> de l\u2019a\u00e9roport avait t\u00e9moign\u00e9 de mani\u00e8re anonyme, et assurait que la tour de contr\u00f4le avait <strong>demand\u00e9 au pilote de Nouvelair de remettre les gaz<\/strong>.<\/p>\n<p>Cet incident avait suscit\u00e9 de telles inqui\u00e9tudes que le Bureau d\u2019enqu\u00eates et d\u2019analyses pour la s\u00e9curit\u00e9 de l\u2019aviation civile avait \u00e9t\u00e9 saisi. Selon <a href=\"https:\/\/www.bfmtv.com\/economie\/entreprises\/aeronautique\/une-collision-d-avions-evitee-a-trois-metres-pres-a-l-aeroport-de-nice-le-pilote-de-l-a320-de-nouvelair-s-est-trompe-de-piste-malgre-les-alertes-repetees_AV-202510240351.html\" rel=\"nofollow noopener\" target=\"_blank\">BFMTV<\/a>, il vient de livrer son <strong>rapport pr\u00e9liminaire<\/strong>. Racontant les faits ce 21 septembre minute par minute, les enqu\u00eateurs confirment que l\u2019appareil de Nouvelair allait <strong>atterrir sur la mauvaise piste<\/strong>. Mais pas seulement. En r\u00e9alit\u00e9, le pilote tunisien aurait \u00e9t\u00e9 averti \u00e0 plusieurs reprises par le contr\u00f4le a\u00e9rien, comme l\u2019avait \u00e9voqu\u00e9 le professionnel d\u00e9but octobre.<\/p>\n<p>Des conditions m\u00e9t\u00e9orologiques compliqu\u00e9es ?<\/p>\n<p>Les <a href=\"https:\/\/www.capital.fr\/votre-carriere\/salaire-combien-gagne-un-controleur-aerien-1491907\" target=\"_blank\" rel=\"noopener\">contr\u00f4leurs a\u00e9riens<\/a> confirment en effet qu\u2019\u00e0 23h21, ils ont signifi\u00e9 au pilote d\u2019atterrir sur la piste 04L. Toutefois, dix minutes plus tard, il arrive sur la piste 04R. Une <strong>alerte orange<\/strong> est alors \u00e9mise, car l\u2019appareil d\u2019EasyJet s\u2019appr\u00eatait \u00e0 d\u00e9coller. <strong>L\u2019alerte rouge<\/strong> avait finalement retenti seize secondes plus tard. Le contr\u00f4le a\u00e9rien demandait une nouvelle fois \u00e0 l\u2019\u00e9quipage tunisien de confirmer : \u00abNouvel Air 586, I confirm 04 L\u00bb, puis \u00abShort final 04 L\u00bb.<\/p>\n<p>Le pilote confirmait, mais ne se retrouvait pas sur la bonne piste. Selon nos confr\u00e8res, le Bureau d\u2019enqu\u00eates et d\u2019analyses a alert\u00e9 <strong>\u00e0 cinq reprises<\/strong> l\u2019\u00e9quipage. Le pilote se serait rendu compte de son erreur au dernier moment, a remis les gaz et \u00e9vit\u00e9 le drame \u00e0 trois m\u00e8tres pr\u00e8s.<\/p>\n<p>Comment cela a-t-il pu arriver ? Selon le BEA, plusieurs facteurs m\u00e9t\u00e9orologiques, dont une visibilit\u00e9 r\u00e9duite et une faible luminosit\u00e9, pourraient expliquer cette confusion. La disposition des pistes invers\u00e9e <a href=\"https:\/\/www.capital.fr\/conso\/une-bagarre-eclate-a-l-aeroport-de-nice-a-cause-d-une-histoire-de-bagage-cabine-1517779\" target=\"_blank\" rel=\"noopener\">\u00e0 Nice<\/a> pourrait \u00e9galement corroborer les faits. Un rapport final du BEA est d\u00e9sormais attendu. <strong>Une enqu\u00eate<\/strong> pour \u00abmise en danger de la vie d&rsquo;autrui\u00bb a \u00e9galement \u00e9t\u00e9 ouverte.<\/p>\n<p><a class=\"cta ctaInArticle lien-c2c medium primary\" href=\"https:\/\/www.capital.fr\/page\/indemnite-vols\" target=\"_blank\" rel=\"noopener\"><br \/>\n\t\t\t&gt;&gt; Notre service &#8211; vol annul\u00e9 \/ retard\u00e9, \u00eates-vous \u00e9ligible \u00e0 une indemnisation ?\t<\/p>\n<p>\t<\/a><\/p>\n","protected":false},"excerpt":{"rendered":"L\u2019affaire avait fait grand bruit fin septembre. Le 21 septembre dernier, un appareil de la compagnie tunisienne Nouvelair&hellip;\n","protected":false},"author":2,"featured_media":487317,"comment_status":"","ping_status":"","sticky":false,"template":"","format":"standard","meta":{"footnotes":""},"categories":[2819],"tags":[1111,11,31746,37,888,58335,1777,674,1011,27,12,2401,882,25,21852],"class_list":{"0":"post-487316","1":"post","2":"type-post","3":"status-publish","4":"format-standard","5":"has-post-thumbnail","7":"category-nice","8":"tag-actu","9":"tag-actualites","10":"tag-au00e9roports","11":"tag-avion","12":"tag-boeing","13":"tag-compagnies-au00e9riennes","14":"tag-eu","15":"tag-europe","16":"tag-fr","17":"tag-france","18":"tag-news","19":"tag-nice","20":"tag-provence-alpes-cote-dazur","21":"tag-republique-francaise","22":"tag-transport-au00e9rien"},"share_on_mastodon":{"url":"https:\/\/pubeurope.com\/@fr\/115430413097139089","error":""},"_links":{"self":[{"href":"https:\/\/www.europesays.com\/fr\/wp-json\/wp\/v2\/posts\/487316","targetHints":{"allow":["GET"]}}],"collection":[{"href":"https:\/\/www.europesays.com\/fr\/wp-json\/wp\/v2\/posts"}],"about":[{"href":"https:\/\/www.europesays.com\/fr\/wp-json\/wp\/v2\/types\/post"}],"author":[{"embeddable":true,"href":"https:\/\/www.europesays.com\/fr\/wp-json\/wp\/v2\/users\/2"}],"replies":[{"embeddable":true,"href":"https:\/\/www.europesays.com\/fr\/wp-json\/wp\/v2\/comments?post=487316"}],"version-history":[{"count":0,"href":"https:\/\/www.europesays.com\/fr\/wp-json\/wp\/v2\/posts\/487316\/revisions"}],"wp:featuredmedia":[{"embeddable":true,"href":"https:\/\/www.europesays.com\/fr\/wp-json\/wp\/v2\/media\/487317"}],"wp:attachment":[{"href":"https:\/\/www.europesays.com\/fr\/wp-json\/wp\/v2\/media?parent=487316"}],"wp:term":[{"taxonomy":"category","embeddable":true,"href":"https:\/\/www.europesays.com\/fr\/wp-json\/wp\/v2\/categories?post=487316"},{"taxonomy":"post_tag","embeddable":true,"href":"https:\/\/www.europesays.com\/fr\/wp-json\/wp\/v2\/tags?post=487316"}],"curies":[{"name":"wp","href":"https:\/\/api.w.org\/{rel}","templated":true}]}}