{"id":487318,"date":"2025-10-24T17:51:36","date_gmt":"2025-10-24T17:51:36","guid":{"rendered":"https:\/\/www.europesays.com\/fr\/487318\/"},"modified":"2025-10-24T17:51:36","modified_gmt":"2025-10-24T17:51:36","slug":"un-elu-nantais-interpelle-les-procureurs-bretons-pour-demander-linterdiction-du-parti-national-breton","status":"publish","type":"post","link":"https:\/\/www.europesays.com\/fr\/487318\/","title":{"rendered":"Un \u00e9lu nantais interpelle les procureurs bretons pour demander l\u2019interdiction du Parti national breton"},"content":{"rendered":"<p><a href=\"https:\/\/www.letelegramme.fr\/opinions\/tribune-reunification-de-la-bretagne-laissons-les-citoyens-voter-6876755.php\" target=\"_blank\" rel=\"noopener\">Adjoint en charge des enjeux bretons \u00e0 Nantes, Florian Le Teuff<\/a> a adress\u00e9, ces derniers jours, une lettre aux procureurs de la R\u00e9publique de Quimper, Brest, Rennes, Saint-Malo, Lorient, Vannes et Saint-Brieuc. Dans celle-ci, l\u2019\u00e9lu nantais leur demande de \u00ab\u00a0mettre un terme aux activit\u00e9s <a href=\"https:\/\/www.letelegramme.fr\/bretagne\/nouveau-pnb-le-premier-parti-etait-ouvertement-pro-nazi-6781416.php\" target=\"_blank\" rel=\"noopener\">du Parti national breton (PNB)<\/a>\u00a0\u00bb. Cette interpellation fait suite \u00e0 un premier courrier envoy\u00e9 par Florian Le Teuff au procureur de la R\u00e9publique de Nantes, le 21 f\u00e9vrier 2025, rest\u00e9 sans r\u00e9ponse, avant une nouvelle relance ce 12 octobre 2025.<\/p>\n<p>Dans ce courrier, l\u2019adjoint rappelle avoir \u00e9cop\u00e9, l\u2019an pass\u00e9, de six jours d\u2019ITT apr\u00e8s avoir \u00e9t\u00e9 victime d\u2019une agression par un membre du PNB, lors d\u2019une manifestation organis\u00e9e \u00e0 Nantes par l\u2019association Bretagne r\u00e9unie. Plusieurs plaintes avaient alors \u00e9t\u00e9 d\u00e9pos\u00e9es. Mais depuis, l\u2019adjoint s\u2019inqui\u00e8te de voir le mouvement d\u2019extr\u00eame droite identitaire, qu\u2019il qualifie de \u00ab\u00a0n\u00e9onazie\u00a0\u00bb, agir \u00ab\u00a0\u00e0 visage d\u00e9couvert\u00a0\u00bb et en organisant \u00ab\u00a0des rassemblements publics\u00a0\u00bb. L\u2019\u00e9lu fait ici r\u00e9f\u00e9rence \u00e0 l\u2019hommage qui sera rendu, ce samedi 25 octobre 2025, \u00e0 Olier Mordrel (1901-1985).<\/p>\n<p>Une figure de l\u2019ultra-nationalisme breton<\/p>\n<p>\u00c0 Quimper, ce dernier est connu pour avoir con\u00e7u plusieurs b\u00e2timents embl\u00e9matiques, dont l\u2019immeuble Kodak, sur les bords de l\u2019Odet. Derri\u00e8re l\u2019architecte, on retrouve en premier lieu une figure de l\u2019ultra-nationalisme breton, engag\u00e9e dans la collaboration durant la Seconde Guerre mondiale. Cofondateur en 1931 du Parti national breton (PNB), il affiche son soutien au Troisi\u00e8me Reich. Condamn\u00e9 pour cette connivence apr\u00e8s la dissolution du parti, en 1939, il se r\u00e9fugie en Allemagne avant de revenir en Bretagne, un an plus tard, au sein d\u2019un PNB reconstitu\u00e9. R\u00e9dacteur \u00e0 \u00ab\u00a0L\u2019heure bretonne\u00a0\u00bb, il plaide pour l\u2019ind\u00e9pendance de la Bretagne tout en soutenant l\u2019Allemagne. \u00c9cart\u00e9 par l\u2019occupant, il poursuit sa propagande avant d\u2019\u00eatre condamn\u00e9 \u00e0 mort \u00e0 la Lib\u00e9ration. R\u00e9fugi\u00e9 en Argentine en 1948, il y vit 23 ans avant d\u2019\u00eatre graci\u00e9 et de finir sa vie \u00e0 Treffiagat, o\u00f9 il est enterr\u00e9 depuis 1985.<\/p>\n<p>Est-ce dans cette commune du Pays bigouden qu\u2019aura lieu la c\u00e9r\u00e9monie de samedi\u00a0? Contact\u00e9, le PNB n\u2019a pas donn\u00e9 suite \u00e0 nos sollicitations. \u00ab\u00a0Organiser un \u00e9v\u00e9nement rendant hommage \u00e0 ce personnage, incarnation de la violence meurtri\u00e8re, raciste et antis\u00e9mite, est une abjection\u00a0\u00bb, temp\u00eate Florian Le Teuff. \u00ab\u00a0J\u2019avais alert\u00e9 sur le fait que cette organisation s\u2019est reconstitu\u00e9e ill\u00e9galement sous l\u2019appellation \u201cParti national breton\u201d, malgr\u00e9 la dissolution de ce mouvement le 19 octobre 1939, en raison de ses liens actifs avec l\u2019Allemagne nazie\u00a0\u00bb, signale-t-il. Une c\u00e9r\u00e9monie \u00e9galement d\u00e9nonc\u00e9e par Yvon Ollivier, pr\u00e9sident de Koun Breizh, qui pointe \u00ab\u00a0l\u2019entreprise de d\u00e9stabilisation\u00a0\u00bb du mouvement breton par le PNB.<\/p>\n<p>En attente d\u2019un proc\u00e8s<\/p>\n<p>Florian Le Teuff\ufeff attend d\u00e9sormais les r\u00e9sultats de l\u2019enqu\u00eate le concernant. Un membre du PNB l\u2019ayant insult\u00e9 et menac\u00e9 sur les r\u00e9seaux a \u00e9t\u00e9 identifi\u00e9 et entendu par les enqu\u00eateurs. \u00ab\u00a0J\u2019ai port\u00e9 plainte contre lui et je suis en attente du proc\u00e8s\u00a0\u00bb, informe l\u2019\u00e9lu. Quant \u00e0 la personne l\u2019ayant frapp\u00e9 \u00e0 coups de manche de pioche, elle n\u2019a pour l\u2019heure pas \u00e9t\u00e9 identifi\u00e9e.<\/p>\n","protected":false},"excerpt":{"rendered":"Adjoint en charge des enjeux bretons \u00e0 Nantes, Florian Le Teuff a adress\u00e9, ces derniers jours, une lettre&hellip;\n","protected":false},"author":2,"featured_media":487319,"comment_status":"","ping_status":"","sticky":false,"template":"","format":"standard","meta":{"footnotes":""},"categories":[2818],"tags":[1111,11,829,765,1777,674,1076,1011,27,303,766,12,2636,316,3323,25,26334],"class_list":{"0":"post-487318","1":"post","2":"type-post","3":"status-publish","4":"format-standard","5":"has-post-thumbnail","7":"category-nantes","8":"tag-actu","9":"tag-actualites","10":"tag-bretagne","11":"tag-en-continu","12":"tag-eu","13":"tag-europe","14":"tag-extreme-droite","15":"tag-fr","16":"tag-france","17":"tag-justice","18":"tag-nantes","19":"tag-news","20":"tag-pays-de-la-loire","21":"tag-politique","22":"tag-pont-labbe","23":"tag-republique-francaise","24":"tag-treffiagat-lechiagat"},"share_on_mastodon":{"url":"https:\/\/pubeurope.com\/@fr\/115430417000155029","error":""},"_links":{"self":[{"href":"https:\/\/www.europesays.com\/fr\/wp-json\/wp\/v2\/posts\/487318","targetHints":{"allow":["GET"]}}],"collection":[{"href":"https:\/\/www.europesays.com\/fr\/wp-json\/wp\/v2\/posts"}],"about":[{"href":"https:\/\/www.europesays.com\/fr\/wp-json\/wp\/v2\/types\/post"}],"author":[{"embeddable":true,"href":"https:\/\/www.europesays.com\/fr\/wp-json\/wp\/v2\/users\/2"}],"replies":[{"embeddable":true,"href":"https:\/\/www.europesays.com\/fr\/wp-json\/wp\/v2\/comments?post=487318"}],"version-history":[{"count":0,"href":"https:\/\/www.europesays.com\/fr\/wp-json\/wp\/v2\/posts\/487318\/revisions"}],"wp:featuredmedia":[{"embeddable":true,"href":"https:\/\/www.europesays.com\/fr\/wp-json\/wp\/v2\/media\/487319"}],"wp:attachment":[{"href":"https:\/\/www.europesays.com\/fr\/wp-json\/wp\/v2\/media?parent=487318"}],"wp:term":[{"taxonomy":"category","embeddable":true,"href":"https:\/\/www.europesays.com\/fr\/wp-json\/wp\/v2\/categories?post=487318"},{"taxonomy":"post_tag","embeddable":true,"href":"https:\/\/www.europesays.com\/fr\/wp-json\/wp\/v2\/tags?post=487318"}],"curies":[{"name":"wp","href":"https:\/\/api.w.org\/{rel}","templated":true}]}}