{"id":487324,"date":"2025-10-24T17:54:09","date_gmt":"2025-10-24T17:54:09","guid":{"rendered":"https:\/\/www.europesays.com\/fr\/487324\/"},"modified":"2025-10-24T17:54:09","modified_gmt":"2025-10-24T17:54:09","slug":"financee-par-des-fonds-publics-cette-association-de-bordeaux-epinglee-pour-ses-depenses-faramineuses","status":"publish","type":"post","link":"https:\/\/www.europesays.com\/fr\/487324\/","title":{"rendered":"Financ\u00e9e par des fonds publics, cette association de Bordeaux \u00e9pingl\u00e9e pour ses d\u00e9penses faramineuses"},"content":{"rendered":"<p>            Par<br \/>\n        <strong><br \/>\n            <a href=\"https:\/\/actu.fr\/auteur\/juliette-cardinale\" title=\"Consulter tous les articles de Juliette Cardinale\" target=\"_blank\" rel=\"noopener\">Juliette Cardinale<\/a><br \/>\n        <\/strong><\/p>\n<p>        Publi\u00e9 le<\/p>\n<p>            24 oct. 2025 \u00e0 19h46        <\/p>\n<p>L\u2019association Arc en r\u00eave traverse <strong>une profonde crise budg\u00e9taire,<\/strong> d\u00e9taill\u00e9e dans un <strong>rapport accablant<\/strong> de la Chambre r\u00e9gionale des comptes (CRC) de Nouvelle-Aquitaine publi\u00e9 ce vendredi 24\u00a0octobre 2025. Cet acteur culturel reconnu, aussi bien en France qu\u2019\u00e0 l\u2019international, pour ses actions en mati\u00e8re d\u2019architecture et d\u2019urbanisme est largement financ\u00e9 par des fonds publics. Arc en r\u00eave est point\u00e9e du doigt pour la gestion de son budget et notamment les <strong>d\u00e9penses de certains dirigeants,<\/strong> provoquant une r\u00e9action forte de la Ville <a href=\"https:\/\/actu.fr\/bordeaux\/\" target=\"_blank\" rel=\"noopener\">de Bordeaux<\/a> et de la M\u00e9tropole.<\/p>\n<p>Un d\u00e9ficit de 800\u2009000\u00a0euros<\/p>\n<p class=\" wall-content\">Cr\u00e9\u00e9e en 1980 et install\u00e9e dans l\u2019Entrep\u00f4t Lain\u00e9, l\u2019association m\u00e8ne une mission \u00e9ducative et organise des expositions, publications et rencontres avec des architectes reconnus. \u00ab\u2009Elle emploie aujourd\u2019hui entre 15 et 18 salari\u00e9s et g\u00e8re un budget annuel <strong>d\u2019environ 1,5\u00a0million d\u2019euros\u2009\u00bb,<\/strong> d\u00e9taille <a href=\"https:\/\/www.ccomptes.fr\/fr\/communiques-presse\/lassociation-arc-en-reve\" target=\"_blank\" rel=\"noopener\">la CRC Nouvelle-Aquitaine.<\/a><\/p>\n<p class=\" wall-content\">Un d\u00e9ficit de <strong>800\u2009000\u00a0euros<\/strong> a \u00e9t\u00e9 constat\u00e9 \u00e0 la cl\u00f4ture de l\u2019exercice 2022, au printemps suivant. \u00ab\u2009Sup\u00e9rieur d\u2019un tiers aux fonds propres disponibles, un tel d\u00e9ficit compromettait l\u2019existence m\u00eame de la structure\u2009\u00bb, souligne la CRC. Mal anticip\u00e9, la Chambre r\u00e9gionale pointe du doigt \u00ab\u2009une <strong>pr\u00e9sentation trompeuse<\/strong> du budget pr\u00e9visionnel (300\u2009000\u00a0euros de recettes gonfl\u00e9es, ndlr) et d\u2019un emballement des d\u00e9penses (500\u2009000\u00a0euros)\u2009\u00bb.<\/p>\n<p class=\" wall-content\">Le secr\u00e9taire g\u00e9n\u00e9ral recrut\u00e9 en 2019 s\u2019occupait de l\u2019essentiel des fonctions financi\u00e8res, comptables et budg\u00e9taires depuis le changement de direction en 2021. Apr\u00e8s la d\u00e9couverte du d\u00e9ficit, l\u2019association avait port\u00e9 plainte contre le secr\u00e9taire et l\u2019avait licenci\u00e9 pour faute grave. On lui reprochait un d\u00e9tournement de \u00ab\u200943\u2009600\u00a0euros entre janvier\u00a02022 et mars\u00a02023\u2009\u00bb. Il aurait notamment b\u00e9n\u00e9fici\u00e9 de \u00ab\u2009trois augmentations salariales qui n\u2019avaient pas \u00e9t\u00e9 approuv\u00e9es par la direction\u2009\u00bb.<\/p>\n<p>D\u2019autres d\u00e9penses point\u00e9es du doigt<\/p>\n<p class=\" wall-content\">Mais la Chambre estime que les d\u00e9tournements reproch\u00e9s au secr\u00e9taire g\u00e9n\u00e9ral n\u2019expliquent \u00ab\u2009que 5\u2009% environ de la perte constat\u00e9e \u00e0 fin 2022\u2009\u00bb et rel\u00e8ve de nombreuses anomalies. En 2021, l\u2019ancien directeur artistique re\u00e7oit des <strong>indemnit\u00e9s injustifi\u00e9es<\/strong> \u00e0 l\u2019occasion de son d\u00e9part en retraite. \u00ab\u2009Deux erreurs all\u00e9gu\u00e9es de calcul ont abouti \u00e0 lui verser une somme indue de 36\u2009691\u00a0\u20ac, soit 44\u2009% du total vers\u00e9\u2009\u00bb, d\u00e9taille le rapport.<\/p>\n<p class=\" wall-content\">Pour son d\u00e9part et celle de la directrice historique, l\u2019association a organis\u00e9 une soir\u00e9e de remerciements pour la modique somme de 45\u2009143\u00a0euros. <strong>Une d\u00e9pense faramineuse,<\/strong> exc\u00e9dant de 50\u2009% l\u2019enveloppe allou\u00e9e dans le budget. Sans compter que l\u2019association a eu \u00ab\u2009recours \u00e0 un prestataire externe sans mise en concurrence pr\u00e9alable\u2009\u00bb, ne suivant pas les obligations juridiques.<\/p>\n<p>Votre r\u00e9gion, votre actu !<\/p>\n<p>Recevez chaque jour les infos qui comptent pour vous.<\/p>\n<p>\t<a href=\"https:\/\/actu.fr\/newsletter\" class=\"ac-btn ac-btn--corner ac-btn--medium ac-btn--blue800\" target=\"_blank\" rel=\"noopener\">S&rsquo;incrire<\/a><\/p>\n<p class=\" wall-content\">En parall\u00e8le, le directeur en fonction a \u00ab\u2009b\u00e9n\u00e9fici\u00e9 de <strong>plusieurs avantages financiers<\/strong> qui ne reposent sur aucun accord \u00e9crit, ni sur son contrat de travail\u2009\u00bb. En 2022, une prime exceptionnelle de 3\u2009498\u00a0euros lui est vers\u00e9e et environ <strong>40\u2009000\u00a0euros de frais de d\u00e9placement vers sa famille<\/strong> au Qu\u00e9bec lui sont rembours\u00e9s. Des d\u00e9penses non justifi\u00e9es suppl\u00e9mentaires \u00ab\u2009d\u00e9passent potentiellement 20\u2009000\u00a0euros\u2009\u00bb.<\/p>\n<p class=\" wall-content\">Ce d\u00e9rapage incontr\u00f4l\u00e9 \u00ab\u2009n\u2019a \u00e9t\u00e9 rendu possible que par <strong>l\u2019absence de dispositifs de contr\u00f4le<\/strong> et plus globalement d\u2019int\u00e9r\u00eat suffisant manifest\u00e9 par la direction pour les questions financi\u00e8res\u2009\u00bb, d\u00e9plore la Chambre r\u00e9gionale des comptes. D\u2019autant plus que les services avaient alert\u00e9 la direction de la situation d\u00e8s l\u2019\u00e9t\u00e9 2022. D\u00e9but 2023, l\u2019emballement des d\u00e9penses continuait, conduisant \u00e0 un d\u00e9ficit de 130\u2009000\u00a0euros \u00e0 la fin de l\u2019ann\u00e9e.<\/p>\n<p>La Ville et la M\u00e9tropole r\u00e9clament un remboursement<\/p>\n<p class=\" wall-content\">\u00ab\u2009On a appris lors du dernier <strong>conseil d\u2019administration<\/strong> la situation alarmante\u2009\u00bb, lance le maire de Bordeaux Pierre Hurmic ce vendredi 24\u00a0octobre. Dans un communiqu\u00e9 commun avec Christine Bost, pr\u00e9sidente de <a href=\"https:\/\/actu.fr\/tag\/bordeaux-metropole\" target=\"_blank\" rel=\"noopener\">Bordeaux M\u00e9tropole,<\/a> ils \u00ab\u2009d\u00e9plorent que les dirigeants de l\u2019association n\u2019aient pas estim\u00e9 n\u00e9cessaire de pr\u00e9venir leurs principaux financeurs de ces manquements graves\u2009\u00bb avant le conseil de la veille.<\/p>\n<p class=\" wall-content\">\u00ab\u2009\u00c0 elles seules, la ville de Bordeaux (29\u2009% de ses recettes d\u2019exploitation), la m\u00e9tropole (27\u2009%) et la direction r\u00e9gionale des affaires culturelles (13\u2009%) ont fourni \u00e0 l\u2019association <strong>69\u2009% de ses produits<\/strong> entre\u00a02019 et\u00a02024\u2009\u00bb, d\u00e9taille le rapport.\u00a0L\u2019association ne paie pas de loyer \u00e0 la Ville de Bordeaux qui l\u2019h\u00e9berge, mais la redevance est \u00ab\u2009valoris\u00e9e en aide en nature dans les conventions annuelles de subventionnement \u00e0 hauteur de 195\u2009000\u00a0euros\u2009\u00bb.<\/p>\n<p class=\" wall-content\">Les deux institutions demandent \u00ab\u2009un <strong>remboursement imm\u00e9diat<\/strong> des sommes d\u00e9pens\u00e9es \u00e0 des fins non professionnelles et une profonde \u00e9volution de la gouvernance de l\u2019association\u2009\u00bb. En cas contraire, elles se \u00ab\u2009r\u00e9servent la possibilit\u00e9 d\u2019actionner toutes les suites administratives et judiciaires jug\u00e9es n\u00e9cessaires\u2009\u00bb.<\/p>\n<p>Une situation qui s\u2019am\u00e9liore timidement<\/p>\n<p class=\" wall-content\">En quelques ann\u00e9es, l\u2019association a commenc\u00e9 \u00e0 <strong>redresser la barre,<\/strong> souligne tout de m\u00eame la Cour des comptes. Un mandataire judiciaire d\u00e9sign\u00e9 en juin\u00a02023 a permis de restructurer les pr\u00eats en cours et \u00ab\u2009l\u2019ensemble des dettes fiscales, sociales et fournisseurs ont \u00e9t\u00e9 \u00e9tal\u00e9es jusqu\u2019en novembre\u00a02025, sans application de p\u00e9nalit\u00e9s.\u2009\u00bb L\u2019association a \u00e9galement \u00ab\u2009r\u00e9duit son activit\u00e9, r\u00e9alis\u00e9 des efforts en gestion et diminu\u00e9 le nombre de ses emplois par non-renouvellement des contrats \u00e0 dur\u00e9e d\u00e9termin\u00e9e et non-remplacement des postes vacants\u2009\u00bb et utilise de nouveaux outils de gestion et des budgets plus complets.<\/p>\n<p class=\" wall-content\">Le directeur en fonction a d\u00e9j\u00e0 sign\u00e9 <strong>deux reconnaissances de dettes<\/strong>, l\u2019un de 6\u2009981\u00a0euros sur ces derni\u00e8res d\u00e9penses, l\u2019autre de 4\u2009705\u00a0euros sur certains voyages au Qu\u00e9bec. \u00ab\u2009La chambre a recommand\u00e9 \u00e0 l\u2019association de demander au directeur le remboursement des autres d\u00e9penses dont la prise en charge ne peut pas \u00eatre justifi\u00e9e.\u2009\u00bb<\/p>\n<p class=\" wall-content\">La part des ressources propres dans le total de ses produits a augment\u00e9 substantiellement en passant de 2\u2009% en 2022 \u00e0 11\u2009% en 2024 (une perte de 26\u2009521\u00a0euros a tout de m\u00eame \u00e9t\u00e9 constat\u00e9e en 2024). \u00ab\u2009Il est imp\u00e9ratif de <strong>poursuivre sur cette voie,<\/strong> dans un contexte de rar\u00e9faction de l\u2019argent public\u2009\u00bb, pr\u00e9cise la CDC. <strong>\u00ab\u2009La situation financi\u00e8re reste encore pr\u00e9caire.\u2009\u00bb<\/strong><\/p>\n<p class=\" wall-content\">Personnalisez votre actualit\u00e9 en ajoutant vos villes et m\u00e9dias en favori avec <a href=\"https:\/\/moncompte.actu.fr\" title=\"D\u00e9couvez Mon Actu\" rel=\"nofollow noopener\" data-trk=\"{&quot;cta&quot;:{&quot;action&quot;:&quot;https:\\\/\\\/moncompte.actu.fr&quot;,&quot;category&quot;:&quot;mon compte&quot;,&quot;from&quot;:&quot;article footer&quot;,&quot;name&quot;:&quot;Mon actu&quot;,&quot;type&quot;:&quot;cta&quot;}}\" target=\"_blank\">Mon Actu<\/a>.<\/p>\n","protected":false},"excerpt":{"rendered":"Par Juliette Cardinale Publi\u00e9 le 24 oct. 2025 \u00e0 19h46 L\u2019association Arc en r\u00eave traverse une profonde crise&hellip;\n","protected":false},"author":2,"featured_media":487325,"comment_status":"","ping_status":"","sticky":false,"template":"","format":"standard","meta":{"footnotes":""},"categories":[2817],"tags":[1111,11,1261,1997,1003,1777,674,1011,27,12,2219,25,104],"class_list":{"0":"post-487324","1":"post","2":"type-post","3":"status-publish","4":"format-standard","5":"has-post-thumbnail","7":"category-bordeaux","8":"tag-actu","9":"tag-actualites","10":"tag-argent","11":"tag-bordeaux","12":"tag-budget","13":"tag-eu","14":"tag-europe","15":"tag-fr","16":"tag-france","17":"tag-news","18":"tag-nouvelle-aquitaine","19":"tag-republique-francaise","20":"tag-societe"},"share_on_mastodon":{"url":"https:\/\/pubeurope.com\/@fr\/115430428813646499","error":""},"_links":{"self":[{"href":"https:\/\/www.europesays.com\/fr\/wp-json\/wp\/v2\/posts\/487324","targetHints":{"allow":["GET"]}}],"collection":[{"href":"https:\/\/www.europesays.com\/fr\/wp-json\/wp\/v2\/posts"}],"about":[{"href":"https:\/\/www.europesays.com\/fr\/wp-json\/wp\/v2\/types\/post"}],"author":[{"embeddable":true,"href":"https:\/\/www.europesays.com\/fr\/wp-json\/wp\/v2\/users\/2"}],"replies":[{"embeddable":true,"href":"https:\/\/www.europesays.com\/fr\/wp-json\/wp\/v2\/comments?post=487324"}],"version-history":[{"count":0,"href":"https:\/\/www.europesays.com\/fr\/wp-json\/wp\/v2\/posts\/487324\/revisions"}],"wp:featuredmedia":[{"embeddable":true,"href":"https:\/\/www.europesays.com\/fr\/wp-json\/wp\/v2\/media\/487325"}],"wp:attachment":[{"href":"https:\/\/www.europesays.com\/fr\/wp-json\/wp\/v2\/media?parent=487324"}],"wp:term":[{"taxonomy":"category","embeddable":true,"href":"https:\/\/www.europesays.com\/fr\/wp-json\/wp\/v2\/categories?post=487324"},{"taxonomy":"post_tag","embeddable":true,"href":"https:\/\/www.europesays.com\/fr\/wp-json\/wp\/v2\/tags?post=487324"}],"curies":[{"name":"wp","href":"https:\/\/api.w.org\/{rel}","templated":true}]}}