{"id":487326,"date":"2025-10-24T17:55:09","date_gmt":"2025-10-24T17:55:09","guid":{"rendered":"https:\/\/www.europesays.com\/fr\/487326\/"},"modified":"2025-10-24T17:55:09","modified_gmt":"2025-10-24T17:55:09","slug":"un-adolescent-de-15-ans-blesse-lors-dune-agression-au-couteau","status":"publish","type":"post","link":"https:\/\/www.europesays.com\/fr\/487326\/","title":{"rendered":"un adolescent de 15 ans bless\u00e9 lors d&rsquo;une agression au couteau"},"content":{"rendered":"<p>            Par<br \/>\n        <strong><br \/>\n            <a href=\"https:\/\/actu.fr\/auteur\/guillaume-laurens\" title=\"Consulter tous les articles de Guillaume Laurens\" target=\"_blank\" rel=\"noopener\">Guillaume Laurens<\/a><br \/>\n        <\/strong><\/p>\n<p>        Publi\u00e9 le<\/p>\n<p>            24 oct. 2025 \u00e0 18h51        <\/p>\n<p>Peu apr\u00e8s 17 heures, ce vendredi 24 octobre 2025, les secours sont intervenus au niveau du <strong>chemin Carrosse<\/strong>, situ\u00e9 <a href=\"https:\/\/actu.fr\/occitanie\/toulouse_31555\/apres-des-annees-de-galere-ce-quartier-de-toulouse-et-ses-commerces-esperent-enfin-rebondir_62979188.html\" target=\"_blank\" rel=\"noopener\">quartier <strong>Montaudran<\/strong><\/a> \u00e0 <a href=\"https:\/\/actu.fr\/toulouse\/\" target=\"_blank\" rel=\"noopener\"><strong>Toulouse<\/strong><\/a>, pour venir en aide \u00e0 un adolescent, victime d\u2019une <strong>agression par arme blanche<\/strong>\u00a0et bless\u00e9 \u00e0 l\u2019abdomen.<\/p>\n<p>\u00c9vacu\u00e9 vers l\u2019H\u00f4pital Rangueil pour des soins<\/p>\n<p class=\" wall-content\">D\u2019apr\u00e8s nos informations, quand les policiers sont arriv\u00e9s sur place, <strong>trois mineurs<\/strong> se sont approch\u00e9s et l\u2019un d\u2019eux a indiqu\u00e9 avoir re\u00e7u <strong>un coup de couteau<\/strong> au niveau du flanc droit.<\/p>\n<p class=\" wall-content\">Rapidement pris en charge, ce <strong>gar\u00e7on, \u00e2g\u00e9 de 15 ans<\/strong> seulement, a \u00e9t\u00e9 \u00e9vacu\u00e9 par les pompiers de Ramonville-Buchens et Toulouse-Carsalade vers <strong>l\u2019H\u00f4pital Rangueil<\/strong> pour y recevoir des soins. Son <strong>pronostic vital<\/strong> n\u2019est toutefois <strong>pas engag\u00e9<\/strong>.<\/p>\n<p>Une agression bien myst\u00e9rieuse<\/p>\n<p class=\" wall-content\">Que s\u2019est-il pass\u00e9, ce vendredi, dans ce quartier ? Pour l\u2019heure, c\u2019est le <strong>myst\u00e8re absolu<\/strong>. Selon nos sources, la jeune victime a d\u00e9clar\u00e9 aux enqu\u00eateurs <strong>ne pas conna\u00eetre ses agresseurs<\/strong> et ne pas avoir non plus de <strong>description<\/strong> \u00e0 leur fournir, alors que ses deux amis ont assur\u00e9 ne pas \u00eatre pr\u00e9sents lors de l\u2019altercation.<\/p>\n<p>Vid\u00e9os : en ce moment sur Actu<br \/>\n    <a href=\"https:\/\/www.google.com\/maps\/embed?pb=!1m18!1m12!1m3!1d2890.487724143961!2d1.477973377686553!3d43.57555645744679!2m3!1f0!2f0!3f0!3m2!1i1024!2i768!4f13.1!3m3!1m2!1s0x12aebc4bbdf3e36d%3A0x1980eebfbf854ebb!2sChem.%20Carrosse%2C%2031400%20Toulouse!5e0!3m2!1sfr!2sfr!4v1761323952901!5m2!1sfr!2sfr\" title=\"Ouvrie le lien\" target=\"_blank\" rel=\"noopener\">Cliquez ici pour visualiser le contenu<\/a><\/p>\n<p class=\" wall-content\">Personnalisez votre actualit\u00e9 en ajoutant vos villes et m\u00e9dias en favori avec <a href=\"https:\/\/moncompte.actu.fr\" title=\"D\u00e9couvez Mon Actu\" rel=\"nofollow noopener\" data-trk=\"{&quot;cta&quot;:{&quot;action&quot;:&quot;https:\\\/\\\/moncompte.actu.fr&quot;,&quot;category&quot;:&quot;mon compte&quot;,&quot;from&quot;:&quot;article footer&quot;,&quot;name&quot;:&quot;Mon actu&quot;,&quot;type&quot;:&quot;cta&quot;}}\" target=\"_blank\">Mon Actu<\/a>.<\/p>\n","protected":false},"excerpt":{"rendered":"Par Guillaume Laurens Publi\u00e9 le 24 oct. 2025 \u00e0 18h51 Peu apr\u00e8s 17 heures, ce vendredi 24 octobre&hellip;\n","protected":false},"author":2,"featured_media":487327,"comment_status":"","ping_status":"","sticky":false,"template":"","format":"standard","meta":{"footnotes":""},"categories":[2816],"tags":[1111,11,1777,674,118,1011,27,12,2680,1072,25,2312],"class_list":{"0":"post-487326","1":"post","2":"type-post","3":"status-publish","4":"format-standard","5":"has-post-thumbnail","7":"category-toulouse","8":"tag-actu","9":"tag-actualites","10":"tag-eu","11":"tag-europe","12":"tag-faits-divers","13":"tag-fr","14":"tag-france","15":"tag-news","16":"tag-occitanie","17":"tag-police","18":"tag-republique-francaise","19":"tag-toulouse"},"share_on_mastodon":{"url":"https:\/\/pubeurope.com\/@fr\/115430432790614141","error":""},"_links":{"self":[{"href":"https:\/\/www.europesays.com\/fr\/wp-json\/wp\/v2\/posts\/487326","targetHints":{"allow":["GET"]}}],"collection":[{"href":"https:\/\/www.europesays.com\/fr\/wp-json\/wp\/v2\/posts"}],"about":[{"href":"https:\/\/www.europesays.com\/fr\/wp-json\/wp\/v2\/types\/post"}],"author":[{"embeddable":true,"href":"https:\/\/www.europesays.com\/fr\/wp-json\/wp\/v2\/users\/2"}],"replies":[{"embeddable":true,"href":"https:\/\/www.europesays.com\/fr\/wp-json\/wp\/v2\/comments?post=487326"}],"version-history":[{"count":0,"href":"https:\/\/www.europesays.com\/fr\/wp-json\/wp\/v2\/posts\/487326\/revisions"}],"wp:featuredmedia":[{"embeddable":true,"href":"https:\/\/www.europesays.com\/fr\/wp-json\/wp\/v2\/media\/487327"}],"wp:attachment":[{"href":"https:\/\/www.europesays.com\/fr\/wp-json\/wp\/v2\/media?parent=487326"}],"wp:term":[{"taxonomy":"category","embeddable":true,"href":"https:\/\/www.europesays.com\/fr\/wp-json\/wp\/v2\/categories?post=487326"},{"taxonomy":"post_tag","embeddable":true,"href":"https:\/\/www.europesays.com\/fr\/wp-json\/wp\/v2\/tags?post=487326"}],"curies":[{"name":"wp","href":"https:\/\/api.w.org\/{rel}","templated":true}]}}