{"id":487330,"date":"2025-10-24T17:57:17","date_gmt":"2025-10-24T17:57:17","guid":{"rendered":"https:\/\/www.europesays.com\/fr\/487330\/"},"modified":"2025-10-24T17:57:17","modified_gmt":"2025-10-24T17:57:17","slug":"un-enorme-bouchon-a-la-sortie-de-lille-ce-vendredi-apres-un-accident-impliquant-neuf-vehicules","status":"publish","type":"post","link":"https:\/\/www.europesays.com\/fr\/487330\/","title":{"rendered":"un \u00e9norme bouchon \u00e0 la sortie de Lille ce vendredi apr\u00e8s un accident impliquant neuf v\u00e9hicules"},"content":{"rendered":"<p>            Par<br \/>\n        <strong><br \/>\n            <a href=\"https:\/\/actu.fr\/auteur\/nicolas-demollien\" title=\"Consulter tous les articles de Nicolas Demollien\" target=\"_blank\" rel=\"noopener\">Nicolas Demollien<\/a><br \/>\n        <\/strong><\/p>\n<p>        Publi\u00e9 le<\/p>\n<p>            24 oct. 2025 \u00e0 17h35<br \/>\n        ; mis \u00e0 jour le 24 oct. 2025 \u00e0 18h23    <\/p>\n<p>Grande <b>prudence<\/b> si vous devez emprunter l\u2019<a href=\"https:\/\/actu.fr\/tag\/autoroute-1-a1\" target=\"_blank\" rel=\"noopener\">autoroute A1<\/a> ce vendredi 24 octobre 2025. La circulation est en effet <b>tr\u00e8s compliqu\u00e9e<\/b> apr\u00e8s un <a href=\"https:\/\/actu.fr\/tag\/accident\" target=\"_blank\" rel=\"noopener\">accident<\/a> impliquant<b> neuf v\u00e9hicules<\/b> \u00e0 la sortie de <a href=\"https:\/\/actu.fr\/hauts-de-france\/lille_59350\" target=\"_blank\" rel=\"noopener\">Lille<\/a> (Nord), en <b>direction de Paris<\/b>. Un <b>\u00e9norme bouchon<\/b> s\u2019est form\u00e9.<\/p>\n<p>Gros bouchon sur l\u2019A1 apr\u00e8s un carambolage \u00e0 la sortie de Lille<\/p>\n<p class=\" wall-content\">Il \u00e9tait aux alentours de 17h lorsque le <b>carambolage <\/b>s\u2019est produit, \u00e0 hauteur de <a href=\"https:\/\/actu.fr\/hauts-de-france\/camphin-en-carembault_59123\" target=\"_blank\" rel=\"noopener\">Camphin-en-Carembault<\/a>.\u00a0<\/p>\n<p class=\" wall-content\">Alors que la circulation est toujours tr\u00e8s charg\u00e9e sur cet axe \u00e0 cette heure de l\u2019apr\u00e8s-midi, \u00ab\u00a0la circulation s\u2019effectue <b>uniquement sur la voie de\u00a0droite<\/b>\u00ab\u00a0, pr\u00e9cise-t-on du c\u00f4t\u00e9 de la pr\u00e9fecture.<\/p>\n<p class=\" wall-content\">A 17h15, c\u2019est un <b>bouchon d\u2019une dizaine de kilom\u00e8tres<\/b>, en augmentation, qui s\u2019\u00e9tait d\u00e9j\u00e0 form\u00e9 \u00e0 l\u2019arri\u00e8re de cet accident.<\/p>\n<p class=\" wall-content\">Une heure plus tard, l\u2019ensemble des v\u00e9hicules avait pu \u00eatre enlev\u00e9 des voies et le bouchon pouvait commencer \u00e0 se r\u00e9sorber.<\/p>\n<p class=\" wall-content\">La pr\u00e9fecture recommande d\u2019\u00e9viter le secteur si vous le pouvez.<\/p>\n<p class=\" wall-content\">\n<p class=\" wall-content\">Nous ignorons si l\u2019accident a fait des bless\u00e9s.\u00a0<\/p>\n<p class=\" wall-content\">Personnalisez votre actualit\u00e9 en ajoutant vos villes et m\u00e9dias en favori avec <a href=\"https:\/\/moncompte.actu.fr\" title=\"D\u00e9couvez Mon Actu\" rel=\"nofollow noopener\" data-trk=\"{&quot;cta&quot;:{&quot;action&quot;:&quot;https:\\\/\\\/moncompte.actu.fr&quot;,&quot;category&quot;:&quot;mon compte&quot;,&quot;from&quot;:&quot;article footer&quot;,&quot;name&quot;:&quot;Mon actu&quot;,&quot;type&quot;:&quot;cta&quot;}}\" target=\"_blank\">Mon Actu<\/a>.<\/p>\n","protected":false},"excerpt":{"rendered":"Par Nicolas Demollien Publi\u00e9 le 24 oct. 2025 \u00e0 17h35 ; mis \u00e0 jour le 24 oct. 2025&hellip;\n","protected":false},"author":2,"featured_media":487331,"comment_status":"","ping_status":"","sticky":false,"template":"","format":"standard","meta":{"footnotes":""},"categories":[2815],"tags":[119,1111,11,9904,3542,1777,674,118,1011,27,811,1307,12,25],"class_list":{"0":"post-487330","1":"post","2":"type-post","3":"status-publish","4":"format-standard","5":"has-post-thumbnail","7":"category-lille","8":"tag-accident","9":"tag-actu","10":"tag-actualites","11":"tag-autoroute-1-a1","12":"tag-circulation","13":"tag-eu","14":"tag-europe","15":"tag-faits-divers","16":"tag-fr","17":"tag-france","18":"tag-hauts-de-france","19":"tag-lille","20":"tag-news","21":"tag-republique-francaise"},"share_on_mastodon":{"url":"https:\/\/pubeurope.com\/@fr\/115430440625461269","error":""},"_links":{"self":[{"href":"https:\/\/www.europesays.com\/fr\/wp-json\/wp\/v2\/posts\/487330","targetHints":{"allow":["GET"]}}],"collection":[{"href":"https:\/\/www.europesays.com\/fr\/wp-json\/wp\/v2\/posts"}],"about":[{"href":"https:\/\/www.europesays.com\/fr\/wp-json\/wp\/v2\/types\/post"}],"author":[{"embeddable":true,"href":"https:\/\/www.europesays.com\/fr\/wp-json\/wp\/v2\/users\/2"}],"replies":[{"embeddable":true,"href":"https:\/\/www.europesays.com\/fr\/wp-json\/wp\/v2\/comments?post=487330"}],"version-history":[{"count":0,"href":"https:\/\/www.europesays.com\/fr\/wp-json\/wp\/v2\/posts\/487330\/revisions"}],"wp:featuredmedia":[{"embeddable":true,"href":"https:\/\/www.europesays.com\/fr\/wp-json\/wp\/v2\/media\/487331"}],"wp:attachment":[{"href":"https:\/\/www.europesays.com\/fr\/wp-json\/wp\/v2\/media?parent=487330"}],"wp:term":[{"taxonomy":"category","embeddable":true,"href":"https:\/\/www.europesays.com\/fr\/wp-json\/wp\/v2\/categories?post=487330"},{"taxonomy":"post_tag","embeddable":true,"href":"https:\/\/www.europesays.com\/fr\/wp-json\/wp\/v2\/tags?post=487330"}],"curies":[{"name":"wp","href":"https:\/\/api.w.org\/{rel}","templated":true}]}}