{"id":487373,"date":"2025-10-24T18:23:09","date_gmt":"2025-10-24T18:23:09","guid":{"rendered":"https:\/\/www.europesays.com\/fr\/487373\/"},"modified":"2025-10-24T18:23:09","modified_gmt":"2025-10-24T18:23:09","slug":"un-carre-et-humbert-en-veut-encore-eurosport","status":"publish","type":"post","link":"https:\/\/www.europesays.com\/fr\/487373\/","title":{"rendered":"Un carr\u00e9 et Humbert en veut encore &#8211; Eurosport"},"content":{"rendered":"<ol>\n<li><a href=\"https:\/\/news.google.com\/rss\/articles\/CBMi_gFBVV95cUxQc2h2MDFpTGhnaXRBaVNTZzRCUEpRbDlrMXM5RXY4TDJzMUp4b1NUemVQeVVISHlpdEsyeFdodmRfaldXUjhDRExKbUx3cjBsYmpNRFFYcExFeEZCbUY5QktYQ2VPNnJjWUd1VVVkdG5KenFNSEdpT2RwTGktZXRXVURCSmh3V0lxZEdDZlc2R2liZEpjSlJqenBkc3lpQmJIRkJoUktLcjlLZDNBamZoZFFXVEJ0cnI0emdCNGQ2U1BSRWpsaTFnNG1LeXZ3Tlhzd0E5MVVndm1NUEdweXhuTEZ0bEFnS3FoS3ZjVVNWa2k5ZmF3dkhQalRXdWFhQQ?oc=5\" target=\"_blank\" rel=\"nofollow noopener\">Un carr\u00e9 et Humbert en veut encore<\/a>&nbsp;&nbsp;Eurosport<\/li>\n<li><a href=\"https:\/\/news.google.com\/rss\/articles\/CBMiywFBVV95cUxOak9ZaUdSQ0dKcEgxZEMxRWkzNFFtYUhuR1NTTHcwdTRkTF80Q25PQUxJWnhTbWE3aFo3WTZ1MWJ6U3ZqS0Y3SmlTeHRfQ19SMWItdER5V3lvX3ZwNHQzR1NMNGdKeDdNSXZsOHA2bmdpTXVHdi1qWnE2eDR0Ri13d3BEa0t0and2NS1YNkpjWUNKSGkxc3JPZW5EZGFkNFBBSWFpREQzQzcxOEw5RWFwdUJKYTBUQTZpZTNZUmJPWi1FTmN2d2VKbC1Gdw?oc=5\" target=\"_blank\" rel=\"nofollow noopener\">Ugo Humbert passe l&rsquo;obstacle Reilly Opelka pour filer en demies du tournoi de B\u00e2le<\/a>&nbsp;&nbsp;L&rsquo;\u00c9quipe<\/li>\n<li><a href=\"https:\/\/news.google.com\/rss\/articles\/CBMivAFBVV95cUxOaTFWZjNPQmlxV2IyVWxLRVFlNG8wNzdLT181Ti02eHpYRlNaTjJpTjBYTUZxMm9RX0tPV2RNUEMtdVpFZnpuOW1nQ1JsOGg5VXUzOXNpVVVUQ1NiX0lwcktvX0ZtWDZWRGNnWkdZNE9hSFhjdVpRY3ZTeE5id0NwS0hOcW5uQU0xZVhHY2JvN3pYd0MwS0JHSkVFTzlqTGJMaTBRMzltUGtTN3hWUWdkYi00eFJOa2hMTEctYtIBuwFBVV95cUxNbW5INUZ0WGZpTFplaHdkT1VhUGN6WFBVa2NXU3VCelFYT09GRHVxRnJJdkJ4dXBYX2ZfRVQ1QTlKM2FrVVFZcTJacEFueHc5M3ZHdU41SVFnbVNsaEsxY3N3UEtoUk85a1FmeDZJX1VsN1BlQVp0WVJEMWVjT0djajZhNjhjdDhlOFRGaWdjaGVoM2MxT3FSYWZ6NERyR3dabGhSLWYyb2RDWW9vMTAwN1Y2SlpoUm9oMWx3?oc=5\" target=\"_blank\" rel=\"nofollow noopener\">ATP &#8211; B\u00e2le : Humbert domine Opelka et verra les demi-finales : Sports &#8211; Orange<\/a>&nbsp;&nbsp;Sports &#8211; Orange<\/li>\n<li><a href=\"https:\/\/news.google.com\/rss\/articles\/CBMitwFBVV95cUxNb0FJZ1lJSjM2VndESkdSQnlCU2paODZXWlVoUHRtOUhCNlVTOVQzTDA1SVhrNVF3QUxkZXFSLWxfUGZJNWo3ZzlIRk9oNHdtaXZXRHpNZ1VZelRwVG53MWc0enhDOWI2VW9VdHVESlpDNy1tLThFNXd3dkpHSWNyRmczdTFjRFhIc256U3pRaHQtU3V3VXFDbE9xLU5mOGhzWGFDQUQtcTBsaWlPNmdlSU9VOFJEREk?oc=5\" target=\"_blank\" rel=\"nofollow noopener\">Tennis : solide, Ugo Humbert \u00e9limine Taylor Fritz en 8e de finale \u00e0 B\u00e2le<\/a>&nbsp;&nbsp;Le Figaro<\/li>\n<li><a href=\"https:\/\/news.google.com\/rss\/articles\/CBMicEFVX3lxTFAwaEVmQjI3RnU5SmVaaUVlR0NNQnV3ZXk2U0YyLWdxZ3pOS0oxRklPeUhsd0tnSko4aEdzLXhGQUVsQ19RTUJSdEYtMmVtREVSQzFwYTNGRTlSR3BqUnBuYWNiT213ZTVGWGtFZ1ZQSEI?oc=5\" target=\"_blank\" rel=\"nofollow noopener\">Tennis &#8211; Swiss Indoors de B\u00e2le. La roue tourne pour Ugo Humbert<\/a>&nbsp;&nbsp;L&rsquo;Alsace<\/li>\n<\/ol>\n","protected":false},"excerpt":{"rendered":"Un carr\u00e9 et Humbert en veut encore&nbsp;&nbsp;Eurosport Ugo Humbert passe l&rsquo;obstacle Reilly Opelka pour filer en demies du&hellip;\n","protected":false},"author":2,"featured_media":395849,"comment_status":"","ping_status":"","sticky":false,"template":"","format":"standard","meta":{"footnotes":""},"categories":[1415],"tags":[1011,27,60,1467],"class_list":{"0":"post-487373","1":"post","2":"type-post","3":"status-publish","4":"format-standard","5":"has-post-thumbnail","7":"category-tennis","8":"tag-fr","9":"tag-france","10":"tag-sports","11":"tag-tennis"},"share_on_mastodon":{"url":"https:\/\/pubeurope.com\/@fr\/115430542760912191","error":""},"_links":{"self":[{"href":"https:\/\/www.europesays.com\/fr\/wp-json\/wp\/v2\/posts\/487373","targetHints":{"allow":["GET"]}}],"collection":[{"href":"https:\/\/www.europesays.com\/fr\/wp-json\/wp\/v2\/posts"}],"about":[{"href":"https:\/\/www.europesays.com\/fr\/wp-json\/wp\/v2\/types\/post"}],"author":[{"embeddable":true,"href":"https:\/\/www.europesays.com\/fr\/wp-json\/wp\/v2\/users\/2"}],"replies":[{"embeddable":true,"href":"https:\/\/www.europesays.com\/fr\/wp-json\/wp\/v2\/comments?post=487373"}],"version-history":[{"count":0,"href":"https:\/\/www.europesays.com\/fr\/wp-json\/wp\/v2\/posts\/487373\/revisions"}],"wp:featuredmedia":[{"embeddable":true,"href":"https:\/\/www.europesays.com\/fr\/wp-json\/wp\/v2\/media\/395849"}],"wp:attachment":[{"href":"https:\/\/www.europesays.com\/fr\/wp-json\/wp\/v2\/media?parent=487373"}],"wp:term":[{"taxonomy":"category","embeddable":true,"href":"https:\/\/www.europesays.com\/fr\/wp-json\/wp\/v2\/categories?post=487373"},{"taxonomy":"post_tag","embeddable":true,"href":"https:\/\/www.europesays.com\/fr\/wp-json\/wp\/v2\/tags?post=487373"}],"curies":[{"name":"wp","href":"https:\/\/api.w.org\/{rel}","templated":true}]}}