{"id":487416,"date":"2025-10-24T18:53:13","date_gmt":"2025-10-24T18:53:13","guid":{"rendered":"https:\/\/www.europesays.com\/fr\/487416\/"},"modified":"2025-10-24T18:53:13","modified_gmt":"2025-10-24T18:53:13","slug":"ce-dimanche-a-rouen-creez-une-oeuvre-et-vendez-la-aux-encheres-pour-soutenir-lathlete-alexandra-saint-pierre","status":"publish","type":"post","link":"https:\/\/www.europesays.com\/fr\/487416\/","title":{"rendered":"Ce dimanche \u00e0 Rouen, cr\u00e9ez une \u0153uvre et vendez-la aux ench\u00e8res pour soutenir l&rsquo;athl\u00e8te Alexandra Saint-Pierre"},"content":{"rendered":"<p>            Par<br \/>\n        <strong><br \/>\n            <a href=\"https:\/\/actu.fr\/auteur\/laredaction\" title=\"Consulter tous les articles de R\u00e9daction Normandie\" target=\"_blank\" rel=\"noopener\">R\u00e9daction Normandie<\/a><br \/>\n        <\/strong><\/p>\n<p>        Publi\u00e9 le<\/p>\n<p>            24 oct. 2025 \u00e0 19h52        <\/p>\n<p><strong>Gratuite et ouverte \u00e0 tous,<\/strong> une journ\u00e9e artistique et humaine se d\u00e9roulera au c\u0153ur <a href=\"https:\/\/actu.fr\/tag\/jardin-plantes-rouen\" target=\"_blank\" rel=\"noopener\">du Jardin des plantes \u00e0 Rouen<\/a> ce dimanche 26 octobre 2025. Au programme : des ateliers de cr\u00e9ation o\u00f9 enfants et jeunes adultes, amateurs comme professionnels, seront invit\u00e9s \u00e0 faire appel \u00e0 leur imagination. Jusqu\u2019\u00e0 midi, les moments de solidarit\u00e9 et de cr\u00e9ativit\u00e9 seront garantis.\u00a0<\/p>\n<p class=\" wall-content\">\u00ab\u00a0Venez peindre, dessiner, cr\u00e9er\u00a0\u00bb, voil\u00e0 l\u2019id\u00e9e \u00e0 retenir de la matin\u00e9e. La journ\u00e9e sera, \u00e9galement, plac\u00e9e sous le signe de la festivit\u00e9 avec des concerts pr\u00e9vus.\u00a0<\/p>\n<p>Vos talents feront la diff\u00e9rence<\/p>\n<p class=\" wall-content\">\u00c0 partir de 14h30, les \u0153uvres r\u00e9alis\u00e9es seront expos\u00e9es afin de les vendre aux ench\u00e8res, par Nicolas Fierfort, commissaire-priseur. Le but : soutenir l\u2019athl\u00e8te handisport Alexandra Saint-Pierre, en route vers les Jeux Paralympiques de Los Angeles 2028. Par ailleurs, des r\u00e9compenses et troph\u00e9es seront remis, en fin de journ\u00e9e, pour les artistes engag\u00e9s.\u00a0<\/p>\n<p class=\" wall-content\">Originaire de la Somme, Alexandra Saint-Pierre joue au tennis de table d\u00e8s son plus jeune \u00e2ge. Mais, \u00e0 11 ans, elle apprend qu\u2019elle est atteinte d\u2019une maladie neurologique, ce qui l\u2019oblige \u00e0 progressivement cesser la pratique. En 2017 et 2018, elle est victime de deux accidents et devient parapl\u00e9gique.<\/p>\n<p class=\" wall-content\">Un moment de sa vie qui la motive \u00e0 r\u00e9aliser son r\u00eave d\u2019enfant : devenir une grande championne de tennis de table. Elle d\u00e9cide alors de reprendre les raquettes, en s\u2019installant \u00e0 Rouen. Puis, tout s\u2019encha\u00eene : elle participe \u00e0 ses premiers championnats de France para-tennis de table o\u00f9 elle remporte la m\u00e9daille de bronze et devient championne du monde en simple, en 2022.\u00a0<\/p>\n<p>Vid\u00e9os : en ce moment sur Actu114B Avenue des Martyrs de la R\u00e9sistance, Rouen. Inscription d\u00e8s 9h pour le public (participation ateliers de cr\u00e9ation)\u00a0<br \/>\nSuivez l\u2019actualit\u00e9 de Rouen sur <a href=\"https:\/\/www.whatsapp.com\/channel\/0029VaKfnf99hXF2ddApFB1D\" target=\"_blank\" rel=\"noopener\">notre cha\u00eene WhatsApp<\/a> et sur <a href=\"https:\/\/www.tiktok.com\/@76actu.fr?lang=fr\" target=\"_blank\" rel=\"noopener\">notre compte TikTok<\/a><\/p>\n<p class=\" wall-content\"><strong>De notre correspondante Ivanna Razafindrazaka<\/strong><\/p>\n<p class=\" wall-content\">Personnalisez votre actualit\u00e9 en ajoutant vos villes et m\u00e9dias en favori avec <a href=\"https:\/\/moncompte.actu.fr\" title=\"D\u00e9couvez Mon Actu\" rel=\"nofollow noopener\" data-trk=\"{&quot;cta&quot;:{&quot;action&quot;:&quot;https:\\\/\\\/moncompte.actu.fr&quot;,&quot;category&quot;:&quot;mon compte&quot;,&quot;from&quot;:&quot;article footer&quot;,&quot;name&quot;:&quot;Mon actu&quot;,&quot;type&quot;:&quot;cta&quot;}}\" target=\"_blank\">Mon Actu<\/a>.<\/p>\n<p>                    <script async src=\"\/\/www.tiktok.com\/embed.js\"><\/script><\/p>\n","protected":false},"excerpt":{"rendered":"Par R\u00e9daction Normandie Publi\u00e9 le 24 oct. 2025 \u00e0 19h52 Gratuite et ouverte \u00e0 tous, une journ\u00e9e artistique&hellip;\n","protected":false},"author":2,"featured_media":487417,"comment_status":"","ping_status":"","sticky":false,"template":"","format":"standard","meta":{"footnotes":""},"categories":[9587],"tags":[1111,11,1777,674,1011,27,1943,1652,12,5161,25,9590,3400],"class_list":{"0":"post-487416","1":"post","2":"type-post","3":"status-publish","4":"format-standard","5":"has-post-thumbnail","7":"category-rouen","8":"tag-actu","9":"tag-actualites","10":"tag-eu","11":"tag-europe","12":"tag-fr","13":"tag-france","14":"tag-handicap","15":"tag-loisirs-culture","16":"tag-news","17":"tag-normandie","18":"tag-republique-francaise","19":"tag-rouen","20":"tag-solidarite"},"share_on_mastodon":{"url":"https:\/\/pubeurope.com\/@fr\/115430660698069371","error":""},"_links":{"self":[{"href":"https:\/\/www.europesays.com\/fr\/wp-json\/wp\/v2\/posts\/487416","targetHints":{"allow":["GET"]}}],"collection":[{"href":"https:\/\/www.europesays.com\/fr\/wp-json\/wp\/v2\/posts"}],"about":[{"href":"https:\/\/www.europesays.com\/fr\/wp-json\/wp\/v2\/types\/post"}],"author":[{"embeddable":true,"href":"https:\/\/www.europesays.com\/fr\/wp-json\/wp\/v2\/users\/2"}],"replies":[{"embeddable":true,"href":"https:\/\/www.europesays.com\/fr\/wp-json\/wp\/v2\/comments?post=487416"}],"version-history":[{"count":0,"href":"https:\/\/www.europesays.com\/fr\/wp-json\/wp\/v2\/posts\/487416\/revisions"}],"wp:featuredmedia":[{"embeddable":true,"href":"https:\/\/www.europesays.com\/fr\/wp-json\/wp\/v2\/media\/487417"}],"wp:attachment":[{"href":"https:\/\/www.europesays.com\/fr\/wp-json\/wp\/v2\/media?parent=487416"}],"wp:term":[{"taxonomy":"category","embeddable":true,"href":"https:\/\/www.europesays.com\/fr\/wp-json\/wp\/v2\/categories?post=487416"},{"taxonomy":"post_tag","embeddable":true,"href":"https:\/\/www.europesays.com\/fr\/wp-json\/wp\/v2\/tags?post=487416"}],"curies":[{"name":"wp","href":"https:\/\/api.w.org\/{rel}","templated":true}]}}