{"id":487418,"date":"2025-10-24T18:55:12","date_gmt":"2025-10-24T18:55:12","guid":{"rendered":"https:\/\/www.europesays.com\/fr\/487418\/"},"modified":"2025-10-24T18:55:12","modified_gmt":"2025-10-24T18:55:12","slug":"en-direct-football-ligue-2-le-gardien-du-gf38-repousse-plusieurs-tentatives-suivez-le-deplacement-au-red-star","status":"publish","type":"post","link":"https:\/\/www.europesays.com\/fr\/487418\/","title":{"rendered":"En direct Football &#8211; Ligue 2. Le gardien du GF38 repousse plusieurs tentatives&#8230; Suivez le d\u00e9placement au Red Star"},"content":{"rendered":"<p>&#13;<br \/>\n                                                    En direct&#13;<br \/>\n                        &#13;\n                                            <\/p>\n<p>Les Is\u00e9rois (14es,\u00a010 points) se rendent ce vendredi (20 heures) sur la pelouse du Red Star (4e,\u00a020 points) pour le compte de la 11e journ\u00e9e de Ligue 2. \u00c0 Bauer, les hommes de Franck Rizzetto se verraient bien remporter leur deuxi\u00e8me succ\u00e8s de la saison loin du Stade des Alpes, apr\u00e8s la probante victoire \u00e0 Reims (4-2). Suivez la rencontre en direct comment\u00e9.<\/p>\n<p>&#13;<br \/>\n              S.B. &#8211; &#13;<br \/>\n        &#13;<br \/>\n          Aujourd&rsquo;hui \u00e0 20:45&#13;<br \/>\n    &#13;<br \/>\n                  | mis \u00e0 jour aujourd&rsquo;hui \u00e0 20:53&#13;<br \/>\n              &#8211; Temps de lecture : &#13;<br \/>\n  &#13;<\/p>\n","protected":false},"excerpt":{"rendered":"&#13; En direct&#13; &#13; Les Is\u00e9rois (14es,\u00a010 points) se rendent ce vendredi (20 heures) sur la pelouse du&hellip;\n","protected":false},"author":2,"featured_media":487419,"comment_status":"","ping_status":"","sticky":false,"template":"","format":"standard","meta":{"footnotes":""},"categories":[9566],"tags":[1111,11,2430,3545,112,113,114,1777,674,107,1701,63,1011,27,12637,2731,2732,108,12636,12,25,517,1947],"class_list":{"0":"post-487418","1":"post","2":"type-post","3":"status-publish","4":"format-standard","5":"has-post-thumbnail","7":"category-grenoble","8":"tag-actu","9":"tag-actualites","10":"tag-auvergne-rhone-alpes","11":"tag-direct-sport","12":"tag-edition-grenoble-agglomeration","13":"tag-edition-gresivaudan-oisans","14":"tag-edition-voiron-saint-marcellin","15":"tag-eu","16":"tag-europe","17":"tag-fil-info","18":"tag-fil-info-sport","19":"tag-football","20":"tag-fr","21":"tag-france","22":"tag-gf38-grenoble-foot-38","23":"tag-grenoble","24":"tag-grenoble-bassin","25":"tag-isere","26":"tag-ligue-2-football","27":"tag-news","28":"tag-republique-francaise","29":"tag-sport","30":"tag-sport-national"},"share_on_mastodon":{"url":"https:\/\/pubeurope.com\/@fr\/115430668698731625","error":""},"_links":{"self":[{"href":"https:\/\/www.europesays.com\/fr\/wp-json\/wp\/v2\/posts\/487418","targetHints":{"allow":["GET"]}}],"collection":[{"href":"https:\/\/www.europesays.com\/fr\/wp-json\/wp\/v2\/posts"}],"about":[{"href":"https:\/\/www.europesays.com\/fr\/wp-json\/wp\/v2\/types\/post"}],"author":[{"embeddable":true,"href":"https:\/\/www.europesays.com\/fr\/wp-json\/wp\/v2\/users\/2"}],"replies":[{"embeddable":true,"href":"https:\/\/www.europesays.com\/fr\/wp-json\/wp\/v2\/comments?post=487418"}],"version-history":[{"count":0,"href":"https:\/\/www.europesays.com\/fr\/wp-json\/wp\/v2\/posts\/487418\/revisions"}],"wp:featuredmedia":[{"embeddable":true,"href":"https:\/\/www.europesays.com\/fr\/wp-json\/wp\/v2\/media\/487419"}],"wp:attachment":[{"href":"https:\/\/www.europesays.com\/fr\/wp-json\/wp\/v2\/media?parent=487418"}],"wp:term":[{"taxonomy":"category","embeddable":true,"href":"https:\/\/www.europesays.com\/fr\/wp-json\/wp\/v2\/categories?post=487418"},{"taxonomy":"post_tag","embeddable":true,"href":"https:\/\/www.europesays.com\/fr\/wp-json\/wp\/v2\/tags?post=487418"}],"curies":[{"name":"wp","href":"https:\/\/api.w.org\/{rel}","templated":true}]}}