{"id":487424,"date":"2025-10-24T18:58:19","date_gmt":"2025-10-24T18:58:19","guid":{"rendered":"https:\/\/www.europesays.com\/fr\/487424\/"},"modified":"2025-10-24T18:58:19","modified_gmt":"2025-10-24T18:58:19","slug":"apres-avoir-vole-au-secours-de-moscou-virginie-joron-veut-sauver-strasbourg","status":"publish","type":"post","link":"https:\/\/www.europesays.com\/fr\/487424\/","title":{"rendered":"Apr\u00e8s avoir vol\u00e9 au secours de Moscou, Virginie Joron veut \u00ab\u00a0sauver Strasbourg\u00a0\u00bb"},"content":{"rendered":"<p class=\"wp-block-post-excerpt__excerpt\">Virginie Joron a officialis\u00e9 sa candidature aux \u00e9lections municipales 2026 pour le Rassemblement national. Apr\u00e8s avoir servi les int\u00e9r\u00eats russes en l\u00e9gitimant un r\u00e9f\u00e9rendum douteux, l\u2019eurod\u00e9put\u00e9e d\u2019extr\u00eame droite veut \u00ab\u00a0sauver Strasbourg\u00a0\u00bb. <\/p>\n<p class=\"font-sans\">\n\t\t\tCet article est en acc\u00e8s libre. Pour soutenir Rue89 Strasbourg,<br \/>\n\t\t\t<a class=\"underline\" href=\"https:\/\/www.rue89strasbourg.com\/abonnement\" rel=\"nofollow noopener\" target=\"_blank\">abonnez-vous<\/a>.\n\t\t<\/p>\n<p>Guillaume Krempp<\/p>\n<p>Publi\u00e9 le 24 octobre 2025\u00a0\u00a0\u00b7\u00a0\u00a0<\/p>\n<p>Imprim\u00e9 le 24 octobre 2025 \u00e0 20h07\u00a0\u00a0\u00b7\u00a0\u00a0<\/p>\n<p>Modifi\u00e9 le 24 octobre 2025\u00a0\u00a0\u00b7\u00a0\u00a0<\/p>\n<p>\t\t\t\t\t4\u00a0minutes\n<\/p>\n<p class=\"has-drop-cap\">Strasbourg est \u00e0 l\u2019agonie, d\u2019apr\u00e8s Virginie Joron. C\u2019est pourquoi l\u2019eurod\u00e9put\u00e9e d\u2019extr\u00eame droite veut \u00ab\u00a0sauver Strasbourg\u00a0\u00bb, du nom de sa liste. Dans un communiqu\u00e9 dat\u00e9 du jeudi 23 octobre, cette membre du Rassemblement national annonce sa candidature aux \u00e9lections municipales 2026. \u00ab\u00a0\u00c0 Strasbourg, trop de d\u00e9cisions sont prises loin des r\u00e9alit\u00e9s du quotidien, loin des habitants, loin du bon sens. Les \u00e9cologistes \u00e0 la t\u00eate de la municipalit\u00e9 et ont ridiculis\u00e9 cette ville historique\u00a0\u00bb, d\u00e9nonce l\u2019ancienne conseill\u00e8re r\u00e9gionale RN. Elle assure ensuite\u00a0: \u00ab\u00a0Je veux une mairie qui \u00e9coute, qui prot\u00e8ge et qui agit pour tous.\u00a0\u00bb<\/p>\n<p><a href=\"https:\/\/www.rue89strasbourg.com\/abonnement\/6-mois-municipales\" rel=\"nofollow noopener\" target=\"_blank\"><img loading=\"lazy\" decoding=\"async\" width=\"970\" height=\"250\" src=\"https:\/\/www.europesays.com\/fr\/wp-content\/uploads\/2025\/10\/bannie\u0300re-desktop-promo-municipales.gif\" alt=\"\" class=\"wp-image-363826\"\/><\/a><\/p>\n<p><a href=\"https:\/\/www.rue89strasbourg.com\/abonnement\/6-mois-municipales\" rel=\"nofollow noopener\" target=\"_blank\"><img loading=\"lazy\" decoding=\"async\" width=\"300\" height=\"300\" src=\"https:\/\/www.europesays.com\/fr\/wp-content\/uploads\/2025\/10\/bannie\u0300re-mobile-promo-municipales.png\" alt=\"\" class=\"wp-image-363827\"  \/><\/a><\/p>\n<p>Premier rat\u00e9 de communication<\/p>\n<p>Virginie Joron a donn\u00e9 une premi\u00e8re id\u00e9e de son sens de la protection de tous <a href=\"https:\/\/www.facebook.com\/share\/r\/19Z32F1PYi\/\" target=\"_blank\" rel=\"noreferrer noopener nofollow\">dans un post Facebook<\/a> dat\u00e9 du vendredi 10 octobre. L\u2019eurod\u00e9put\u00e9e y fustige une ville pr\u00e9tendument sale en filmant des \u00ab\u00a0immondices\u00a0\u00bb dans le centre-ville. L\u2019\u00e9lue n\u2019\u00e9tait sans doute pas au courant du fait qu\u2019elle faisait face aux affaires d\u2019une personne sans-abri. <a href=\"https:\/\/www.facebook.com\/photo?fbid=2317801105297046&amp;set=a.912866812457156\" target=\"_blank\" rel=\"noreferrer noopener nofollow\">Dans un post Facebook en r\u00e9ponse<\/a>, l\u2019adjointe en charge de la tranquillit\u00e9 Nadia Zourgui a soulign\u00e9 le travail des services de propret\u00e9 de la ville avant de rappeler\u00a0:<\/p>\n<blockquote class=\"wp-block-quote is-layout-flow wp-block-quote-is-layout-flow\">\n<p>\u00ab\u00a0Si vous vous inqui\u00e9tez de la personne qui a os\u00e9 poser ses affaires au pied de cet arbre le temps d\u2019un r\u00e9pit, elle est vivante et essaye de survivre en se raccrochant \u00e0 tout ce qu\u2019il lui reste et ce \u00ab\u00a0tout\u00a0\u00bb c\u2019est exactement ce qu\u2019il y a sur cette photo.\u00a0\u00bb<\/p>\n<\/blockquote>\n<p>\t\tUn sens critique \u00e0 g\u00e9om\u00e9trie variable<\/p>\n<p><a href=\"https:\/\/www.rue89strasbourg.com\/candidats-rn-alsace-306755\" target=\"_blank\" rel=\"noreferrer noopener nofollow\">Virginie Joron rentre de Damas<\/a> en ao\u00fbt 2019 apr\u00e8s avoir rencontr\u00e9 le dictateur Bachar Al-Assad. Alors conseill\u00e8re r\u00e9gionale, elle avait expliqu\u00e9 sur\u00a0X ne s\u2019\u00eatre\u00a0\u00ab\u00a0jamais sentie en ins\u00e9curit\u00e9\u00a0\u00bb la nuit dans la capitale syrienne. Le pays \u00e9tait alors en proie \u00e0 une guerre civile\u2026<\/p>\n<p>Le sens critique de Virginie Joron semble aussi \u00e0 g\u00e9om\u00e9trie variable, selon le pays o\u00f9 elle se trouve. En Europe, elle n\u2019h\u00e9site pas \u00e0 interroger l\u2019existence d\u2019une \u00ab\u00a0dictature europ\u00e9enne ?\u00a0\u00bb dans sa critique de l\u2019action d\u2019Ursula von der Leyen, la pr\u00e9sidente de la Commission europ\u00e9enne. En juillet 2020, elle se montre bien plus docile. Apr\u00e8s avoir assist\u00e9 \u00e0 un r\u00e9f\u00e9rendum russe, elle souligne \u00ab\u00a0un \u00e9v\u00e9nement historique pour les Russes, avec une forte mobilisation\u00a0\u00bb. Le scrutin en question a permis, entre autres, \u00e0 Vladimir Poutine de rester au pouvoir pour deux mandats suppl\u00e9mentaires. Le voyage, luxueux, a eu lieu dans la capitale de la Crim\u00e9e, annex\u00e9e par la Russie en 2014. La pr\u00e9sence d\u2019eurod\u00e9put\u00e9s fran\u00e7ais permettait aussi de normaliser cette annexion de la province ukrainienne. <\/p>\n<p>Pour avoir particip\u00e9 \u00e0 de \u00ab\u00a0faux voyages d\u2019observation \u00e9lectorale\u00a0\u00bb, <a href=\"https:\/\/www.rue89strasbourg.com\/virginie-joron-liste-noire-parlement-europeen-211769\" target=\"_blank\" rel=\"noreferrer noopener nofollow\">l\u2019\u00e9lue RN a \u00e9t\u00e9 plac\u00e9e sur une \u00ab\u00a0liste noire\u00a0\u00bb du Parlement europ\u00e9en<\/a>. Elle est ainsi interdite de r\u00e9aliser des missions officielles d\u2019observation \u00e9lectorale au nom du Parlement.<\/p>\n<p>Une popularit\u00e9 li\u00e9e au Covid<\/p>\n<p>Au contraire du porte-parole de son parti Jordan Bardella, Virginie Joron ne peut pas \u00eatre tax\u00e9e d\u2019absent\u00e9iste au Parlement europ\u00e9en. Elle est membre de la commission des \u00ab\u00a0affaires juridiques\u00a0\u00bb et du\u00a0\u00ab\u00a0march\u00e9 int\u00e9rieur et de la protection des consommateurs\u00a0\u00bb. L\u2019eurod\u00e9put\u00e9e a ainsi travaill\u00e9 sur le \u00ab\u00a0Digital Market Act\u00a0\u00bb visant \u00e0 contraindre les g\u00e9ants du Net \u2013 comme Apple ou Amazon \u2013 \u00e0 respecter de nouvelles obligations concurrentielles, sous risque d\u2019importantes sanctions.<\/p>\n<p>Mais ce qui a fait la popularit\u00e9 de Virginie Joron sur les r\u00e9seaux sociaux, c\u2019est surtout <a href=\"https:\/\/www.rue89strasbourg.com\/virginie-joron-eurodeputee-rn-un-mandat-au-service-des-covidosceptiques-302663\" target=\"_blank\" rel=\"noreferrer noopener nofollow\">son engagement sur le Covid<\/a>. Lorsque la pand\u00e9mie \u00e9clate, l\u2019\u00e9lue se fait remarquer au sein des milieux antivaccins par son opposition vive \u00e0 l\u2019obligation vaccinale et ses remises en cause r\u00e9p\u00e9t\u00e9es de l\u2019efficacit\u00e9 des vaccins. Sa strat\u00e9gie passe notamment par une s\u00e9rie de conf\u00e9rences donn\u00e9es dans l\u2019enceinte du Parlement europ\u00e9en \u00e0 Strasbourg. Dans l\u2019une des salles du b\u00e2timent, elle a invit\u00e9 le\u00a0<a href=\"https:\/\/www.youtube.com\/watch?v=It55DbJ-mFk\" rel=\"nofollow noopener\" target=\"_blank\">professeur r\u00e9f\u00e9rent des complotistes Christian P\u00e9ronne<\/a>. En mars 2024, l\u2019ancienne conseill\u00e8re r\u00e9gionale souhaitait \u00e9galement organiser une exposition d\u00e9di\u00e9e \u00ab\u00a0aux victimes des vaccins du Covid\u00a0\u00bb. Une id\u00e9e rejet\u00e9e par le questeur du Parlement.<\/p>\n<p>Une candidature trumpiste<\/p>\n<p>Dans le rapport aux faits, c\u2019est une candidature trumpiste que porte Virginie Joron. Cette derni\u00e8re nie en bloc la sanction dont elle a fait l\u2019objet au Parlement pour son d\u00e9placement en Crim\u00e9e. Face au rejet de son projet d\u2019exposition sur les \u00ab\u00a0victimes des vaccins du Covid\u00a0\u00bb, elle n\u2019h\u00e9site pas \u00e0 cr\u00e9er une pol\u00e9mique sur une artiste expos\u00e9e au Parlement en parlant d\u2019une exposition \u00ab\u00a0d\u2019inspiration p\u00e9dophile\u00a0\u00bb. Mais la strat\u00e9gie de communication n\u2019a rien d\u2019\u00e9tonnant pour une \u00e9lue dont le groupe fait sien la rh\u00e9torique de Donald Trump, comme dans cette conf\u00e9rence organis\u00e9e le 15 octobre 2025 au Parlement europ\u00e9en : \u00ab\u00a0Make Europe Healthy Again\u00a0\u00bb.<\/p>\n<p>Dans son communiqu\u00e9, Virginie Joron promet de construire un \u00ab\u00a0projet pour Strasbourg (\u2026) quartier par quartier\u00a0\u00bb et de pr\u00e9senter une \u00ab\u00a0\u00e9quipe diversifi\u00e9e\u00a0\u00bb. Derri\u00e8re les formules syblllines, le r\u00eave tout-s\u00e9curitaire n\u2019est pas bien loin. Lors de <a href=\"https:\/\/c.dna.fr\/elections\/2025\/10\/24\/virginie-joron-veut-sauver-strasbourg\" target=\"_blank\" rel=\"noreferrer noopener nofollow\">sa d\u00e9claration officielle de candidature<\/a>, l\u2019ancienne conseill\u00e8re r\u00e9gionale RN a choisi la s\u00e9curit\u00e9 comme \u00ab\u00a0premi\u00e8re des libert\u00e9s\u00a0\u00bb. Son mod\u00e8le : la ville de Nice et ses multiples cam\u00e9ras connect\u00e9es. Autre promesse de Virginie Joron : la remise en place de l\u2019arr\u00eat\u00e9 anti-mendicit\u00e9, abrog\u00e9 en 2020 par Jeanne Barseghian.<\/p>\n","protected":false},"excerpt":{"rendered":"Virginie Joron a officialis\u00e9 sa candidature aux \u00e9lections municipales 2026 pour le Rassemblement national. Apr\u00e8s avoir servi les&hellip;\n","protected":false},"author":2,"featured_media":487425,"comment_status":"","ping_status":"","sticky":false,"template":"","format":"standard","meta":{"footnotes":""},"categories":[2820],"tags":[1111,11,2761,1777,674,1011,27,775,12,25,640],"class_list":{"0":"post-487424","1":"post","2":"type-post","3":"status-publish","4":"format-standard","5":"has-post-thumbnail","7":"category-strasbourg","8":"tag-actu","9":"tag-actualites","10":"tag-elections-municipales-2026","11":"tag-eu","12":"tag-europe","13":"tag-fr","14":"tag-france","15":"tag-grand-est","16":"tag-news","17":"tag-republique-francaise","18":"tag-strasbourg"},"share_on_mastodon":{"url":"https:\/\/pubeurope.com\/@fr\/115430681760647360","error":""},"_links":{"self":[{"href":"https:\/\/www.europesays.com\/fr\/wp-json\/wp\/v2\/posts\/487424","targetHints":{"allow":["GET"]}}],"collection":[{"href":"https:\/\/www.europesays.com\/fr\/wp-json\/wp\/v2\/posts"}],"about":[{"href":"https:\/\/www.europesays.com\/fr\/wp-json\/wp\/v2\/types\/post"}],"author":[{"embeddable":true,"href":"https:\/\/www.europesays.com\/fr\/wp-json\/wp\/v2\/users\/2"}],"replies":[{"embeddable":true,"href":"https:\/\/www.europesays.com\/fr\/wp-json\/wp\/v2\/comments?post=487424"}],"version-history":[{"count":0,"href":"https:\/\/www.europesays.com\/fr\/wp-json\/wp\/v2\/posts\/487424\/revisions"}],"wp:featuredmedia":[{"embeddable":true,"href":"https:\/\/www.europesays.com\/fr\/wp-json\/wp\/v2\/media\/487425"}],"wp:attachment":[{"href":"https:\/\/www.europesays.com\/fr\/wp-json\/wp\/v2\/media?parent=487424"}],"wp:term":[{"taxonomy":"category","embeddable":true,"href":"https:\/\/www.europesays.com\/fr\/wp-json\/wp\/v2\/categories?post=487424"},{"taxonomy":"post_tag","embeddable":true,"href":"https:\/\/www.europesays.com\/fr\/wp-json\/wp\/v2\/tags?post=487424"}],"curies":[{"name":"wp","href":"https:\/\/api.w.org\/{rel}","templated":true}]}}