{"id":487426,"date":"2025-10-24T18:59:17","date_gmt":"2025-10-24T18:59:17","guid":{"rendered":"https:\/\/www.europesays.com\/fr\/487426\/"},"modified":"2025-10-24T18:59:17","modified_gmt":"2025-10-24T18:59:17","slug":"strasbourg-entzheim-des-propositions-pour-mieux-lutter-contre-les-nuisances-des-vols-nocturnes","status":"publish","type":"post","link":"https:\/\/www.europesays.com\/fr\/487426\/","title":{"rendered":"Strasbourg-Entzheim. Des propositions pour mieux lutter contre les nuisances des vols nocturnes"},"content":{"rendered":"<p>\u00ab\u00a0Le protocole d\u2019accord sur les vols de nuit a \u00e9t\u00e9 globalement bien respect\u00e9 de 1998 \u00e0 2012. Depuis, les manquements sont r\u00e9currents, ce qui influe sur la qualit\u00e9 de vie et de sommeil des riverains. <a href=\"https:\/\/www.dna.fr\/edition-strasbourg\/2019\/12\/13\/nuisances-sonores-un-nouveau-protocole-d-accord\" target=\"_blank\" rel=\"nofollow noopener\">Le nouveau protocole mis en place en 2019 n\u2019y a rien chang\u00e9<\/a> \u00a0\u00bb, r\u00e9sume Guy Hornecker, vice-pr\u00e9sident de l\u2019Union f\u00e9d\u00e9rale contre les nuisances de l\u2019a\u00e9roport de Strasbourg-Entzheim qui regroupe neuf associations locales.<\/p>\n<p>La piste de l\u2019arr\u00eat\u00e9 minist\u00e9riel envisag\u00e9e<\/p>\n<p>Un constat corrobor\u00e9 par les comptages r\u00e9cents\u00a0: en 2024 sur les 513 atterrissages d\u2019avions programm\u00e9s entre 23\u00a0h et minuit, l\u2019heure limite selon le protocole, 182 (35\u00a0%) sont arriv\u00e9s en retard apr\u00e8s minuit sur l\u2019a\u00e9roport de Strasbourg-Entzheim. Sur les sept premiers mois de 2025, ce nombre atteint 135, soit 40\u00a0%.<\/p>\n<p><a href=\"https:\/\/www.dna.fr\/economie\/2025\/05\/26\/les-riverains-de-l-aeroport-de-strasbourg-entzheim-interpellent-l-autorite-de-controle-des-nuisances-aeroportuaires\" target=\"_blank\" rel=\"nofollow noopener\">Au printemps dernier,&#8230;<\/a><\/p>\n","protected":false},"excerpt":{"rendered":"\u00ab\u00a0Le protocole d\u2019accord sur les vols de nuit a \u00e9t\u00e9 globalement bien respect\u00e9 de 1998 \u00e0 2012. Depuis,&hellip;\n","protected":false},"author":2,"featured_media":487427,"comment_status":"","ping_status":"","sticky":false,"template":"","format":"standard","meta":{"footnotes":""},"categories":[2820],"tags":[1111,11,2389,2649,4406,33,2880,24064,1777,674,107,1011,27,775,12,25,4604,640,3089,2803],"class_list":{"0":"post-487426","1":"post","2":"type-post","3":"status-publish","4":"format-standard","5":"has-post-thumbnail","7":"category-strasbourg","8":"tag-actu","9":"tag-actualites","10":"tag-alsace","11":"tag-bas-rhin","12":"tag-commerce-et-services","13":"tag-economie","14":"tag-edition-strasbourg","15":"tag-entzheim","16":"tag-eu","17":"tag-europe","18":"tag-fil-info","19":"tag-fr","20":"tag-france","21":"tag-grand-est","22":"tag-news","23":"tag-republique-francaise","24":"tag-selection-abonne","25":"tag-strasbourg","26":"tag-strasbourg-sud","27":"tag-transport"},"share_on_mastodon":{"url":"https:\/\/pubeurope.com\/@fr\/115430684369365558","error":""},"_links":{"self":[{"href":"https:\/\/www.europesays.com\/fr\/wp-json\/wp\/v2\/posts\/487426","targetHints":{"allow":["GET"]}}],"collection":[{"href":"https:\/\/www.europesays.com\/fr\/wp-json\/wp\/v2\/posts"}],"about":[{"href":"https:\/\/www.europesays.com\/fr\/wp-json\/wp\/v2\/types\/post"}],"author":[{"embeddable":true,"href":"https:\/\/www.europesays.com\/fr\/wp-json\/wp\/v2\/users\/2"}],"replies":[{"embeddable":true,"href":"https:\/\/www.europesays.com\/fr\/wp-json\/wp\/v2\/comments?post=487426"}],"version-history":[{"count":0,"href":"https:\/\/www.europesays.com\/fr\/wp-json\/wp\/v2\/posts\/487426\/revisions"}],"wp:featuredmedia":[{"embeddable":true,"href":"https:\/\/www.europesays.com\/fr\/wp-json\/wp\/v2\/media\/487427"}],"wp:attachment":[{"href":"https:\/\/www.europesays.com\/fr\/wp-json\/wp\/v2\/media?parent=487426"}],"wp:term":[{"taxonomy":"category","embeddable":true,"href":"https:\/\/www.europesays.com\/fr\/wp-json\/wp\/v2\/categories?post=487426"},{"taxonomy":"post_tag","embeddable":true,"href":"https:\/\/www.europesays.com\/fr\/wp-json\/wp\/v2\/tags?post=487426"}],"curies":[{"name":"wp","href":"https:\/\/api.w.org\/{rel}","templated":true}]}}