{"id":487434,"date":"2025-10-24T19:03:28","date_gmt":"2025-10-24T19:03:28","guid":{"rendered":"https:\/\/www.europesays.com\/fr\/487434\/"},"modified":"2025-10-24T19:03:28","modified_gmt":"2025-10-24T19:03:28","slug":"en-direct-paris-fc-nantes-debut-de-match-completement-fou-a-jean-bouin","status":"publish","type":"post","link":"https:\/\/www.europesays.com\/fr\/487434\/","title":{"rendered":"EN DIRECT &#8211; Paris\u00a0FC-Nantes\u00a0: d\u00e9but de match compl\u00e8tement fou \u00e0 Jean Bouin"},"content":{"rendered":"<p>\n    Le Paris\u00a0FC re\u00e7oit le FC Nantes au stade Jean-Bouin ce vendredi (20h45) en ouverture de la 9e journ\u00e9e de Ligue\u00a01. Le promu de la capitale part favori face aux Canaris qui n\u2019ont gagn\u00e9 qu\u2019un seul match cette saison.<\/p>\n<p>        21:00<br \/>\n                                    <img   class=\"fig-img fig-live-post__picto\" alt=\"picto\"\/><\/p>\n<p class=\"fig-live-post__title\" role=\"heading\" aria-level=\"3\">\u00c9galisation du PFC (1-1, 15\u2019)<\/p>\n<p class=\"fig-paragraph\">Les Parisiens recollent au score\u00a0! Le corner de Simon retombe sur Lees-Melou qui frappe directement. Le ballon est d\u00e9vi\u00e9 par Chergui qui trompe la vigilance de Lopes.<\/p>\n<p>\n        21:00\n            <\/p>\n<p class=\"fig-live-post__title\" role=\"heading\" aria-level=\"3\">Le PFC r\u00e9agit (0-1, 14\u2019)<\/p>\n<p class=\"fig-paragraph\">Les locaux mettent les Jaune et Vert sous pression. Corner \u00e0 venir pour Moses Simon.<\/p>\n<p>        20:58<br \/>\n                                    <img   class=\"fig-img fig-live-post__picto\" alt=\"picto\"\/><\/p>\n<p class=\"fig-live-post__title\" role=\"heading\" aria-level=\"3\">Amian \u00e0 terre (0-1, 12\u2019)<\/p>\n<p class=\"fig-paragraph\">Le d\u00e9fenseur nantais se tord de douleurs et reste au sol. Souci au niveau de la cuisse droite pour le Canaris. Il a pu reprendre sa place sur le terrain.<\/p>\n<p>\n        20:56\n            <\/p>\n<p class=\"fig-live-post__title\" role=\"heading\" aria-level=\"3\">Le but express d\u2019El Arabi (vid\u00e9o)<\/p>\n<p class=\"fig-paragraph\">Titularis\u00e9 \u00e0 la place de Mohamed, El Arabi a \u00e9t\u00e9 d\u00e9cisif sur son premier ballon touch\u00e9 du match (2\u2019).<\/p>\n<p>\n        20:55\n            <\/p>\n<p class=\"fig-live-post__title\" role=\"heading\" aria-level=\"3\">Lopes lance son match (0-1, 8\u2019)<\/p>\n<p class=\"fig-paragraph\">Le portier des Canaris capte parfaitement la premi\u00e8re tentative cadr\u00e9e du PFC effectu\u00e9e par Lees-Melou.<\/p>\n<p>\n        20:53\n            <\/p>\n<p class=\"fig-live-post__title\" role=\"heading\" aria-level=\"3\">La rencontre va dans tous les sens (0-1, 7\u2019)<\/p>\n<p class=\"fig-paragraph\">Le d\u00e9but de match est compl\u00e8tement d\u00e9brid\u00e9 entre Parisiens et Nantais. On assiste pour la premi\u00e8re fois \u00e0 un temps mort \u00e0 jean Bouin depuis une minute.<\/p>\n<p>\n        20:50\n            <\/p>\n<p class=\"fig-live-post__title\" role=\"heading\" aria-level=\"3\">But refus\u00e9 pour le PFC (0-1, 3\u2019)<\/p>\n<p class=\"fig-paragraph\">Dans la foul\u00e9e de l\u2019ouverture du score, les Parisiens et Krasso pensaient \u00e9galiser, mais le buteur du PFC \u00e9tait hors jeu de quelques centim\u00e8tres. Quel d\u00e9but de match \u00e0 Jean Bouin\u00a0!<\/p>\n<p>        20:47<br \/>\n                                    <img   class=\"fig-img fig-live-post__picto\" alt=\"picto\"\/><\/p>\n<p class=\"fig-live-post__title\" role=\"heading\" aria-level=\"3\">But de Nantes (0-1, 2\u2019) !<\/p>\n<p class=\"fig-paragraph\">Les Nantais climatisent Jean Bouin\u00a0! Sur une superbe s\u00e9quence des Canaris, Leroux met en retrait pour El Arabi qui d\u00e9clenche une frappe puissante dans le petit filet du PFC.<\/p>\n<p>\n        20:46\n            <\/p>\n<p class=\"fig-live-post__title\" role=\"heading\" aria-level=\"3\">Premi\u00e8re offensive nantaise (0-0, 1\u2019)<\/p>\n<p class=\"fig-paragraph\">Les Nantais investissent le camp parisien d\u00e8s le coup d\u2019envoi.<\/p>\n<p>        20:45<br \/>\n                                    <img   class=\"fig-img fig-live-post__picto\" alt=\"picto\"\/><\/p>\n<p class=\"fig-live-post__title\" role=\"heading\" aria-level=\"3\">C\u2019est parti \u00e0 Jean Bouin (0-0, 1\u2019)<\/p>\n<p class=\"fig-paragraph\">Le FC Nantes donne le coup d\u2019envoi de la rencontre face au Paris FC.<\/p>\n<p>\n        20:42\n            <\/p>\n<p class=\"fig-live-post__title\" role=\"heading\" aria-level=\"3\">Les deux \u00e9quipes entrent sur la pelouse<\/p>\n<p class=\"fig-paragraph\">Le PFC re\u00e7oit les Canaris devant un stade Jean Bouin de nouveau \u00e0 guichets ferm\u00e9s ce soir \u00e0 l\u2019occaion du premier match de la 9e journ\u00e9e de Ligue 1.<\/p>\n<p>\n        20:36\n            <\/p>\n<p class=\"fig-live-post__title\" role=\"heading\" aria-level=\"3\">La composition parisienne<\/p>\n<p class=\"fig-paragraph\">Moses Simon retrouve son ancienne \u00e9quipe.<\/p>\n<p>\n        20:33\n            <\/p>\n<p class=\"fig-live-post__title\" role=\"heading\" aria-level=\"3\">Le 11 des Canaris<\/p>\n<p class=\"fig-paragraph\">Abline titularis\u00e9 tandis que Mohamed et Benhattab d\u00e9marrent sur le banc.<\/p>\n<p>\n        20:29\n            <\/p>\n<p class=\"fig-live-post__title\" role=\"heading\" aria-level=\"3\">Le FC Nantes doit se relancer<\/p>\n<p class=\"fig-paragraph\">Les Canaris (15es , 6 points) restent sur cinq matches sans victoire, dont une d\u00e9faite\u00a0<a href=\"http:\/\/www.lefigaro.fr\/sports\/football\/ligue-1\/ligue-1-lille-s-impose-logiquement-a-nantes-olivier-giroud-decisif-20251019\" data-fig-type=\"NewsFlash\" data-gtm-custom-categorie=\"navigation\" data-gtm-custom-action=\"crossclick\" data-gtm-custom-label=\"Contextuel\" data-gtm-event=\"customEventSPE\" data-fig-domain=\"LEFIGARO\" target=\"_blank\" rel=\"noopener\">le week-end dernier contre Lille (0-2)<\/a>.<\/p>\n<p>\n        20:27\n            <\/p>\n<p class=\"fig-live-post__title\" role=\"heading\" aria-level=\"3\">Le PFC vise le Top 10<\/p>\n<p class=\"fig-paragraph\">Le club francilien (11e, 10 points),\u00a0<a href=\"http:\/\/www.lefigaro.fr\/sports\/football\/ligue-1\/ligue-1-tombeur-du-paris-fc-lens-poursuit-son-ascension-20251019\" data-fig-type=\"NewsFlash\" data-gtm-custom-categorie=\"navigation\" data-gtm-custom-action=\"crossclick\" data-gtm-custom-label=\"Contextuel\" data-gtm-event=\"customEventSPE\" data-fig-domain=\"LEFIGARO\" target=\"_blank\" rel=\"noopener\">battu \u00e0 l\u2019exp\u00e9rience chez le RC Lens<\/a>\u00a0il y a une semaine (2-1), esp\u00e8re se relancer et int\u00e9grer provisoirement le top 10 de L1.<\/p>\n<p>\n        20:25\n            <\/p>\n<p class=\"fig-live-post__title\" role=\"heading\" aria-level=\"3\">Bonsoir \u00e0 toutes et \u00e0 tous<\/p>\n<p class=\"fig-paragraph\">Bienvenue pour ce direct comment\u00e9 entre le Paris FC et le FC Nantes \u00e0 l\u2019occasion de la 9e journ\u00e9e de Ligue 1.<\/p>\n<p>                Les publications appara\u00eetront ici<\/p>\n<p>        Fermer<\/p>\n","protected":false},"excerpt":{"rendered":"Le Paris\u00a0FC re\u00e7oit le FC Nantes au stade Jean-Bouin ce vendredi (20h45) en ouverture de la 9e journ\u00e9e&hellip;\n","protected":false},"author":2,"featured_media":487435,"comment_status":"","ping_status":"","sticky":false,"template":"","format":"standard","meta":{"footnotes":""},"categories":[2818],"tags":[1111,11,525,1981,814,1777,674,462,2257,63,1011,27,3309,66,1307,955,25406,766,12,1176,978,445,2636,93,25,1980],"class_list":{"0":"post-487434","1":"post","2":"type-post","3":"status-publish","4":"format-standard","5":"has-post-thumbnail","7":"category-nantes","8":"tag-actu","9":"tag-actualites","10":"tag-calendrier","11":"tag-classement","12":"tag-direct","13":"tag-eu","14":"tag-europe","15":"tag-fc-nantes","16":"tag-foot","17":"tag-football","18":"tag-fr","19":"tag-france","20":"tag-l1","21":"tag-ligue-1","22":"tag-lille","23":"tag-match","24":"tag-maxime-lopez","25":"tag-nantes","26":"tag-news","27":"tag-olympique-de-marseille","28":"tag-olympique-lyonnais","29":"tag-paris-fc","30":"tag-pays-de-la-loire","31":"tag-psg","32":"tag-republique-francaise","33":"tag-resultats"},"share_on_mastodon":{"url":"https:\/\/pubeurope.com\/@fr\/115430700129407385","error":""},"_links":{"self":[{"href":"https:\/\/www.europesays.com\/fr\/wp-json\/wp\/v2\/posts\/487434","targetHints":{"allow":["GET"]}}],"collection":[{"href":"https:\/\/www.europesays.com\/fr\/wp-json\/wp\/v2\/posts"}],"about":[{"href":"https:\/\/www.europesays.com\/fr\/wp-json\/wp\/v2\/types\/post"}],"author":[{"embeddable":true,"href":"https:\/\/www.europesays.com\/fr\/wp-json\/wp\/v2\/users\/2"}],"replies":[{"embeddable":true,"href":"https:\/\/www.europesays.com\/fr\/wp-json\/wp\/v2\/comments?post=487434"}],"version-history":[{"count":0,"href":"https:\/\/www.europesays.com\/fr\/wp-json\/wp\/v2\/posts\/487434\/revisions"}],"wp:featuredmedia":[{"embeddable":true,"href":"https:\/\/www.europesays.com\/fr\/wp-json\/wp\/v2\/media\/487435"}],"wp:attachment":[{"href":"https:\/\/www.europesays.com\/fr\/wp-json\/wp\/v2\/media?parent=487434"}],"wp:term":[{"taxonomy":"category","embeddable":true,"href":"https:\/\/www.europesays.com\/fr\/wp-json\/wp\/v2\/categories?post=487434"},{"taxonomy":"post_tag","embeddable":true,"href":"https:\/\/www.europesays.com\/fr\/wp-json\/wp\/v2\/tags?post=487434"}],"curies":[{"name":"wp","href":"https:\/\/api.w.org\/{rel}","templated":true}]}}