{"id":487460,"date":"2025-10-24T19:20:21","date_gmt":"2025-10-24T19:20:21","guid":{"rendered":"https:\/\/www.europesays.com\/fr\/487460\/"},"modified":"2025-10-24T19:20:21","modified_gmt":"2025-10-24T19:20:21","slug":"arrivee-du-quinte-du-vendredi-24-octobre-a-paris-vincennes-isyboy-de-cinglais-de-haute-lutte","status":"publish","type":"post","link":"https:\/\/www.europesays.com\/fr\/487460\/","title":{"rendered":"Arriv\u00e9e du quint\u00e9 du vendredi 24\u00a0octobre \u00e0 Paris-Vincennes\u00a0: Isyboy de Cinglais de haute lutte"},"content":{"rendered":"<p class=\"paragraph text_align_left lp-f-body-02\"><b>Arriv\u00e9e du Quint\u00e9<\/b> <b>+<\/b> : 10 \u2013 6 \u2013 15 \u2013 8 \u2013 13<\/p>\n<p class=\"paragraph text_align_left lp-f-body-02\">Par\u00e9 de la casaque de l\u2019entra\u00eeneur d\u2019obstacle <a href=\"https:\/\/www.leparisien.fr\/sports\/hippisme\/arnaud-chaille-chaille-se-confie-avant-les-48-heures-de-lobstacle-il-y-aura-plus-dadrenaline-12-11-2022-HY2LJHIUERBCXP4JOYPTPVS764.php\" target=\"_self\" rel=\"nofollow noopener\">Arnaud Chaill\u00e9-Chaill\u00e9<\/a>, Isyboy de Cinglais (n\u00b0 10) s\u2019offre une premi\u00e8re victoire m\u00e9rit\u00e9e dans les \u00e9v\u00e9nements, \u00e0 l\u2019occasion du Prix Orionis, disput\u00e9 dans le temple du trot. Rarement d\u00e9cevant sur cet anneau, le fils de Meaulnes du Corta \u00e9tait associ\u00e9 \u00e0 son fid\u00e8le partenaire <a href=\"https:\/\/www.leparisien.fr\/sports\/hippisme\/le-plus-glorifiant-fier-la-legende-jean-michel-bazire-ouvre-lalbum-souvenirs-de-ses-prix-damerique-27-01-2024-TEAIAIARP5HM3PN4Y6KUYX6URI.php\" target=\"_self\" rel=\"nofollow noopener\">Jean-Michel Bazire<\/a> qui remporte lui le 615e quint\u00e9 de sa grande carri\u00e8re !<\/p>\n<p class=\"paragraph text_align_left lp-f-body-02\">Auteur d\u2019un bon d\u00e9part \u00e0 son \u00e9chelon de d\u00e9part, Isyboy de Cinglais, a longtemps patient\u00e9 au sein du peloton. Rapproch\u00e9 dans le wagon de la troisi\u00e8me \u00e9paisseur dans la mont\u00e9e, il a pu b\u00e9n\u00e9ficier du sillage d\u2019Henrique (n\u00b0 6), qui l\u2019a ramen\u00e9 sur un plateau jusqu\u2019\u00e0 la sortie du tournant final. Apr\u00e8s avoir quitt\u00e9 son sillage \u00e0 l\u2019entr\u00e9e de la ligne droite, il s\u2019est montr\u00e9 tr\u00e8s courageux pour venir ajuster son rival dans les derniers m\u00e8tres, \u00e0 la plus grande satisfaction de son entra\u00eeneur, <a href=\"https:\/\/www.leparisien.fr\/sports\/hippisme\/quinte-du-vendredi-13-juin-a-paris-vincennes-pascal-monthule-et-sa-belle-equipe-croient-en-isyboy-du-cinglais-12-06-2025-YOX536PS25GWLLADLKHFI5ELAE.php\" target=\"_self\" rel=\"nofollow noopener\">Pascal Monthul\u00e9<\/a>, qui enl\u00e8ve, lui, son 3e \u00e9v\u00e9nement : \u00ab Il a \u00e9t\u00e9 volontaire ce soir avec les \u0153ill\u00e8res descendantes. C\u2019est un bon petit cheval que j\u2019ai toujours m\u00e9nag\u00e9. \u00bb<\/p>\n<blockquote class=\"twitter-tweet\">\n<p lang=\"fr\" dir=\"ltr\">\ud83c\udfc6 \ud835\udddc\ud835\ude00\ud835\ude06\ud835\uddef\ud835\uddfc\ud835\ude06 \ud835\uddf1\ud835\uddf2 \ud835\uddd6\ud835\uddf6\ud835\uddfb\ud835\uddf4\ud835\uddf9\ud835\uddee\ud835\uddf6\ud835\ude00 (J-M. Bazire) fait sien le Quint\u00e9+ du jour, le Prix Orionis !<\/p>\n<p>Le pensionnaire de Pascal Monthul\u00e9 remporte le premier Quint\u00e9+ de sa carri\u00e8re. Il n&rsquo;avait plus pass\u00e9 le poteau en t\u00eate depuis le 28 mars dernier. <\/p>\n<p>\ud83c\udfc1: 10 &#8211; 6 &#8211; 15 &#8211; 8 &#8211; 13 <a href=\"https:\/\/t.co\/8MVcRlJ2UD\" rel=\"nofollow\">pic.twitter.com\/8MVcRlJ2UD<\/a><\/p>\n<p>\u2014 Equidia (@equidia) <a href=\"https:\/\/twitter.com\/equidia\/status\/1981788820249911614?ref_src=twsrc%5Etfw\" rel=\"nofollow noopener\" target=\"_blank\">October 24, 2025<\/a><\/p><\/blockquote>\n<p class=\"paragraph text_align_left lp-f-body-02\">C\u2019est donc le pensionnaire de Lilian Durantet, Henrique (n\u00b0 6) qui doit se contenter de la deuxi\u00e8me place, tout en signant une excellente valeur \u00e0 ce niveau de la comp\u00e9tition. Longtemps vu en queue de peloton et encore loin \u00e0 l\u2019entr\u00e9e de la ligne droite, Ileo Pierji (n\u00b0 15) trace une fin de course remarquable pour compl\u00e9ter le podium. Longtemps victime de l\u2019emprise du peloton, Inherit (n\u00b0 8) est \u00e9galement une excellente note. Il parvient \u00e0 s\u2019emparer de la quatri\u00e8me place devant Happy Danover (n\u00b0 13), qui a fini dans un bon style tout \u00e0 l\u2019ext\u00e9rieur de la piste.<\/p>\n<p><script async src=\"https:\/\/platform.twitter.com\/widgets.js\" charset=\"utf-8\"><\/script><\/p>\n","protected":false},"excerpt":{"rendered":"Arriv\u00e9e du Quint\u00e9 + : 10 \u2013 6 \u2013 15 \u2013 8 \u2013 13 Par\u00e9 de la casaque&hellip;\n","protected":false},"author":2,"featured_media":487461,"comment_status":"","ping_status":"","sticky":false,"template":"","format":"standard","meta":{"footnotes":""},"categories":[1888],"tags":[11,1777,674,1011,27,11462,12,626,25,60],"class_list":{"0":"post-487460","1":"post","2":"type-post","3":"status-publish","4":"format-standard","5":"has-post-thumbnail","7":"category-paris","8":"tag-actualites","9":"tag-eu","10":"tag-europe","11":"tag-fr","12":"tag-france","13":"tag-hippisme","14":"tag-news","15":"tag-paris","16":"tag-republique-francaise","17":"tag-sports"},"share_on_mastodon":{"url":"https:\/\/pubeurope.com\/@fr\/115430766932477779","error":""},"_links":{"self":[{"href":"https:\/\/www.europesays.com\/fr\/wp-json\/wp\/v2\/posts\/487460","targetHints":{"allow":["GET"]}}],"collection":[{"href":"https:\/\/www.europesays.com\/fr\/wp-json\/wp\/v2\/posts"}],"about":[{"href":"https:\/\/www.europesays.com\/fr\/wp-json\/wp\/v2\/types\/post"}],"author":[{"embeddable":true,"href":"https:\/\/www.europesays.com\/fr\/wp-json\/wp\/v2\/users\/2"}],"replies":[{"embeddable":true,"href":"https:\/\/www.europesays.com\/fr\/wp-json\/wp\/v2\/comments?post=487460"}],"version-history":[{"count":0,"href":"https:\/\/www.europesays.com\/fr\/wp-json\/wp\/v2\/posts\/487460\/revisions"}],"wp:featuredmedia":[{"embeddable":true,"href":"https:\/\/www.europesays.com\/fr\/wp-json\/wp\/v2\/media\/487461"}],"wp:attachment":[{"href":"https:\/\/www.europesays.com\/fr\/wp-json\/wp\/v2\/media?parent=487460"}],"wp:term":[{"taxonomy":"category","embeddable":true,"href":"https:\/\/www.europesays.com\/fr\/wp-json\/wp\/v2\/categories?post=487460"},{"taxonomy":"post_tag","embeddable":true,"href":"https:\/\/www.europesays.com\/fr\/wp-json\/wp\/v2\/tags?post=487460"}],"curies":[{"name":"wp","href":"https:\/\/api.w.org\/{rel}","templated":true}]}}