{"id":487471,"date":"2025-10-24T19:26:14","date_gmt":"2025-10-24T19:26:14","guid":{"rendered":"https:\/\/www.europesays.com\/fr\/487471\/"},"modified":"2025-10-24T19:26:14","modified_gmt":"2025-10-24T19:26:14","slug":"meta-et-tiktok-ne-respecteraient-pas-leurs-obligations-de-transparence-en-europe","status":"publish","type":"post","link":"https:\/\/www.europesays.com\/fr\/487471\/","title":{"rendered":"Meta et TikTok ne respecteraient pas leurs obligations de transparence en Europe"},"content":{"rendered":"<p>\n                                        <b>Par<\/b><br \/>\n                                        <br \/>Reuters\n                                    <\/p>\n<p>\n                                        <b>Traduit par<\/b><br \/>\n                                        <br \/>Cl\u00e9mentine Martin\n                                    <\/p>\n<p>\n                                    <b>Publi\u00e9 le<\/b><br \/>\n                                    <\/p>\n<p>                                        24 octobre 2025<\/p>\n<p class=\"article-content col-md-8 offset-md-1\">\n                                La Commission europ\u00e9enne a d\u00e9clar\u00e9 vendredi avoir constat\u00e9 lors d\u2019une enqu\u00eate pr\u00e9liminaire des manquements du g\u00e9ant am\u00e9ricain de la tech Meta et du r\u00e9seau social chinois TikTok \u00e0 leurs obligations de transparence. Dans le cadre du Digital Services Act (r\u00e8glement europ\u00e9en encadrant les services digitaux) ou DSA, les deux entit\u00e9s sont cens\u00e9es garantir aux utilisateurs un acc\u00e8s ad\u00e9quat aux donn\u00e9es publiques.<\/p>\n<p><img decoding=\"async\" class=\"news-image\" style=\"width:100%;max-width:800px;\" src=\"https:\/\/www.europesays.com\/fr\/wp-content\/uploads\/2025\/10\/3518.jpg\" alt=\"\" loading=\"lazy\"\/> Reuters<\/p>\n<p>Dans un communiqu\u00e9, la Commission a \u00e9galement accus\u00e9 Facebook et Instagram, deux filiales de Meta, de ne pas offrir un m\u00e9canisme facile d\u2019utilisation et d\u2019acc\u00e8s pour permettre aux utilisateurs de signaler les contenus ill\u00e9gaux, comme ceux li\u00e9s \u00e0 la p\u00e9dopornographie ou au terrorisme.<\/p>\n<p>La Commission europ\u00e9enne veut obliger les entreprises technologiques \u00e0 se plier aux r\u00e8gles en vigueur sur le continent avec le Digital Services Act, qui impose aux grandes plateformes comme les r\u00e9seaux sociaux et les moteurs de recherche de mettre en place des mesures concr\u00e8tes pour \u00e9viter la diffusion de contenu ill\u00e9gal ou dangereux.<\/p>\n<p class=\"col-md-8 offset-md-1 article-content--texte\">\u00ab\u00a0Les r\u00e9sultats pr\u00e9liminaires de l\u2019enqu\u00eate men\u00e9e par la Commission montrent que Facebook, Instagram et TikTok pourraient avoir mis en place des proc\u00e9dures compliqu\u00e9es et des outils d\u00e9faillants d\u2019acc\u00e8s aux donn\u00e9es publiques\u00a0\u00bb, affirme le repr\u00e9sentant de la Commission Europ\u00e9enne concernant ce probl\u00e8me de transparence.<\/p>\n<p>\u00ab\u00a0Permettre aux enqu\u00eateurs d\u2019acc\u00e9der aux donn\u00e9es des plateformes est une obligation de transparence essentielle \u00e9tablie par le DSA, permettant de garder un \u0153il sur l\u2019impact potentiel des plateformes sur notre sant\u00e9 physique et mentale.\u00a0\u00bb<\/p>\n<p>Concernant le signalement de contenu ill\u00e9gal sur les plateformes de Meta, la Commission accuse le groupe d\u2019imposer plusieurs \u00e9tapes inutiles, de demander des informations compl\u00e9mentaires aux utilisateurs et d\u2019utiliser des \u00ab\u00a0designs aux interfaces d\u00e9courageantes\u00a0\u00bb.<\/p>\n<p>\u00ab\u00a0Ces pratiques peuvent \u00eatre obscures et d\u00e9courageantes. Les m\u00e9canismes de Meta pour signaler et retirer les contenus ill\u00e9gaux ne sont donc peut-\u00eatre pas efficaces. Avec le DSA, les m\u00e9canismes de signalement et d\u2019action sont essentiels pour permettre aux utilisateurs europ\u00e9ens d\u2019informer les plateformes de la pr\u00e9sence de contenus qui ne respectent pas les lois europ\u00e9ennes ou nationales\u00a0\u00bb, rench\u00e9rit-il.<\/p>\n<p>La Commission ajoute que les entreprises ont maintenant la possibilit\u00e9 d\u2019acc\u00e9der \u00e0 ses conclusions et de prendre des mesures pour rem\u00e9dier aux probl\u00e8mes soulev\u00e9s, ajoutant que les r\u00e9sultats pr\u00e9liminaires ne permettent pas de d\u00e9terminer l\u2019issue d\u2019une enqu\u00eate.<\/p>\n<p>Mais si les premi\u00e8res conclusions de la Commission sont post\u00e9rieurement confirm\u00e9es, elle pourrait imposer une amende pouvant aller jusqu\u2019\u00e0 6% de leurs ventes annuelles mondiales \u00e0 ces entreprises.\n                            <\/p>\n<p>\n                                \u00a9 Thomson Reuters 2025 All rights reserved.\n                            <\/p>\n","protected":false},"excerpt":{"rendered":"Par Reuters Traduit par Cl\u00e9mentine Martin Publi\u00e9 le 24 octobre 2025 La Commission europ\u00e9enne a d\u00e9clar\u00e9 vendredi avoir&hellip;\n","protected":false},"author":2,"featured_media":487472,"comment_status":"","ping_status":"","sticky":false,"template":"","format":"standard","meta":{"footnotes":""},"categories":[1586],"tags":[11,2424,537,2423,1777,674,1011,27,2425,985,12,2298,2426,2427,25,2421,2422],"class_list":{"0":"post-487471","1":"post","2":"type-post","3":"status-publish","4":"format-standard","5":"has-post-thumbnail","7":"category-europe","8":"tag-actualites","9":"tag-beaute","10":"tag-contact","11":"tag-cosmetiques","12":"tag-eu","13":"tag-europe","14":"tag-fr","15":"tag-france","16":"tag-luxe","17":"tag-mode","18":"tag-news","19":"tag-parfum","20":"tag-professionnel","21":"tag-professionnels","22":"tag-republique-francaise","23":"tag-reseau","24":"tag-textile"},"share_on_mastodon":{"url":"https:\/\/pubeurope.com\/@fr\/115430791226637321","error":""},"_links":{"self":[{"href":"https:\/\/www.europesays.com\/fr\/wp-json\/wp\/v2\/posts\/487471","targetHints":{"allow":["GET"]}}],"collection":[{"href":"https:\/\/www.europesays.com\/fr\/wp-json\/wp\/v2\/posts"}],"about":[{"href":"https:\/\/www.europesays.com\/fr\/wp-json\/wp\/v2\/types\/post"}],"author":[{"embeddable":true,"href":"https:\/\/www.europesays.com\/fr\/wp-json\/wp\/v2\/users\/2"}],"replies":[{"embeddable":true,"href":"https:\/\/www.europesays.com\/fr\/wp-json\/wp\/v2\/comments?post=487471"}],"version-history":[{"count":0,"href":"https:\/\/www.europesays.com\/fr\/wp-json\/wp\/v2\/posts\/487471\/revisions"}],"wp:featuredmedia":[{"embeddable":true,"href":"https:\/\/www.europesays.com\/fr\/wp-json\/wp\/v2\/media\/487472"}],"wp:attachment":[{"href":"https:\/\/www.europesays.com\/fr\/wp-json\/wp\/v2\/media?parent=487471"}],"wp:term":[{"taxonomy":"category","embeddable":true,"href":"https:\/\/www.europesays.com\/fr\/wp-json\/wp\/v2\/categories?post=487471"},{"taxonomy":"post_tag","embeddable":true,"href":"https:\/\/www.europesays.com\/fr\/wp-json\/wp\/v2\/tags?post=487471"}],"curies":[{"name":"wp","href":"https:\/\/api.w.org\/{rel}","templated":true}]}}