{"id":487483,"date":"2025-10-24T19:38:10","date_gmt":"2025-10-24T19:38:10","guid":{"rendered":"https:\/\/www.europesays.com\/fr\/487483\/"},"modified":"2025-10-24T19:38:10","modified_gmt":"2025-10-24T19:38:10","slug":"decu-mais-motive-louka-lesueur-repart-pour-2026-actualite","status":"publish","type":"post","link":"https:\/\/www.europesays.com\/fr\/487483\/","title":{"rendered":"D\u00e9\u00e7u mais motiv\u00e9, Louka Lesueur repart pour 2026 &#8211; Actualit\u00e9"},"content":{"rendered":"<p style=\"text-align: justify;\">Au Chrono des Nations, Louka Lesueur est rest\u00e9 sur sa faim. Pour sa derni\u00e8re de la saison, <a href=\"https:\/\/www.directvelo.com\/actualite\/124748\/chrono-des-nations-u23-hommes-classement\" target=\"_blank\" rel=\"noopener\"><strong>il s\u2019est class\u00e9 11e\u00a0\u00e0 1\u201923&Prime;<\/strong><\/a> d\u2019Arthur Blaise sur l\u2019\u00e9preuve r\u00e9serv\u00e9e aux moins de 23 ans. \u00ab\u00a0Je suis parti tr\u00e8s vite en esp\u00e9rant un bon chrono, d\u00e9briefait-il aupr\u00e8s de DirectVelo. Dans les dix premi\u00e8res minutes j\u2019ai cru \u00e0 une bonne performance puis j\u2019ai commenc\u00e9 \u00e0 coincer. J\u2019ai eu beaucoup de mal \u00e0 aller chercher l\u2019arriv\u00e9e\u00a0\u00bb. Classiques fran\u00e7aises, Tour de l\u2019Avenir, Championnat d\u2019Europe\u2026 Le Rouennais a pris du galon mais subit la fatigue accumul\u00e9e en cette fin de saison.<\/p>\n<p>Le coureur de 21 ans compte cette ann\u00e9e <a href=\"https:\/\/www.directvelo.com\/coureur\/37517\/louka-lesueur\" target=\"_blank\" rel=\"noopener\"><strong>seize Top 5 dont cinq victoires<\/strong><\/a>. La derni\u00e8re en date, le Prix des Vins Nouveaux \u00e0 Vesdun (Cher) en \u00c9lite Nationale. Des statistiques solides qui lui permettent de terminer avec une 5e\u00a0place au Challenge\u00a0DV Espoirs. Ses s\u00e9lections en \u00c9quipe de France ont aussi marqu\u00e9 son ann\u00e9e. Initialement, Louka Lesueur n\u2019avait pas inscrit le Tour de l\u2019Avenir \u00e0 son calendrier mais y a \u00e9t\u00e9 agr\u00e9ablement contraint pour combler le forfait d\u2019Ugo Fabries. En revanche, sa participation au Championnat d\u2019Europe ne s\u2019est pas faite \u00e0 la derni\u00e8re minute. Et le Normand\u00a0a \u00e9t\u00e9 un acteur de ce Championnat \u00e0 domicile en \u00e9paulant Maxime Decomble, m\u00e9daill\u00e9 d\u2019argent.<\/p>\n<p><strong>L&rsquo;OBJECTIF DE SCORER EN 2026<\/strong><\/p>\n<p>Mais tout cela n&rsquo;a pas \u00e9t\u00e9 suffisant pour convaincre une \u00e9quipe professionnelle. Il repart donc une saison de plus avec le VC Rouen 76 <a href=\"https:\/\/www.directvelo.com\/actualite\/124849\/vc-rouen-76-leffectif-2026\" target=\"_blank\" rel=\"noopener\"><strong>o\u00f9 il sera rejoint par son fr\u00e8re<\/strong><\/a>.\u00a0\u00ab\u00a0Je suis d\u00e9\u00e7u de ne pas gravir l\u2019\u00e9chelon professionnel. J\u2019esp\u00e8re que cette d\u00e9ception m\u2019am\u00e8nera beaucoup de motivation pour l\u2019ann\u00e9e prochaine\u00a0\u00bb. Apr\u00e8s trois semaines de coupure, il remontera sur son v\u00e9lo pour la pr\u00e9paration hivernale. \u00ab\u00a0Mon objectif va \u00eatre de scorer. Accumuler des r\u00e9sultats, surtout des victoires, est important pour esp\u00e9rer un passage au niveau sup\u00e9rieur\u00a0\u00bb.<\/p>\n<p>En constante progression, Louka Lesueur s\u2019est forg\u00e9 au fil des mois. \u00ab\u00a0Depuis mon accident au mois de mai (une commotion c\u00e9r\u00e9brale apr\u00e8s une chute sur le Circuit de Sa\u00f4ne-et-Loire, NDLR), je ne vois plus les choses de la m\u00eame fa\u00e7on. J\u2019ai \u00e9galement chang\u00e9 d\u2019entraineur. C\u2019est Jean-Phi (Yon) qui m\u2019encadre\u00a0\u00bb. Pour l&rsquo;ann\u00e9e\u00a0prochaine, il n\u2019a pas d\u2019\u00e9preuve particuli\u00e8re en t\u00eate. \u00ab\u00a0Je souhaite vraiment me montrer sur les courses majeures du calendrier\u00a0: les Coupes de France, les Championnats nationaux ou encore les Classe 2\u00a0\u00bb.<\/p>\n","protected":false},"excerpt":{"rendered":"Au Chrono des Nations, Louka Lesueur est rest\u00e9 sur sa faim. Pour sa derni\u00e8re de la saison, il&hellip;\n","protected":false},"author":2,"featured_media":487484,"comment_status":"","ping_status":"","sticky":false,"template":"","format":"standard","meta":{"footnotes":""},"categories":[1411],"tags":[834,828,836,829,837,827,83,826,824,823,1154,207,814,817,815,816,822,821,832,211,839,1011,27,820,818,819,835,831,830,833,838,60,212,208,825],"class_list":{"0":"post-487483","1":"post","2":"type-post","3":"status-publish","4":"format-standard","5":"has-post-thumbnail","7":"category-cyclisme","8":"tag-attaque","9":"tag-belgique","10":"tag-braquet","11":"tag-bretagne","12":"tag-chute","13":"tag-competition","14":"tag-coupe-de-france","15":"tag-coureur","16":"tag-course-cyclisme","17":"tag-course-cycliste","18":"tag-cycling","19":"tag-cyclisme","20":"tag-direct","21":"tag-direct-velo","22":"tag-directvelo","23":"tag-directvelo-com","24":"tag-epreuve","25":"tag-epreuve-cycliste","26":"tag-federation-francaise-de-cyclisme","27":"tag-ffc","28":"tag-flandres","29":"tag-fr","30":"tag-france","31":"tag-live","32":"tag-live-course","33":"tag-live-epreuve","34":"tag-peloton","35":"tag-radio-peloton","36":"tag-radio-tour","37":"tag-ravitaillement","38":"tag-relance","39":"tag-sports","40":"tag-uci","41":"tag-velo","42":"tag-velos"},"share_on_mastodon":{"url":"https:\/\/pubeurope.com\/@fr\/115430837606177934","error":""},"_links":{"self":[{"href":"https:\/\/www.europesays.com\/fr\/wp-json\/wp\/v2\/posts\/487483","targetHints":{"allow":["GET"]}}],"collection":[{"href":"https:\/\/www.europesays.com\/fr\/wp-json\/wp\/v2\/posts"}],"about":[{"href":"https:\/\/www.europesays.com\/fr\/wp-json\/wp\/v2\/types\/post"}],"author":[{"embeddable":true,"href":"https:\/\/www.europesays.com\/fr\/wp-json\/wp\/v2\/users\/2"}],"replies":[{"embeddable":true,"href":"https:\/\/www.europesays.com\/fr\/wp-json\/wp\/v2\/comments?post=487483"}],"version-history":[{"count":0,"href":"https:\/\/www.europesays.com\/fr\/wp-json\/wp\/v2\/posts\/487483\/revisions"}],"wp:featuredmedia":[{"embeddable":true,"href":"https:\/\/www.europesays.com\/fr\/wp-json\/wp\/v2\/media\/487484"}],"wp:attachment":[{"href":"https:\/\/www.europesays.com\/fr\/wp-json\/wp\/v2\/media?parent=487483"}],"wp:term":[{"taxonomy":"category","embeddable":true,"href":"https:\/\/www.europesays.com\/fr\/wp-json\/wp\/v2\/categories?post=487483"},{"taxonomy":"post_tag","embeddable":true,"href":"https:\/\/www.europesays.com\/fr\/wp-json\/wp\/v2\/tags?post=487483"}],"curies":[{"name":"wp","href":"https:\/\/api.w.org\/{rel}","templated":true}]}}