{"id":487492,"date":"2025-10-24T19:48:11","date_gmt":"2025-10-24T19:48:11","guid":{"rendered":"https:\/\/www.europesays.com\/fr\/487492\/"},"modified":"2025-10-24T19:48:11","modified_gmt":"2025-10-24T19:48:11","slug":"sylvie-vartan-combien-a-t-elle-eu-denfants","status":"publish","type":"post","link":"https:\/\/www.europesays.com\/fr\/487492\/","title":{"rendered":"Sylvie Vartan : combien a-t-elle eu d\u2019enfants ?"},"content":{"rendered":"<p>Ce vendredi 24 octobre 2025, France 3 consacre une soir\u00e9e<br \/>\nsp\u00e9ciale \u00e0 <a href=\"https:\/\/www.closermag.fr\/people\/johnny-hallyday-cet-objet-achete-pour-faire-plaisir-a-sylvie-vartan-pourrait-rapporter-tres-gros-3529233\" target=\"_blank\" rel=\"noopener\"><br \/>\nSylvie Vartan<\/a> avec la diffusion du <strong>documentaire<br \/>\nSylvie Vartan, vous et moi,<\/strong> un portrait intime<br \/>\nretra\u00e7ant les 50 ans de carri\u00e8re de l\u2019ic\u00f4ne, mais aussi son<br \/>\nparcours de femme, de m\u00e8re et de grand-m\u00e8re combl\u00e9e. L\u2019occasion de<br \/>\nrevenir sur sa vie de famille, marqu\u00e9e par des moments de bonheur<br \/>\net d\u2019amour.<\/p>\n<p>C\u2019est en 1966 que la chanteuse conna\u00eet pour <strong>la premi\u00e8re<br \/>\nfois la maternit\u00e9.<\/strong> <a href=\"https:\/\/www.closermag.fr\/people\/sylvie-vartan-et-johnny-meconnaissables-la-chanteuse-devoile-des-cliches-inedits-de-leurs-vacances-romantiques-au-soleil-3514462\" target=\"_blank\" rel=\"noopener\"><br \/>\nMari\u00e9e \u00e0 Johnny Hallyday<\/a> depuis 1965, elle donne naissance, le<br \/>\n14 ao\u00fbt, \u00e0 un gar\u00e7on pr\u00e9nomm\u00e9 David, qui portera plus tard le<br \/>\nc\u00e9l\u00e8bre nom de son p\u00e8re : <a href=\"https:\/\/www.closermag.fr\/people\/avec-ma-mere-je-suis-panique-david-hallyday-fait-des-confidences-tres-sinceres-sur-sylvie-vartan-3520915\" target=\"_blank\" rel=\"noopener\"><br \/>\nDavid Hallyday<\/a>. \u00c0 cette \u00e9poque, Sylvie Vartan et Johnny<br \/>\nHallyday forment le couple star des ann\u00e9es 60, unis \u00e0 la ville<br \/>\ncomme sur sc\u00e8ne. Leur fils grandit sous le feu des projecteurs,<br \/>\navant de suivre la voie artistique de ses parents, devenant lui<br \/>\naussi chanteur et musicien reconnu.<\/p>\n<p>Sylvie Vartan : une m\u00e8re et une grand-m\u00e8re heureuse<\/p>\n<p>Apr\u00e8s son divorce avec Johnny Hallyday, <a href=\"https:\/\/www.closermag.fr\/people\/sylvie-vartan-desemparee-un-ange-passe-dans-quotidien-leila-bekhti-peut-regretter-detre-venue-3526666\" target=\"_blank\" rel=\"noopener\"><br \/>\nSylvie Vartan<\/a> refait <strong>sa vie avec Tony Scotti,<\/strong><br \/>\nun producteur am\u00e9ricain rencontr\u00e9 dans les ann\u00e9es 80. Ensemble, ils<br \/>\npartagent une relation solide, loin du tumulte m\u00e9diatique. En 1997,<br \/>\nle couple d\u00e9cide d\u2019agrandir la famille. Sylvie, profond\u00e9ment<br \/>\nattach\u00e9e \u00e0 ses racines bulgares, choisit d\u2019adopter une<br \/>\n<strong>petite fille \u00e0 Sofia : Darina.<\/strong><\/p>\n<p>L\u2019arriv\u00e9e de l\u2019enfant est pour elle un second souffle. Elle<br \/>\nconfiera plus tard que cette adoption a \u00e9t\u00e9 l\u2019un des plus beaux<br \/>\ngestes de sa vie, celui d\u2019un amour inconditionnel. Entre-temps,<br \/>\nSylvie d\u00e9couvre une autre facette de la maternit\u00e9 : <strong>celle<br \/>\nde grand-m\u00e8re.<\/strong> Son fils David Hallyday, mari\u00e9 au mannequin<br \/>\nEstelle Lef\u00e9bure, devient \u00e0 son tour p\u00e8re en 1995 avec la naissance<br \/>\nd\u2019Ilona, suivie en 1997 par Emma.<\/p>\n<p>Une famille soud\u00e9e autour de la<br \/>\nchanteuse<\/p>\n<p>Les deux petites-filles de Sylvie grandissent sous l\u2019\u0153il<br \/>\nattendri de leur c\u00e9l\u00e8bre grand-m\u00e8re. \u201cJe suis tr\u00e8s fi\u00e8re<br \/>\nqu\u2019Emma r\u00e9ussisse ainsi, elle a la vie devant elle avec plein de<br \/>\npossibilit\u00e9s\u201d, confiait-elle dans une interview \u00e0 Nous<br \/>\nDeux en 2021. Plus tard, apr\u00e8s sa s\u00e9paration d\u2019avec Estelle<br \/>\nLef\u00e9bure, David Hallyday retrouve l\u2019amour aupr\u00e8s d\u2019Alexandra<br \/>\nPastor.<\/p>\n<p>Ensemble, ils accueillent un fils, <strong>Cameron<\/strong>, n\u00e9<br \/>\nen 2004, aujourd\u2019hui \u00e2g\u00e9 de 19 ans. Une nouvelle g\u00e9n\u00e9ration que<br \/>\nSylvie Vartan a vue grandir avec la m\u00eame tendresse que ses propres<br \/>\nenfants. Et en juillet 2022, la famille s\u2019agrandit encore :<br \/>\n<a href=\"https:\/\/www.closermag.fr\/people\/ilona-smet-a-30-ans-la-tendre-declaration-de-sa-grand-mere-sylvie-vartan-pour-son-anniversaire-3545930\" target=\"_blank\" rel=\"noopener\"><br \/>\nIlona Smet,<\/a> la fille a\u00een\u00e9e de David, <a href=\"https:\/\/www.closermag.fr\/people\/ilona-smet-enceinte-sylvie-vartan-lache-une-info-de-taille-face-a-pascal-praud-une-deuxieme-grossesse-dans-le-clan-3534673\" target=\"_blank\" rel=\"noopener\"><br \/>\ndevient maman<\/a> \u00e0 son tour par deux fois. Sa s\u0153ur, Emma suit son<br \/>\nchemin avec la naissance de son premier enfant. Une famille<br \/>\nunie.<\/p>\n","protected":false},"excerpt":{"rendered":"Ce vendredi 24 octobre 2025, France 3 consacre une soir\u00e9e sp\u00e9ciale \u00e0 Sylvie Vartan avec la diffusion du&hellip;\n","protected":false},"author":2,"featured_media":487493,"comment_status":"","ping_status":"","sticky":false,"template":"","format":"standard","meta":{"footnotes":""},"categories":[8],"tags":[58,59,1011,27,7409],"class_list":{"0":"post-487492","1":"post","2":"type-post","3":"status-publish","4":"format-standard","5":"has-post-thumbnail","7":"category-divertissement","8":"tag-divertissement","9":"tag-entertainment","10":"tag-fr","11":"tag-france","12":"tag-sylvie-vartan"},"share_on_mastodon":{"url":"https:\/\/pubeurope.com\/@fr\/115430877035383121","error":""},"_links":{"self":[{"href":"https:\/\/www.europesays.com\/fr\/wp-json\/wp\/v2\/posts\/487492","targetHints":{"allow":["GET"]}}],"collection":[{"href":"https:\/\/www.europesays.com\/fr\/wp-json\/wp\/v2\/posts"}],"about":[{"href":"https:\/\/www.europesays.com\/fr\/wp-json\/wp\/v2\/types\/post"}],"author":[{"embeddable":true,"href":"https:\/\/www.europesays.com\/fr\/wp-json\/wp\/v2\/users\/2"}],"replies":[{"embeddable":true,"href":"https:\/\/www.europesays.com\/fr\/wp-json\/wp\/v2\/comments?post=487492"}],"version-history":[{"count":0,"href":"https:\/\/www.europesays.com\/fr\/wp-json\/wp\/v2\/posts\/487492\/revisions"}],"wp:featuredmedia":[{"embeddable":true,"href":"https:\/\/www.europesays.com\/fr\/wp-json\/wp\/v2\/media\/487493"}],"wp:attachment":[{"href":"https:\/\/www.europesays.com\/fr\/wp-json\/wp\/v2\/media?parent=487492"}],"wp:term":[{"taxonomy":"category","embeddable":true,"href":"https:\/\/www.europesays.com\/fr\/wp-json\/wp\/v2\/categories?post=487492"},{"taxonomy":"post_tag","embeddable":true,"href":"https:\/\/www.europesays.com\/fr\/wp-json\/wp\/v2\/tags?post=487492"}],"curies":[{"name":"wp","href":"https:\/\/api.w.org\/{rel}","templated":true}]}}