{"id":487496,"date":"2025-10-24T19:50:16","date_gmt":"2025-10-24T19:50:16","guid":{"rendered":"https:\/\/www.europesays.com\/fr\/487496\/"},"modified":"2025-10-24T19:50:16","modified_gmt":"2025-10-24T19:50:16","slug":"le-senat-va-lancer-une-commission-denquete-sur-les-marges-de-la-grande-distribution","status":"publish","type":"post","link":"https:\/\/www.europesays.com\/fr\/487496\/","title":{"rendered":"Le S\u00e9nat va lancer une commission d\u2019enqu\u00eate sur les marges de la grande distribution"},"content":{"rendered":"<p>\n    \u00abL\u2019objectif de la commission d\u2019enqu\u00eate sera de faire jour sur le manque de transparence des marges des distributeurs\u00bb, expliquent les s\u00e9nateurs \u00e9cologistes, derri\u00e8re cette initiative.<\/p>\n<p class=\"fig-paragraph\">Le S\u00e9nat s&rsquo;appr\u00eate \u00e0 lancer une commission d&rsquo;enqu\u00eate parlementaire sur les\u00a0<a href=\"http:\/\/www.lefigaro.fr\/societes\/les-secrets-de-la-reussite-de-grand-frais-cet-ovni-de-la-grande-distribution-qui-fait-de-l-ombre-aux-distributeurs-traditionnels-20250727\" data-fig-type=\"Article\" data-gtm-custom-categorie=\"navigation\" data-gtm-custom-action=\"crossclick\" data-gtm-custom-label=\"Contextuel\" data-gtm-event=\"customEventSPE\" data-fig-domain=\"LEFIGARO\" rel=\"nofollow noopener\" target=\"_blank\">marges de la grande distribution<\/a>, \u00e0 l&rsquo;initiative des \u00c9cologistes qui annoncent vendredi vouloir faire la lumi\u00e8re sur le \u00abmanque de transparence\u00bb du secteur.<\/p>\n<p class=\"fig-paragraph\">\u00abAlors que les Fran\u00e7aises et les Fran\u00e7ais font face \u00e0 une explosion du co\u00fbt de la vie, et que les agriculteurs ne voient pas leurs revenus progresser, cette situation nourrit un sentiment d&rsquo;injustice\u00bb, affirme le groupe \u00e9cologiste du S\u00e9nat dans un communiqu\u00e9, notant que l&rsquo;alimentation a vu ses prix augmenter de \u00abplus de 20% entre 2021 et 2023\u00bb. \u00abL&rsquo;objectif de la commission d&rsquo;enqu\u00eate sera de faire jour sur le manque de transparence des marges des distributeurs\u00bb, expliquent encore les s\u00e9nateurs \u00e9cologistes.<\/p>\n<p>                                    <a class=\"fig-a11y-skip a11y-hidden\" href=\"#fig-a11y-skip-main-inarticle\"><br \/>\n        Passer la publicit\u00e9<br \/>\n    <\/a><\/p>\n<p class=\"fig-paragraph\">La commission d&rsquo;enqu\u00eate a \u00e9t\u00e9 demand\u00e9e par la s\u00e9natrice de Paris Antoinette Guhl, par l&rsquo;interm\u00e9diaire d&rsquo;un \u00abdroit de tirage\u00bb, une proc\u00e9dure qui permet \u00e0 chaque groupe parlementaire d&rsquo;obtenir la cr\u00e9ation d&rsquo;une mission parlementaire de son choix chaque ann\u00e9e. Cette commission, aux pouvoirs d&rsquo;enqu\u00eate \u00e9largis, doit encore \u00eatre formellement constitu\u00e9e par le S\u00e9nat. Elle aura ensuite six mois pour mener ses auditions avant la remise d&rsquo;un rapport.<\/p>\n<p class=\"fig-paragraph\">Le S\u00e9nat a multipli\u00e9 ces derni\u00e8res ann\u00e9es les commissions d&rsquo;enqu\u00eate au retentissement non-n\u00e9gligeable dans la sph\u00e8re publique, de l&rsquo;affaire Benalla au Fonds Marianne, en passant par l&rsquo;influence croissante des cabinets de conseil dans les politiques publiques. Ou, plus r\u00e9cemment, sur le respect des obligations climatiques de TotalEnergies, le co\u00fbt des aides publiques aux entreprises, celui des agences de l&rsquo;\u00c9tat ou encore le scandale des eaux min\u00e9rales en bouteille.<\/p>\n","protected":false},"excerpt":{"rendered":"\u00abL\u2019objectif de la commission d\u2019enqu\u00eate sera de faire jour sur le manque de transparence des marges des distributeurs\u00bb,&hellip;\n","protected":false},"author":2,"featured_media":487497,"comment_status":"","ping_status":"","sticky":false,"template":"","format":"standard","meta":{"footnotes":""},"categories":[6],"tags":[35,33,34,1011,27,6908,18632],"class_list":{"0":"post-487496","1":"post","2":"type-post","3":"status-publish","4":"format-standard","5":"has-post-thumbnail","7":"category-economie","8":"tag-business","9":"tag-economie","10":"tag-economy","11":"tag-fr","12":"tag-france","13":"tag-grande-distribution","14":"tag-supermarches"},"share_on_mastodon":{"url":"https:\/\/pubeurope.com\/@fr\/115430884871217512","error":""},"_links":{"self":[{"href":"https:\/\/www.europesays.com\/fr\/wp-json\/wp\/v2\/posts\/487496","targetHints":{"allow":["GET"]}}],"collection":[{"href":"https:\/\/www.europesays.com\/fr\/wp-json\/wp\/v2\/posts"}],"about":[{"href":"https:\/\/www.europesays.com\/fr\/wp-json\/wp\/v2\/types\/post"}],"author":[{"embeddable":true,"href":"https:\/\/www.europesays.com\/fr\/wp-json\/wp\/v2\/users\/2"}],"replies":[{"embeddable":true,"href":"https:\/\/www.europesays.com\/fr\/wp-json\/wp\/v2\/comments?post=487496"}],"version-history":[{"count":0,"href":"https:\/\/www.europesays.com\/fr\/wp-json\/wp\/v2\/posts\/487496\/revisions"}],"wp:featuredmedia":[{"embeddable":true,"href":"https:\/\/www.europesays.com\/fr\/wp-json\/wp\/v2\/media\/487497"}],"wp:attachment":[{"href":"https:\/\/www.europesays.com\/fr\/wp-json\/wp\/v2\/media?parent=487496"}],"wp:term":[{"taxonomy":"category","embeddable":true,"href":"https:\/\/www.europesays.com\/fr\/wp-json\/wp\/v2\/categories?post=487496"},{"taxonomy":"post_tag","embeddable":true,"href":"https:\/\/www.europesays.com\/fr\/wp-json\/wp\/v2\/tags?post=487496"}],"curies":[{"name":"wp","href":"https:\/\/api.w.org\/{rel}","templated":true}]}}