{"id":487508,"date":"2025-10-24T19:56:34","date_gmt":"2025-10-24T19:56:34","guid":{"rendered":"https:\/\/www.europesays.com\/fr\/487508\/"},"modified":"2025-10-24T19:56:34","modified_gmt":"2025-10-24T19:56:34","slug":"gims-rejoint-la-programmation-de-ledition-2026","status":"publish","type":"post","link":"https:\/\/www.europesays.com\/fr\/487508\/","title":{"rendered":"Gims rejoint la programmation de l\u2019\u00e9dition 2026"},"content":{"rendered":"<p>Il est, actuellement, le plus gros vendeur de billets francophone. Pour sa venue \u00e0 Strasbourg, et son Z\u00e9nith de 12\u00a0000 places, il a doubl\u00e9 la mise. Idem \u00e0 Lille. Bruxelles\u00a0? Il l\u2019a tripl\u00e9e. Comme \u00e0 Nantes. Bordeaux et Lyon\u00a0? Ce sera quatre soir\u00e9es\u2026 Quand La D\u00e9fense Arena parisienne en affichera cinq en d\u00e9cembre.<\/p>\n<p>Gims n\u2019en finit plus de battre les records. Et ne semble pas faiblir. Celui qui sera \u00e0 l\u2019affiche des Vieilles charrues et des Francofolies de La\u00a0Rochelle, en juillet prochain, se posera dans l\u2019amphith\u00e9\u00e2tre plein air du <a href=\"https:\/\/www.estrepublicain.fr\/p\/zenith-du-grand-nancy\" target=\"_blank\" rel=\"noopener\">Z\u00e9nith du Grand Nancy<\/a> le samedi 20\u00a0juin 2026. Deux semaines apr\u00e8s le <a href=\"https:\/\/www.estrepublicain.fr\/culture-loisirs\/2025\/10\/20\/nancy-open-air-le-heavy-week-end-sort-l-artillerie-lourde\" target=\"_blank\" rel=\"noopener\">Heavy Week-End<\/a>.<\/p>\n<p>  Jauges XXL<\/p>\n<p>L\u2019occasion de voir l\u2019artiste, \u00e0 la polyvalence pouss\u00e9e \u00e0 l\u2019extr\u00eame et rassemblant toutes les g\u00e9n\u00e9rations lors de ses concerts, se produire devant une jauge XXL apr\u00e8s avoir mis \u00e0 ses pieds la salle nanc\u00e9ienne lors de ses pr\u00e9c\u00e9dents passages pour le <a href=\"https:\/\/www.estrepublicain.fr\/edition-de-nancy-ville\/2015\/12\/09\/nancy-maitre-gims-met-le-zenith-sur-orbite\" target=\"_blank\" rel=\"noopener\">Warano Tour<\/a> et le <a href=\"https:\/\/www.estrepublicain.fr\/edition-de-nancy-ville\/2018\/11\/23\/nancy-maitre-gims-met-le-fuego-au-zenith\" target=\"_blank\" rel=\"noopener\">Fuego Tour<\/a> \u2026 Sans oublier <a href=\"https:\/\/www.estrepublicain.fr\/culture-loisirs\/2025\/07\/27\/enenvol-gims-met-le-feu-a-chambley-devant-plus-de-10-000-spectateurs\" target=\"_blank\" rel=\"noopener\">Chambley<\/a> , en juillet dernier, devant plus de 10\u00a0000 personnes.<\/p>\n<p>C\u2019est donc au Nancy Open Air que Gims s\u2019attaque avec, en ligne de mire, une r\u00e9trospective d\u2019une carri\u00e8re hors-norme, sans cesse en \u00e9volution depuis ses d\u00e9buts avec la Sexion d\u2019assaut.<\/p>\n<p>Apr\u00e8s une r\u00e9sidence \u00e0 Amn\u00e9ville, c\u2019est au Galaxie, le mercredi 29\u00a0octobre, qu\u2019il donnera le coup d\u2019envoi des deux mois de concerts du Last Winter Tour \u2013 et ses 700\u00a0000 billets d\u00e9j\u00e0 vendus &#8211; qui viendront clore Le dernier Tour\u2026 En attendant l\u2019\u00e9t\u00e9 2026 et ses festivals. Et le Nancy Open Air\u00a0!<\/p>\n<p class=\"note\">Pr\u00e9vente le lundi 27\u00a0octobre, \u00e0 10\u00a0h, sur <a href=\"https:\/\/label-ln.trium.fr\/fr\/t\/-\/event\/63692\" target=\"_blank\" rel=\"noopener\">www.label-ln.fr<\/a>. Mise en vente g\u00e9n\u00e9rale le mardi\u00a028 \u00e0 10\u00a0h.<\/p>\n<p>Ce contenu est bloqu\u00e9 car vous n&rsquo;avez pas accept\u00e9 les cookies et autres traceurs.<\/p>\n<p>En cliquant sur \u00ab J\u2019accepte \u00bb, les cookies et autres traceurs seront d\u00e9pos\u00e9s et vous pourrez visualiser les contenus  (<a href=\"\" class=\"consentModule_policy\" target=\"_blank\" title=\"Consulter la politique de protection des donn\u00e9es du fournisseur\">plus d&rsquo;informations<\/a>).<\/p>\n<p>En cliquant sur \u00ab J\u2019accepte tous les cookies \u00bb, vous autorisez des d\u00e9p\u00f4ts de cookies et autres traceurs pour le stockage de vos donn\u00e9es sur nos sites et applications \u00e0 des fins de personnalisation et de ciblage publicitaire.<\/p>\n<p class=\"consentModule_secondaryText\">Vous gardez la possibilit\u00e9 de retirer votre consentement \u00e0 tout moment en consultant notre <a href=\"https:\/\/www.estrepublicain.fr\/protection-des-donnees\" target=\"_blank\" title=\"Consulter notre politique de protection des donn\u00e9es\" rel=\"noopener\">politique de protection des donn\u00e9es<\/a>. <br \/>&#13;<br \/>\n            <a href=\"https:\/\/www.estrepublicain.fr\/culture-loisirs\/2025\/10\/24\/javascript:Didomi.notice.show()\" class=\"consentModule_cmp\" target=\"_blank\" rel=\"noopener\">G\u00e9rer mes choix<\/a>&#13;\n        <\/p>\n<p>&#13;<br \/>\n                        J&rsquo;accepte&#13;<br \/>\n            J&rsquo;accepte tous les cookies&#13;\n        <\/p>\n","protected":false},"excerpt":{"rendered":"Il est, actuellement, le plus gros vendeur de billets francophone. Pour sa venue \u00e0 Strasbourg, et son Z\u00e9nith&hellip;\n","protected":false},"author":2,"featured_media":487509,"comment_status":"","ping_status":"","sticky":false,"template":"","format":"standard","meta":{"footnotes":""},"categories":[9635],"tags":[1111,11,1687,3602,1707,1704,1706,1705,10174,1777,674,1011,27,775,873,1702,1703,12,25],"class_list":{"0":"post-487508","1":"post","2":"type-post","3":"status-publish","4":"format-standard","5":"has-post-thumbnail","7":"category-nancy","8":"tag-actu","9":"tag-actualites","10":"tag-culture-loisirs","11":"tag-edition-bar-le-duc","12":"tag-edition-luneville","13":"tag-edition-nancy-et-agglomeration","14":"tag-edition-pont-a-mousson","15":"tag-edition-toul","16":"tag-edition-verdun","17":"tag-eu","18":"tag-europe","19":"tag-fr","20":"tag-france","21":"tag-grand-est","22":"tag-musique","23":"tag-nancy","24":"tag-nancy-ville-54b","25":"tag-news","26":"tag-republique-francaise"},"share_on_mastodon":{"url":"https:\/\/pubeurope.com\/@fr\/115430908526197538","error":""},"_links":{"self":[{"href":"https:\/\/www.europesays.com\/fr\/wp-json\/wp\/v2\/posts\/487508","targetHints":{"allow":["GET"]}}],"collection":[{"href":"https:\/\/www.europesays.com\/fr\/wp-json\/wp\/v2\/posts"}],"about":[{"href":"https:\/\/www.europesays.com\/fr\/wp-json\/wp\/v2\/types\/post"}],"author":[{"embeddable":true,"href":"https:\/\/www.europesays.com\/fr\/wp-json\/wp\/v2\/users\/2"}],"replies":[{"embeddable":true,"href":"https:\/\/www.europesays.com\/fr\/wp-json\/wp\/v2\/comments?post=487508"}],"version-history":[{"count":0,"href":"https:\/\/www.europesays.com\/fr\/wp-json\/wp\/v2\/posts\/487508\/revisions"}],"wp:featuredmedia":[{"embeddable":true,"href":"https:\/\/www.europesays.com\/fr\/wp-json\/wp\/v2\/media\/487509"}],"wp:attachment":[{"href":"https:\/\/www.europesays.com\/fr\/wp-json\/wp\/v2\/media?parent=487508"}],"wp:term":[{"taxonomy":"category","embeddable":true,"href":"https:\/\/www.europesays.com\/fr\/wp-json\/wp\/v2\/categories?post=487508"},{"taxonomy":"post_tag","embeddable":true,"href":"https:\/\/www.europesays.com\/fr\/wp-json\/wp\/v2\/tags?post=487508"}],"curies":[{"name":"wp","href":"https:\/\/api.w.org\/{rel}","templated":true}]}}