{"id":487601,"date":"2025-10-24T20:56:13","date_gmt":"2025-10-24T20:56:13","guid":{"rendered":"https:\/\/www.europesays.com\/fr\/487601\/"},"modified":"2025-10-24T20:56:13","modified_gmt":"2025-10-24T20:56:13","slug":"le-22-aout-1772-jacques-louis-david-rate-une-seconde-fois-le-concours-du-prix-de-rome","status":"publish","type":"post","link":"https:\/\/www.europesays.com\/fr\/487601\/","title":{"rendered":"le 22 ao\u00fbt 1772, Jacques-Louis David rate une seconde fois le concours du prix de Rome"},"content":{"rendered":"<p data-module=\"standfirst-editorial-episode\" data-context=\"@media (min-width:48em)\">\n    <strong>R\u00c9CIT &#8211; <\/strong>Sans doute son attachement au style de Boucher l\u2019a-t-il convaincu de pers\u00e9v\u00e9rer dans un style devenu obsol\u00e8te. D\u00e9sesp\u00e9r\u00e9, il est r\u00e9solu \u00e0 se laisser mourir.<\/p>\n<p class=\"fig-paragraph fig-paragraph--dropped\">Cet article est issu du\u00a0<a href=\"https:\/\/boutique.lefigaro.fr\/produit\/141029-david-un-monde-nouveau\" target=\"_blank\" rel=\"noopener nofollow\" data-gtm-custom-categorie=\"navigation\" data-gtm-custom-action=\"crossclick\" data-gtm-custom-label=\"Contextuel\" data-gtm-event=\"customEventSPE\">Figaro Hors-S\u00e9rie \u00ab David, un monde nouveau\u00a0\u00bb<\/a>, publi\u00e9 \u00e0 l\u2019occasion de la magistrale exposition \u00abDavid\u00ab au mus\u00e9e du Louvre. D\u00e9couvrez la vie et l\u2019\u0153uvre du peintre de la R\u00e9volution et de l\u2019Empire, dans les tourmentes de l\u2019Histoire.<\/p>\n<p>    \u00abDavid, un monde nouveau\u00bb.<br \/>\n                Le Figaro hors-s\u00e9rie<\/p>\n<p class=\"fig-paragraph fig-paragraph--dropped\">\u00ab<a href=\"http:\/\/www.lefigaro.fr\/arts-expositions\/jacques-louis-david-revolutionnaire-et-imperial-au-louvre-20251012\" target=\"_blank\" data-fig-type=\"Article\" rel=\"noopener nofollow\" data-gtm-custom-categorie=\"navigation\" data-gtm-custom-action=\"crossclick\" data-gtm-custom-label=\"Contextuel\" data-gtm-event=\"customEventSPE\" data-fig-domain=\"LEFIGARO\">Jacques-Louis David\u00a0?<\/a> \u00a0Premier \u00e9tage, \u00e0 gauche\u00a0\u00bb, r\u00e9pond la logeuse quand l\u2019homme en jabot demande \u00e0 voir le jeune peintre.<\/p>\n<p class=\"fig-paragraph fig-paragraph--dropped\">Le visiteur remercie poliment et s\u2019engage p\u00e9niblement dans l\u2019escalier de bois.<\/p>\n<p class=\"fig-paragraph\">\u00ab Mais \u00e7a m\u2019\u00e9tonnerait qu\u2019il y soit, ajoute la femme en haussant les \u00e9paules. Cela fait bien trois jours qu\u2019l\u2019avions point vu\u00a0!\u00a0\u00bb<\/p>\n<p class=\"fig-paragraph fig-paragraph--dropped\">Trois jours\u2026 C\u2019est bien ce qui inqui\u00e8te Gabriel-Fran\u00e7ois Doyen. Quand le jur\u00e9 a vu le jeune candidat se pr\u00e9senter \u00e0 nouveau au concours du prix de Rome avec son tableau Diane et Apollon per\u00e7ant de leurs fl\u00e8ches les enfants de Niob\u00e9, apr\u00e8s l\u2019\u00e9chec de son Combat de Minerve contre Mars de l\u2019an pass\u00e9, il a compris qu\u2019il avait affaire \u00e0 un artiste trop soucieux du jugement de l\u2019Acad\u00e9mie pour se\u2026<\/p>\n<p class=\"fig-premium-paywall__infos\">\n        Cet article est r\u00e9serv\u00e9 aux abonn\u00e9s.        Il vous reste 79% \u00e0 d\u00e9couvrir.\n    <\/p>\n<p>                <img  data- alt=\"Le Figaro\" class=\"fig-img--complete fig-img\"\/><\/p>\n<p class=\"fig-premium-paywall__title\">Vous avez envie de lire la suite ?<\/p>\n<p class=\"fig-premium-paywall__subtitle\">D\u00e9bloquez tous les articles imm\u00e9diatement.<\/p>\n<p class=\"fig-premium-paywall__connect\">\n                D\u00e9j\u00e0 abonn\u00e9\u00a0?                <a class=\"fig-premium-paywall__connect-link\" href=\"https:\/\/connect.lefigaro.fr\/login?client=horizon_web&amp;type=main&amp;redirect_uri=https%3A%2F%2Fwww.lefigaro.fr%2Fhistoire%2Fvotre-tour-viendra-le-22-aout-1772-jacques-louis-david-rate-une-seconde-fois-le-concours-du-prix-de-rome-20251022\" data-js-gtm=\"{&quot;customCategorie&quot;: &quot;conversion&quot;, &quot;customAction&quot;: &quot;before_Landing_Connexion_paywall_auto&quot;, &quot;customLabel&quot;: &quot;bGVmaWdhcm8uZnJfXzFmMGFkOGZhLTNkN2ItNjUxOC05OTQ2LTc5OTY2NzBiNjc3YV9fQXJ0aWNsZQ==_\u00abVotre tour viendra\u00bb\u00a0: le 22 ao\u00fbt 1772, Jacques-Louis David rate une seconde fois le concours du prix de Rome_391&quot;, &quot;customIDSPE&quot;: &quot;bGVmaWdhcm8uZnJfXzFmMGFkOGZhLTNkN2ItNjUxOC05OTQ2LTc5OTY2NzBiNjc3YV9fQXJ0aWNsZQ==&quot;, &quot;event&quot;: &quot;customEventSPE&quot;}\" rel=\"nofollow noopener\" target=\"_blank\"><br \/>\n                    Connectez-vous<br \/>\n                <\/a>\n            <\/p>\n","protected":false},"excerpt":{"rendered":"R\u00c9CIT &#8211; Sans doute son attachement au style de Boucher l\u2019a-t-il convaincu de pers\u00e9v\u00e9rer dans un style devenu&hellip;\n","protected":false},"author":2,"featured_media":487602,"comment_status":"","ping_status":"","sticky":false,"template":"","format":"standard","meta":{"footnotes":""},"categories":[1358],"tags":[1348,1384,1385,1386,58,59,1011,27,1585,3499],"class_list":{"0":"post-487601","1":"post","2":"type-post","3":"status-publish","4":"format-standard","5":"has-post-thumbnail","7":"category-arts-et-design","8":"tag-arts","9":"tag-arts-and-design","10":"tag-arts-et-design","11":"tag-design","12":"tag-divertissement","13":"tag-entertainment","14":"tag-fr","15":"tag-france","16":"tag-peinture","17":"tag-rome"},"share_on_mastodon":{"url":"https:\/\/pubeurope.com\/@fr\/115431144331545050","error":""},"_links":{"self":[{"href":"https:\/\/www.europesays.com\/fr\/wp-json\/wp\/v2\/posts\/487601","targetHints":{"allow":["GET"]}}],"collection":[{"href":"https:\/\/www.europesays.com\/fr\/wp-json\/wp\/v2\/posts"}],"about":[{"href":"https:\/\/www.europesays.com\/fr\/wp-json\/wp\/v2\/types\/post"}],"author":[{"embeddable":true,"href":"https:\/\/www.europesays.com\/fr\/wp-json\/wp\/v2\/users\/2"}],"replies":[{"embeddable":true,"href":"https:\/\/www.europesays.com\/fr\/wp-json\/wp\/v2\/comments?post=487601"}],"version-history":[{"count":0,"href":"https:\/\/www.europesays.com\/fr\/wp-json\/wp\/v2\/posts\/487601\/revisions"}],"wp:featuredmedia":[{"embeddable":true,"href":"https:\/\/www.europesays.com\/fr\/wp-json\/wp\/v2\/media\/487602"}],"wp:attachment":[{"href":"https:\/\/www.europesays.com\/fr\/wp-json\/wp\/v2\/media?parent=487601"}],"wp:term":[{"taxonomy":"category","embeddable":true,"href":"https:\/\/www.europesays.com\/fr\/wp-json\/wp\/v2\/categories?post=487601"},{"taxonomy":"post_tag","embeddable":true,"href":"https:\/\/www.europesays.com\/fr\/wp-json\/wp\/v2\/tags?post=487601"}],"curies":[{"name":"wp","href":"https:\/\/api.w.org\/{rel}","templated":true}]}}