{"id":487603,"date":"2025-10-24T20:58:10","date_gmt":"2025-10-24T20:58:10","guid":{"rendered":"https:\/\/www.europesays.com\/fr\/487603\/"},"modified":"2025-10-24T20:58:10","modified_gmt":"2025-10-24T20:58:10","slug":"geraldine-maillet-victime-dune-violente-chute-en-direct-chez-cyril-hanouna-on-a-eu-tres-peur","status":"publish","type":"post","link":"https:\/\/www.europesays.com\/fr\/487603\/","title":{"rendered":"G\u00e9raldine Maillet victime d\u2019une violente chute en direct chez Cyril Hanouna : \u00ab\u00a0on a eu tr\u00e8s peur\u00a0\u00bb"},"content":{"rendered":"<p>Plus de peur que de mal pour <a href=\"https:\/\/www.public.fr\/tag\/geraldine-maillet\" target=\"_blank\" rel=\"noopener\">G\u00e9raldine Maillet.<\/a> <a href=\"https:\/\/www.public.fr\/cyril-hanouna-irrespectueux-envers-geraldine-maillet-son-compagnon-daniel-riolo-prend-la-parole-on-ne-se-voit-pas-en-dehors\" target=\"_blank\" rel=\"noopener\">La compagne de Daniel Riolo<\/a> a bien failli entamer son week-end \u00e0 l\u2019h\u00f4pital mais va se contenter d\u2019un \u00ab\u00a0oeuf sur le front\u00a0\u00bb. La faute \u00e0 une chute sur le plateau de <strong>Tout beau, tout fun<\/strong>, ce vendredi 24 octobre 2025.<\/p>\n<p>En effet, depuis la rentr\u00e9e 2025, la chroniqueuse officie dans l\u2019\u00e9mission radio pr\u00e9sent\u00e9e par <a href=\"https:\/\/www.public.fr\/tag\/cyril-hanouna\" target=\"_blank\" rel=\"noopener\">Cyril Hanouna<\/a> sur Fun Radio. Une nouvelle \u00e9mission radio, apr\u00e8s celle qu\u2019il pr\u00e9sentait sur Europe 1, dans laquelle officient plusieurs chroniqueurs. Et notamment des chroniqueurs qui officient \u00e9galement sur <strong>TBT9<\/strong> chaque soir sur W9.<\/p>\n<p><a href=\"https:\/\/vsd.fr\/tag\/cyril-hanouna\/\" target=\"_blank\" rel=\"noopener\">Cyril Hanouna<\/a> a d\u00e9cid\u00e9 de s\u2019entourer de Shanna, Val\u00e9rie Bena\u00efm, Raymond Aabou, Fabien Delettres, <a href=\"https:\/\/www.public.fr\/tag\/capucine-anav\" target=\"_blank\" rel=\"noopener\">Capucine Anav<\/a>, et G\u00e9raldine Maillet. L\u2019occasion pour l\u2019\u00e9quipe d\u2019\u00e9voquer l\u2019actualit\u00e9 ainsi que leur vie priv\u00e9e.<\/p>\n<p>Cyril Hanouna, \u00e0 l&rsquo;animation quotidienne de \u00ab\u00a0Tout beau, tout fun\u00a0\u00bb<\/p>\n<p>Par exemple, depuis plusieurs jours, Cyril Hanouna et ses \u00e9quipes ne cessent de parler de la sant\u00e9 de Raymond. \u00ab\u00a0J\u2019ai mal et je ne peux plus dormir sur le c\u00f4t\u00e9 gauche. Le truc le plus grave : je ris et je tousse (&#8230;)\u00a0Il y a plein de trucs qui ne vont pas, je suis fatigu\u00e9. On a commenc\u00e9 la radio \u00e0 15 heures, je transpirais. On ne peut pas transpirer en \u00e9tant assis\u00a0\u00bb,\u00a0a par exemple indiqu\u00e9 le chroniqueur.\u00a0<\/p>\n<p>Mais sa coll\u00e8gue, G\u00e9raldine Maillet, a bien failli passer, elle aussi, quelques jours compliqu\u00e9s. Comme l\u2019a indiqu\u00e9 l\u2019animateur, la compagne de Daniel Riolo a \u00e9t\u00e9 victime d\u2019une chute ce vendredi 24 octobre 2025.<\/p>\n<p>\u00ab\u00a0Entre\u00a0Raymond Aabou\u00a0qui va passer l&rsquo;arme \u00e0 gauche, sachez que, je dis tout aux auditeurs, il y a un instant, G\u00e9raldine Maillet est tomb\u00e9e\u00a0\u00bb, a en effet r\u00e9v\u00e9l\u00e9 le pr\u00e9sentateur en reprenant son antenne suite \u00e0 une coupure publicitaire.\u00a0<\/p>\n<p>G\u00e9raldine Maillet victime d&rsquo;une chute \u00e0 la radio<\/p>\n<p>Apr\u00e8s avoir fait preuve d\u2019humour, Cyril Hanouna a fait preuve de s\u00e9rieux concernant l\u2019accident de G\u00e9raldine Maillet, qui aurait pu \u00eatre dramatique selon ses dires : \u00ab\u00a0<strong>La pauvre, elle s&rsquo;est cogn\u00e9e.<\/strong> Son si\u00e8ge est tomb\u00e9. <strong>On a tous eu tr\u00e8s peur pour elle.<\/strong> Elle s&rsquo;est cogn\u00e9e contre l&rsquo;ar\u00eate de l&rsquo;estrade. G\u00e9raldine a un oeuf, maintenant\u00a0\u00bb.<\/p>\n<p>\u00ab\u00a0Oui\u00a0j\u2019ai un oeuf de pigeon\u00a0sur la t\u00eate\u00a0\u00bb, a confirm\u00e9 la chroniqueuse avant que \u00ab\u00a0Baba\u00a0\u00bb ne reconnaisse : <strong>\u00ab\u00a0Sans d\u00e9conner, on a eu tr\u00e8s peur\u00a0\u00bb<\/strong>.\u00a0\u00ab\u00a0Il n&rsquo;en demeure pas moins que c&rsquo;\u00e9tait la chute la plus ridicule de l&rsquo;histoire\u00a0\u00bb,\u00a0a tout de m\u00eame not\u00e9 G\u00e9raldine Maillet, soutenue par ses coll\u00e8gues : \u00ab\u00a0On aurait eu un autre membre de l&rsquo;\u00e9quipe qui serait tomb\u00e9 comme toi, je t&rsquo;explique, on le perdait. Raymond, c&rsquo;est fini, tu ne le revois plus pendant six mois. Arr\u00eat de travail et il porte plainte\u00a0\u00bb,\u00a0a finalement l\u00e2ch\u00e9 Cyril Hanouna.\u00a0<\/p>\n<p>\n          Hits &amp; People en continu\n        <\/p>\n<p>\n          Public Radio\n        <\/p>\n<p>      Mentionn\u00e9s dans cet article<\/p>\n<p>      Sur le m\u00eame sujet<\/p>\n","protected":false},"excerpt":{"rendered":"Plus de peur que de mal pour G\u00e9raldine Maillet. La compagne de Daniel Riolo a bien failli entamer&hellip;\n","protected":false},"author":2,"featured_media":487604,"comment_status":"","ping_status":"","sticky":false,"template":"","format":"standard","meta":{"footnotes":""},"categories":[1356],"tags":[1083,58,59,1011,27,6034,1474,252,45215,1364,2395],"class_list":{"0":"post-487603","1":"post","2":"type-post","3":"status-publish","4":"format-standard","5":"has-post-thumbnail","7":"category-television","8":"tag-cyril-hanouna","9":"tag-divertissement","10":"tag-entertainment","11":"tag-fr","12":"tag-france","13":"tag-fun-radio","14":"tag-geraldine-maillet","15":"tag-television","16":"tag-tout-beau-tout-fun","17":"tag-tv","18":"tag-w9"},"share_on_mastodon":{"url":"https:\/\/pubeurope.com\/@fr\/115431152392210996","error":""},"_links":{"self":[{"href":"https:\/\/www.europesays.com\/fr\/wp-json\/wp\/v2\/posts\/487603","targetHints":{"allow":["GET"]}}],"collection":[{"href":"https:\/\/www.europesays.com\/fr\/wp-json\/wp\/v2\/posts"}],"about":[{"href":"https:\/\/www.europesays.com\/fr\/wp-json\/wp\/v2\/types\/post"}],"author":[{"embeddable":true,"href":"https:\/\/www.europesays.com\/fr\/wp-json\/wp\/v2\/users\/2"}],"replies":[{"embeddable":true,"href":"https:\/\/www.europesays.com\/fr\/wp-json\/wp\/v2\/comments?post=487603"}],"version-history":[{"count":0,"href":"https:\/\/www.europesays.com\/fr\/wp-json\/wp\/v2\/posts\/487603\/revisions"}],"wp:featuredmedia":[{"embeddable":true,"href":"https:\/\/www.europesays.com\/fr\/wp-json\/wp\/v2\/media\/487604"}],"wp:attachment":[{"href":"https:\/\/www.europesays.com\/fr\/wp-json\/wp\/v2\/media?parent=487603"}],"wp:term":[{"taxonomy":"category","embeddable":true,"href":"https:\/\/www.europesays.com\/fr\/wp-json\/wp\/v2\/categories?post=487603"},{"taxonomy":"post_tag","embeddable":true,"href":"https:\/\/www.europesays.com\/fr\/wp-json\/wp\/v2\/tags?post=487603"}],"curies":[{"name":"wp","href":"https:\/\/api.w.org\/{rel}","templated":true}]}}