{"id":487605,"date":"2025-10-24T20:59:14","date_gmt":"2025-10-24T20:59:14","guid":{"rendered":"https:\/\/www.europesays.com\/fr\/487605\/"},"modified":"2025-10-24T20:59:14","modified_gmt":"2025-10-24T20:59:14","slug":"je-meclate-johnny-hallyday-ce-celebre-chanteur-avoue-continuer-de-lui-ecrire-des-chansons-malgre-sa-disparition","status":"publish","type":"post","link":"https:\/\/www.europesays.com\/fr\/487605\/","title":{"rendered":"\u00ab\u00a0Je m\u2019\u00e9clate\u00a0\u00bb, Johnny Hallyday, ce c\u00e9l\u00e8bre chanteur avoue continuer de lui \u00e9crire des chansons malgr\u00e9 sa disparition"},"content":{"rendered":"<p>Si <a href=\"https:\/\/www.public.fr\/tag\/johnny-hallyday\" target=\"_blank\" rel=\"noopener\">Johnny Hallyday<\/a> ne fait plus partie de ce monde, un artiste continue \u00e0 lui \u00e9crire quelques morceaux. Candidat de la sixi\u00e8me saison de <strong>La Nouvelle Star<\/strong> en 2008, <a href=\"https:\/\/www.public.fr\/tag\/ycare\" target=\"_blank\" rel=\"noopener\">Ycare <\/a>jouit aujourd\u2019hui d\u2019une grande carri\u00e8re. Et pourtant, l\u2019artiste a fait face \u00e0 de nombreux moments compliqu\u00e9s comme sa longue p\u00e9riode durant laquelle il a lutt\u00e9 contre son alcoolisme.<\/p>\n<p>Aujourd\u2019hui, <a href=\"https:\/\/www.public.fr\/diaporamas\/malika-menard-l-ex-miss-a-rompu-avec-le-chanteur-ycare-et-n-est-plus-un-coeur-a-prendre\" target=\"_blank\" rel=\"noopener\">l\u2019ancien compagnon de Malika M\u00e9nard <\/a>a d\u00e9finitivement tourn\u00e9 la page et se concentre uniquement sur sa passion qu\u2019est la musique. Si l\u2019ancien candidat de La Nouvelle Star continue d\u2019\u00e9crire pour lui, il prend de plus en plus de plaisir \u00e0 \u00e9crire des textes pour d\u2019autres artistes.<\/p>\n<p>En effet, interrog\u00e9 par nos confr\u00e8res de <a href=\"https:\/\/tvmag.lefigaro.fr\/programme-tv\/people\/je-continue-d-ecrire-des-chansons-pour-johnny-hallyday-ycare-se-confie-sur-sa-carriere-20251024\" target=\"_blank\" rel=\"noopener\">TV Mag<\/a>, le chanteur pressenti pour se trouver sous le costume du lapin dans Mask Singer, a \u00e9voqu\u00e9 ce plaisir qu\u2019il prenait \u00e0 partager son art avec les autres. Une belle victoire pour lui apr\u00e8s des ann\u00e9es compliqu\u00e9es.<\/p>\n<p>Une p\u00e9riode tr\u00e8s compliqu\u00e9e pour le chanteur Ycare<\/p>\n<p>\u00ab\u00a0La vie est pleine de doutes et d\u2019incertitudes. L\u2019\u00e9cueil de ma vie d\u2019artiste a \u00e9t\u00e9 de ne pas faire la part des choses\u00a0\u00bb, reconna\u00eet-il avant de poursuivre : \u00ab\u00a0Quand tu \u00e9cris une chanson chez toi, ta vie priv\u00e9e et ta vie professionnelle sont intrins\u00e8quement entrem\u00eal\u00e9es. Et si tu es sensible, comme je l\u2019\u00e9tais, tu peux te perdre dans certaines formes de fausses b\u00e9quilles, ne pas dormir et avoir peur de la solitude\u00a0\u00bb.\u00a0<\/p>\n<p>\u00ab\u00a0Donc, tu sors le soir et tu rentres dans une esp\u00e8ce de cycle pervers qui est nul. Mais c\u2019\u00e9tait mon chemin et, miraculeusement, avec un peu d\u2019effort et de foi, je suis retomb\u00e9 sur mes pas avec une vie saine\u00a0\u00bb, ajoute le chanteur qui \u00e9crit aujourd\u2019hui pour Johnny Hallyday.<\/p>\n<p>En effet, aussi surprenant que cela puisse para\u00eetre, et conscient que la situation peut para\u00eetre \u00e9trange, Ycare \u00e9crit encore des chansons pour le Taulier disparu en d\u00e9cembre 2017. Aupr\u00e8s de nos confr\u00e8res de TV Mag, il s\u2019en explique.<\/p>\n<p>Il continue d&rsquo;\u00e9crire des chansons pour Johnny Hallyday<\/p>\n<p>\u00ab\u00a0Oui, je m\u2019\u00e9clate \u00e0 faire \u00e7a. <strong>Je vais para\u00eetre fou<\/strong>, mais <strong>je continue d\u2019\u00e9crire des chansons pour Johnny Hallyday en sachant qu\u2019il ne les chantera jamais<\/strong>\u00ab\u00a0, reconna\u00eet l\u2019ancien candidat de La Nouvelle Star.<\/p>\n<p>Ycare avoue aimer \u00ab\u00a0l\u2019exercice de transformisme qu\u2019on peut avoir \u00e0 l\u2019int\u00e9rieur de soi, de [se] d\u00e9guiser en l\u2019autre\u00a0\u00bb. \u00ab\u00a0<strong>C\u2019est un honneur \u00e0 chaque fois de me dire, lui, o\u00f9 est-ce qu\u2019il en est artistiquement\u00a0?<\/strong> Qu\u2019est-ce qu\u2019il vit en ce moment\u00a0? De quoi part-on\u00a0? O\u00f9 est-ce qu\u2019on peut aller\u00a0?\u00a0\u00bb, se demande-t-il.<\/p>\n<p>Aujourd\u2019hui, l\u2019ancien compagnon de <a href=\"https:\/\/www.public.fr\/tag\/malika-menard\" target=\"_blank\" rel=\"noopener\">Malika M\u00e9nard<\/a> confie en effet qu\u2019il adore \u00ab\u00a0l\u2019exercice de [s\u2019]effacer compl\u00e8tement, m\u00eame dans le style d\u2019\u00e9criture, et d\u2019essayer de devenir l\u2019autre\u00a0\u00bb. \u00ab\u00a0De l\u2019abn\u00e9gation au sens propre. Il n\u2019y a plus d\u2019ego. Mon nom, on l\u2019oubliera. Ce n\u2019est pas important. Ce qui est important, c\u2019est le souvenir que la chanson laissera dans la vie de quelqu\u2019un\u00a0\u00bb, conclut-il pour s\u2019expliquer sur cette \u00ab\u00a0activit\u00e9\u00a0\u00bb qu\u2019il appr\u00e9cie tant faire.\u00a0<\/p>\n<p>\n          Hits &amp; People en continu\n        <\/p>\n<p>\n          Public Radio\n        <\/p>\n<p>      Mentionn\u00e9s dans cet article<\/p>\n<p>      Sur le m\u00eame sujet<\/p>\n","protected":false},"excerpt":{"rendered":"Si Johnny Hallyday ne fait plus partie de ce monde, un artiste continue \u00e0 lui \u00e9crire quelques morceaux.&hellip;\n","protected":false},"author":2,"featured_media":487606,"comment_status":"","ping_status":"","sticky":false,"template":"","format":"standard","meta":{"footnotes":""},"categories":[1355],"tags":[58,59,1011,27,1304,14525,1361,873,5552,61074],"class_list":{"0":"post-487605","1":"post","2":"type-post","3":"status-publish","4":"format-standard","5":"has-post-thumbnail","7":"category-musique","8":"tag-divertissement","9":"tag-entertainment","10":"tag-fr","11":"tag-france","12":"tag-johnny-hallyday","13":"tag-malika-menard","14":"tag-music","15":"tag-musique","16":"tag-nouvelle-star","17":"tag-ycare"},"share_on_mastodon":{"url":"https:\/\/pubeurope.com\/@fr\/115431156312935499","error":""},"_links":{"self":[{"href":"https:\/\/www.europesays.com\/fr\/wp-json\/wp\/v2\/posts\/487605","targetHints":{"allow":["GET"]}}],"collection":[{"href":"https:\/\/www.europesays.com\/fr\/wp-json\/wp\/v2\/posts"}],"about":[{"href":"https:\/\/www.europesays.com\/fr\/wp-json\/wp\/v2\/types\/post"}],"author":[{"embeddable":true,"href":"https:\/\/www.europesays.com\/fr\/wp-json\/wp\/v2\/users\/2"}],"replies":[{"embeddable":true,"href":"https:\/\/www.europesays.com\/fr\/wp-json\/wp\/v2\/comments?post=487605"}],"version-history":[{"count":0,"href":"https:\/\/www.europesays.com\/fr\/wp-json\/wp\/v2\/posts\/487605\/revisions"}],"wp:featuredmedia":[{"embeddable":true,"href":"https:\/\/www.europesays.com\/fr\/wp-json\/wp\/v2\/media\/487606"}],"wp:attachment":[{"href":"https:\/\/www.europesays.com\/fr\/wp-json\/wp\/v2\/media?parent=487605"}],"wp:term":[{"taxonomy":"category","embeddable":true,"href":"https:\/\/www.europesays.com\/fr\/wp-json\/wp\/v2\/categories?post=487605"},{"taxonomy":"post_tag","embeddable":true,"href":"https:\/\/www.europesays.com\/fr\/wp-json\/wp\/v2\/tags?post=487605"}],"curies":[{"name":"wp","href":"https:\/\/api.w.org\/{rel}","templated":true}]}}