{"id":487613,"date":"2025-10-24T21:03:10","date_gmt":"2025-10-24T21:03:10","guid":{"rendered":"https:\/\/www.europesays.com\/fr\/487613\/"},"modified":"2025-10-24T21:03:10","modified_gmt":"2025-10-24T21:03:10","slug":"il-faut-lexclure-gilles-verdez-demande-lexclusion-danouk-de-la-star-academy-apres-ses-likes-pour-le-rassemblement-national","status":"publish","type":"post","link":"https:\/\/www.europesays.com\/fr\/487613\/","title":{"rendered":"\u00ab\u00a0Il faut l\u2019exclure\u00a0\u00bb : Gilles Verdez demande l\u2019exclusion d\u2019Anouk de la \u00ab\u00a0Star Academy\u00a0\u00bb apr\u00e8s ses likes pour le Rassemblement National"},"content":{"rendered":"<p>Pour Gilles Verdez, Anouk doit se faire exclure de la <strong>Star Academy<\/strong>. Mais pas \u00e0 cause d\u2019un \u00e9ventuel manque de talent ou d\u2019un mauvais comportement avec ses colocataires au ch\u00e2teau des Vives-Eaux, mais \u00e0 cause de <a href=\"https:\/\/www.public.fr\/star-academy-anouk-rattrapee-par-son-amour-pour-le-rassemblement-national-vive-polemique-autour-de-la-candidate\" rel=\"nofollow noopener\" target=\"_blank\">ses likes sur les r\u00e9seaux sociaux.<\/a><\/p>\n<p>En effet, depuis quelques jours, la jeune femme fait l\u2019objet d\u2019une pol\u00e9mique apr\u00e8s que des internautes aient d\u00e9couvert <strong>des likes sur les publications de <a href=\"https:\/\/www.public.fr\/tag\/jordan-bardella\" rel=\"nofollow noopener\" target=\"_blank\">Jordan Bardella<\/a>, <a href=\"https:\/\/www.public.fr\/tag\/marine-le-pen\" rel=\"nofollow noopener\" target=\"_blank\">Marine Le Pen<\/a><\/strong>, et d\u2019autres figures politiques du Rassemblement National.\u00a0<\/p>\n<p>Si la seule candidate belge de cette saison de la <strong>Star Academy<\/strong> a fait l\u2019unanimit\u00e9 lors du premier prime samedi dernier, avec sa reprise de Aimer pour de vrai\u00a0d\u2019<a href=\"https:\/\/vsd.fr\/tag\/helena-bailly\/\" rel=\"nofollow noopener\" target=\"_blank\">H\u00e9l\u00e9na Bailly<\/a>, la jeune artiste a rapidement fait face \u00e0 des critiques.\u00a0<\/p>\n<p>Anouk au c\u0153ur d&rsquo;une pol\u00e9mique pour ses likes sur ses publications li\u00e9es au Rassemblement National<\/p>\n<p>Certains internautes ont en effet partag\u00e9 des captures d\u2019\u00e9cran montrant qu\u2019<strong>Anouk aurait \u00ab\u00a0lik\u00e9\u00a0\u00bb plusieurs publications de personnalit\u00e9s politiques fran\u00e7aises<\/strong>, notamment de\u00a0Jordan Bardella\u00a0et\u00a0Marine Le Pen, figures majeures du Rassemblement National.<\/p>\n<p>Nombre d\u2019internautes ont exprim\u00e9 leur malaise, soulignant qu\u2019il \u00e9tait troublant de voir une figure montante du programme liker des contenus li\u00e9s \u00e0 un parti politique souvent qualifi\u00e9 de \u00ab\u00a0radical\u00a0\u00bb. Heureusement pour la candidate de la Star Academy, d\u2019autres t\u00e9l\u00e9spectateurs et internautes ont pris sa d\u00e9fense.<\/p>\n<p>Certains ont en effet appel\u00e9 \u00e0\u00a0<strong>la prudence et au recul<\/strong>. En rappelant notamment qu\u2019un \u201clike\u201d ne vaut pas engagement politique. D\u2019autant plus qu\u2019Anouk est belge et ne vote donc pas en France. N\u00e9anmoins, pour Gilles Verdez une seule issue serait possible dans cette affaire : l\u2019expulsion de la jeune femme du programme.<\/p>\n<p>Gilles Verdez demande son exclusion<\/p>\n<p>\u00ab\u00a0La candidate de la Star Academy serait pro-RN, et il y a tout un d\u00e9bat pour savoir si c&rsquo;est normal ou pas ?\u00a0\u00bb, a d\u2019abord rappel\u00e9 le chroniqueur de <strong>TBT9<\/strong> dans la quotidienne de ce vendredi 24 octobre 2025, avant d\u2019ajouter : \u00ab\u00a0d\u2019autres disent qu&rsquo;elle a, je suis honn\u00eate, qu&rsquo;elle a fait des publications contre le Rassemblement National, qui annihilerait les premi\u00e8res\u00a0\u00bb.\u00a0<\/p>\n<p>\u00ab\u00a0Alors vous, \u00e7a vous d\u00e9range ?\u00a0\u00bb, lui a alors demand\u00e9 Cyril Hanouna. \u00c0 quoi Gilles Verdez a r\u00e9pondu, en toute franchise : \u00ab\u00a0<strong>Moi \u00e7a me d\u00e9range profond\u00e9ment. Je vous le dis \u00e7a n&rsquo;engage que moi pour moi il faut l&rsquo;exclure de l\u2019\u00e9mission\u00a0\u00bb.<\/strong><\/p>\n<p>Une d\u00e9claration qui a choqu\u00e9 ses coll\u00e8gues en plateau, notamment Danielle Moreau. De son c\u00f4t\u00e9, Cyril Hanouna, aussi choqu\u00e9 que les autres, a interpell\u00e9 son chroniqueur : \u00ab\u00a0Et si elle avait lik\u00e9 des trucs de LFI Gilles ?\u00a0\u00bb. \u00ab\u00a0Alors, je l&rsquo;aurais vir\u00e9e, mais moins rapidement\u00a0\u00bb, a alors r\u00e9pondu le principal int\u00e9ress\u00e9, sourire aux l\u00e8vres, laissant penser que sa sortie au sujet de la candidate de la <strong>Star Academy<\/strong> avait \u00e9t\u00e9 exag\u00e9r\u00e9e.\u00a0<\/p>\n<p>\n          Hits &amp; People en continu\n        <\/p>\n<p>\n          Public Radio\n        <\/p>\n<p>      Mentionn\u00e9s dans cet article<\/p>\n<p>      Sur le m\u00eame sujet<\/p>\n","protected":false},"excerpt":{"rendered":"Pour Gilles Verdez, Anouk doit se faire exclure de la Star Academy. Mais pas \u00e0 cause d\u2019un \u00e9ventuel&hellip;\n","protected":false},"author":2,"featured_media":487614,"comment_status":"","ping_status":"","sticky":false,"template":"","format":"standard","meta":{"footnotes":""},"categories":[8],"tags":[1083,58,59,1011,27,16181,2556,5095,199,22498,22497,2395],"class_list":{"0":"post-487613","1":"post","2":"type-post","3":"status-publish","4":"format-standard","5":"has-post-thumbnail","7":"category-divertissement","8":"tag-cyril-hanouna","9":"tag-divertissement","10":"tag-entertainment","11":"tag-fr","12":"tag-france","13":"tag-gilles-verdez","14":"tag-rassemblement-national-rn","15":"tag-star-academy","16":"tag-tf1","17":"tag-tout-9-tbt9","18":"tag-tout-beau","19":"tag-w9"},"share_on_mastodon":{"url":"https:\/\/pubeurope.com\/@fr\/115431172303628751","error":""},"_links":{"self":[{"href":"https:\/\/www.europesays.com\/fr\/wp-json\/wp\/v2\/posts\/487613","targetHints":{"allow":["GET"]}}],"collection":[{"href":"https:\/\/www.europesays.com\/fr\/wp-json\/wp\/v2\/posts"}],"about":[{"href":"https:\/\/www.europesays.com\/fr\/wp-json\/wp\/v2\/types\/post"}],"author":[{"embeddable":true,"href":"https:\/\/www.europesays.com\/fr\/wp-json\/wp\/v2\/users\/2"}],"replies":[{"embeddable":true,"href":"https:\/\/www.europesays.com\/fr\/wp-json\/wp\/v2\/comments?post=487613"}],"version-history":[{"count":0,"href":"https:\/\/www.europesays.com\/fr\/wp-json\/wp\/v2\/posts\/487613\/revisions"}],"wp:featuredmedia":[{"embeddable":true,"href":"https:\/\/www.europesays.com\/fr\/wp-json\/wp\/v2\/media\/487614"}],"wp:attachment":[{"href":"https:\/\/www.europesays.com\/fr\/wp-json\/wp\/v2\/media?parent=487613"}],"wp:term":[{"taxonomy":"category","embeddable":true,"href":"https:\/\/www.europesays.com\/fr\/wp-json\/wp\/v2\/categories?post=487613"},{"taxonomy":"post_tag","embeddable":true,"href":"https:\/\/www.europesays.com\/fr\/wp-json\/wp\/v2\/tags?post=487613"}],"curies":[{"name":"wp","href":"https:\/\/api.w.org\/{rel}","templated":true}]}}