{"id":487618,"date":"2025-10-24T21:06:24","date_gmt":"2025-10-24T21:06:24","guid":{"rendered":"https:\/\/www.europesays.com\/fr\/487618\/"},"modified":"2025-10-24T21:06:24","modified_gmt":"2025-10-24T21:06:24","slug":"dans-sa-guerre-contre-le-narcotrafic-trump-envoie-un-porte-avions-en-amerique-latine","status":"publish","type":"post","link":"https:\/\/www.europesays.com\/fr\/487618\/","title":{"rendered":"Dans sa guerre contre le narcotrafic, Trump envoie un porte-avions en Am\u00e9rique latine"},"content":{"rendered":"<p>L\u2019administration de <a href=\"https:\/\/www.20minutes.fr\/dossier\/donald_trump\" target=\"_blank\" class=\"c-link c-link--is-underlined\" rel=\"nofollow noopener\">Donald Trump<\/a> franchit un nouveau cap dans sa \u00ab\u00a0lutte contre le narcoterrorisme\u00a0\u00bb. Le <a href=\"https:\/\/www.20minutes.fr\/monde\/pentagone\/\" target=\"_blank\" class=\"c-link c-link--is-underlined\" rel=\"nofollow noopener\">Pentagone<\/a> a annonc\u00e9 vendredi le d\u00e9ploiement du porte-avions USS Gerald R. Ford pour renforcer les op\u00e9rations militaires am\u00e9ricaines men\u00e9es depuis septembre contre des embarcations soup\u00e7onn\u00e9es de trafic de drogue dans les <a href=\"https:\/\/www.20minutes.fr\/monde\/caraibes\/\" target=\"_blank\" class=\"c-link c-link--is-underlined\" rel=\"nofollow noopener\">Cara\u00efbes<\/a> et le Pacifique. Une d\u00e9cision qui suscite de vives r\u00e9actions diplomatiques en <a href=\"https:\/\/www.20minutes.fr\/dossier\/amerique_du_sud\" target=\"_blank\" class=\"c-link c-link--is-underlined\" rel=\"nofollow noopener\">Am\u00e9rique du Sud<\/a>.<\/p>\n<p>Depuis le d\u00e9but du mois, dix frappes a\u00e9riennes ont \u00e9t\u00e9 men\u00e9es par les <a href=\"https:\/\/www.20minutes.fr\/monde\/etats-unis\/\" target=\"_blank\" class=\"c-link c-link--is-underlined\" rel=\"nofollow noopener\">Etats-Unis<\/a>, dont neuf dans les eaux carib\u00e9ennes et une dans le Pacifique, causant la mort d\u2019au moins 43 personnes. La derni\u00e8re en date, men\u00e9e dans la nuit de jeudi \u00e0 vendredi, visait une embarcation du gang v\u00e9n\u00e9zu\u00e9lien <a href=\"https:\/\/www.20minutes.fr\/monde\/etats-unis\/4135408-20250124-etats-unis-gang-tren-aragua-donald-trump-veut-demanteler\" target=\"_blank\" class=\"c-link c-link--is-underlined\" rel=\"nofollow noopener\">Tren de Aragua<\/a>. \u00ab\u00a0Sur ordre du pr\u00e9sident Trump, le minist\u00e8re de la Guerre a men\u00e9 une frappe l\u00e9tale contre une embarcation utilis\u00e9e par Tren de Aragua\u00a0\u00bb, a indiqu\u00e9 le ministre de la D\u00e9fense <a href=\"https:\/\/www.20minutes.fr\/politique\/pete-hegseth\/\" target=\"_blank\" class=\"c-link c-link--is-underlined\" rel=\"nofollow noopener\">Pete Hegseth<\/a> sur le r\u00e9seau X, accompagnant son message d\u2019une vid\u00e9o nocturne montrant la destruction du bateau.<\/p>\n<\/p>\n<p>\u00ab\u00a0D\u00e9jouer le trafic de stup\u00e9fiants\u00a0\u00bb<\/p>\n<p>Le Pentagone justifie l\u2019envoi de l\u2019USS Gerald R. Ford par la volont\u00e9 de \u00ab\u00a0d\u00e9jouer le trafic de <a href=\"https:\/\/www.20minutes.fr\/dossier\/drogue\" target=\"_blank\" class=\"c-link c-link--is-underlined\" rel=\"nofollow noopener\">stup\u00e9fiants<\/a>\u00a0\u00bb et de renforcer \u00ab\u00a0la capacit\u00e9 des Etats-Unis \u00e0 d\u00e9tecter, surveiller et stopper acteurs et activit\u00e9s illicites\u00a0\u00bb. Selon le porte-parole du minist\u00e8re de la D\u00e9fense Sean Parnell, ce d\u00e9ploiement s\u2019inscrit \u00ab\u00a0en soutien aux directives du pr\u00e9sident Trump de d\u00e9manteler des organisations criminelles transnationales et de lutter contre le narcoterrorisme pour d\u00e9fendre le territoire national\u00a0\u00bb. Jusqu\u2019\u00e0 pr\u00e9sent, seuls des avions de chasse et des navires de patrouille avaient \u00e9t\u00e9 mobilis\u00e9s.<\/p>\n<blockquote class=\"twitter-tweet\" align=\"center\" data-lang=\"fr_FR\">\n<p lang=\"en\" dir=\"ltr\">Today, at the direction of President Trump, the Department of War carried out yet another lethal kinetic strike on a vessel operated by a Designated Terrorist Organization (DTO). Yet again, the now-deceased terrorists were engaged in narco-trafficking in the Eastern Pacific.<\/p>\n<p>The\u2026 <a href=\"https:\/\/t.co\/PEaKmakivD\" rel=\"nofollow\">pic.twitter.com\/PEaKmakivD<\/a><\/p>\n<p>\u2014 Secretary of War Pete Hegseth (@SecWar) <a href=\"https:\/\/twitter.com\/SecWar\/status\/1981167670989926902?ref_src=twsrc%5Etfw\" rel=\"nofollow noopener\" target=\"_blank\">October 23, 2025<\/a><\/p><\/blockquote>\n<p class=\"mb-xxl@xs color-ultramarine font-weight-semi-bold@xs font-source-serif-pro heading-s@xs\">L\u2019acc\u00e8s \u00e0 ce contenu a \u00e9t\u00e9 bloqu\u00e9 afin de respecter votre choix de consentement<\/p>\n<p class=\"mb-m@xs text-l@xs\">En cliquant sur\u00ab J\u2019accepte \u00bb, vous acceptez le d\u00e9p\u00f4t de cookies par des services externes et aurez ainsi acc\u00e8s aux contenus de nos partenaires.<\/p>\n<p class=\"mb-xl@xs text-s@xs\">Plus d\u2019informations sur la page<a href=\"https:\/\/www.20minutes.fr\/gestion-cookies\" class=\"mx-xxs@xs color-ultramarine\" rel=\"nofollow noopener\" target=\"_blank\">Politique de gestion des cookies<\/a><\/p>\n<p>J\u2019accepte<a href=\"https:\/\/www.20minutes.fr\/monde\/etats-unis\/\" target=\"_blank\" class=\"c-link c-btn c-btn--primary\" rel=\"nofollow noopener\">Notre dossier sur les Etats-Unis<\/a><\/p>\n<p>Mais cette mont\u00e9e en puissance militaire inqui\u00e8te les voisins de Washington. Le Venezuela accuse les Etats-Unis de chercher \u00e0 \u00ab\u00a0d\u00e9stabiliser le pouvoir du pr\u00e9sident <a href=\"https:\/\/www.20minutes.fr\/dossier\/nicolas_maduro\" target=\"_blank\" class=\"c-link c-link--is-underlined\" rel=\"nofollow noopener\">Nicol\u00e1s Maduro<\/a>\u00a0\u00bb. Au Br\u00e9sil, le conseiller sp\u00e9cial du pr\u00e9sident <a href=\"https:\/\/www.20minutes.fr\/dossier\/lula\" target=\"_blank\" class=\"c-link c-link--is-underlined\" rel=\"nofollow noopener\">Lula<\/a>, Celso Amorim, a mis en garde contre une escalade. \u00ab\u00a0Nous ne pouvons pas accepter une intervention ext\u00e9rieure. \u00c7a pourrait enflammer l\u2019Am\u00e9rique du Sud et conduire \u00e0 une radicalisation politique dans tout le continent.\u00a0\u00bb Les tensions r\u00e9gionales se sont encore accentu\u00e9es apr\u00e8s le survol de la mer des Cara\u00efbes par un bombardier am\u00e9ricain B-1B, rep\u00e9r\u00e9 au large du Venezuela jeudi, un vol que Donald Trump a depuis d\u00e9menti.<\/p>\n<p>Vendredi soir, le d\u00e9partement du Tr\u00e9sor am\u00e9ricain a, par ailleurs, annonc\u00e9 des sanctions contre le pr\u00e9sident colombien Gustavo Petro, son \u00e9pouse, son fils et le ministre de l\u2019Int\u00e9rieur Armando Benedetti, les accusant de passivit\u00e9 face au narcotrafic. \u00ab Depuis l\u2019entr\u00e9e en fonction du pr\u00e9sident Gustavo Petro, la production de coca\u00efne dans le pays est remont\u00e9e aux niveaux record des derni\u00e8res d\u00e9cennies, se d\u00e9versant aux Etats-Unis pour empoisonner des Am\u00e9ricains \u00bb, a d\u00e9clar\u00e9 le secr\u00e9taire au Tr\u00e9sor Scott Bessent. <\/p>\n<p><script async src=\"https:\/\/platform.twitter.com\/widgets.js\" charset=\"utf-8\"><\/script><\/p>\n","protected":false},"excerpt":{"rendered":"L\u2019administration de Donald Trump franchit un nouveau cap dans sa \u00ab\u00a0lutte contre le narcoterrorisme\u00a0\u00bb. Le Pentagone a annonc\u00e9&hellip;\n","protected":false},"author":2,"featured_media":487619,"comment_status":"","ping_status":"","sticky":false,"template":"","format":"standard","meta":{"footnotes":""},"categories":[5],"tags":[47,11,5002,47979,75,73,1011,27,33159,14,74,813,12,338,1068,1066,337,28],"class_list":{"0":"post-487618","1":"post","2":"type-post","3":"status-publish","4":"format-standard","5":"has-post-thumbnail","7":"category-international","8":"tag-actualite","9":"tag-actualites","10":"tag-amerique-latine","11":"tag-caraibes","12":"tag-donald-trump","13":"tag-etats-unis","14":"tag-fr","15":"tag-france","16":"tag-frappes-aeriennes","17":"tag-international","18":"tag-monde","19":"tag-narcotrafiquants","20":"tag-news","21":"tag-nicolas-maduro","22":"tag-pentagone","23":"tag-pete-hegseth","24":"tag-venezuela","25":"tag-world"},"share_on_mastodon":{"url":"https:\/\/pubeurope.com\/@fr\/115431183851923661","error":""},"_links":{"self":[{"href":"https:\/\/www.europesays.com\/fr\/wp-json\/wp\/v2\/posts\/487618","targetHints":{"allow":["GET"]}}],"collection":[{"href":"https:\/\/www.europesays.com\/fr\/wp-json\/wp\/v2\/posts"}],"about":[{"href":"https:\/\/www.europesays.com\/fr\/wp-json\/wp\/v2\/types\/post"}],"author":[{"embeddable":true,"href":"https:\/\/www.europesays.com\/fr\/wp-json\/wp\/v2\/users\/2"}],"replies":[{"embeddable":true,"href":"https:\/\/www.europesays.com\/fr\/wp-json\/wp\/v2\/comments?post=487618"}],"version-history":[{"count":0,"href":"https:\/\/www.europesays.com\/fr\/wp-json\/wp\/v2\/posts\/487618\/revisions"}],"wp:featuredmedia":[{"embeddable":true,"href":"https:\/\/www.europesays.com\/fr\/wp-json\/wp\/v2\/media\/487619"}],"wp:attachment":[{"href":"https:\/\/www.europesays.com\/fr\/wp-json\/wp\/v2\/media?parent=487618"}],"wp:term":[{"taxonomy":"category","embeddable":true,"href":"https:\/\/www.europesays.com\/fr\/wp-json\/wp\/v2\/categories?post=487618"},{"taxonomy":"post_tag","embeddable":true,"href":"https:\/\/www.europesays.com\/fr\/wp-json\/wp\/v2\/tags?post=487618"}],"curies":[{"name":"wp","href":"https:\/\/api.w.org\/{rel}","templated":true}]}}