{"id":487620,"date":"2025-10-24T21:07:15","date_gmt":"2025-10-24T21:07:15","guid":{"rendered":"https:\/\/www.europesays.com\/fr\/487620\/"},"modified":"2025-10-24T21:07:15","modified_gmt":"2025-10-24T21:07:15","slug":"ils-arrachaient-les-boitiers-a-cles-pour-cambrioler-les-maisons-deux-suspects-interpelles","status":"publish","type":"post","link":"https:\/\/www.europesays.com\/fr\/487620\/","title":{"rendered":"Ils arrachaient les bo\u00eetiers \u00e0 cl\u00e9s pour cambrioler les maisons, deux suspects interpell\u00e9s"},"content":{"rendered":"<p>Des vols visant des personnes vuln\u00e9rables, principalement \u00e2g\u00e9es. Deux hommes ont \u00e9t\u00e9 interpell\u00e9s mercredi dans une affaire de cambriolages en s\u00e9rie dans le Nord. Ils cambriolaient les domiciles de seniors en arrachant au pr\u00e9alable des bo\u00eetiers \u00e0 clef, a annonc\u00e9 vendredi le procureur de Lille.<\/p>\n<p>Ag\u00e9s de 26 et 33 ans, les mis en cause sont soup\u00e7onn\u00e9s de s\u2019\u00eatre empar\u00e9s de cl\u00e9s en arrachant et fracturant leurs bo\u00eetiers fix\u00e9s \u00e0 l\u2019ext\u00e9rieur du domicile, \u00ab\u00a0un ph\u00e9nom\u00e8ne de vol particuli\u00e8rement singulier\u00a0\u00bb qui durait depuis plusieurs semaines, selon le procureur Samuel Finielz, cit\u00e9 dans un communiqu\u00e9.<\/p>\n<\/p>\n<p>Dix-huit faits de ce genre ont \u00e9t\u00e9 constat\u00e9s dans plusieurs communes de la m\u00e9tropole lilloise, mais \u00e9galement ailleurs dans le Nord ainsi qu\u2019\u00e0 Lens, dans le Pas-de-Calais, a ajout\u00e9 Samuel Finielz. Les victimes sont \u00ab\u00a0principalement des personnes \u00e2g\u00e9es de 71 \u00e0 104 ans\u00a0\u00bb, a-t-il pr\u00e9cis\u00e9.<\/p>\n<p>Syst\u00e8me pour seniors en perte d\u2019autonomie<\/p>\n<p>Les bo\u00eetiers \u00e0 cl\u00e9 sont un syst\u00e8me r\u00e9pandu pour <a href=\"https:\/\/www.20minutes.fr\/paris\/4078593-20240228-paris-mairie-traque-boites-cles-airbnb-ratp-promeut\" class=\"c-link c-link--is-underlined\" rel=\"nofollow noopener\" target=\"_blank\">les meubl\u00e9s touristiques<\/a>, mais aussi pour les seniors en perte d\u2019autonomie, afin de permettre \u00e0 leurs proches ou \u00e0 <a href=\"https:\/\/www.20minutes.fr\/economie\/4052384-20230914-aide-domicile-comment-alleger-budget-grace-credits-impot\" class=\"c-link c-link--is-underlined\" rel=\"nofollow noopener\" target=\"_blank\">leurs aides-soignants<\/a> d\u2019acc\u00e9der facilement \u00e0 leurs domiciles.<\/p>\n<p><a href=\"https:\/\/www.20minutes.fr\/dossier\/cambriolage\" class=\"c-link c-btn c-btn--primary\" rel=\"nofollow noopener\" target=\"_blank\">Les articles traitant de cambriolages<\/a><\/p>\n<p>Les deux suspects, chez lesquels des objets appartenant aux victimes ont \u00e9t\u00e9 retrouv\u00e9s, devraient \u00eatre d\u00e9f\u00e9r\u00e9s samedi pour des faits de vol aggrav\u00e9, <a href=\"https:\/\/www.20minutes.fr\/faits_divers\/4181202-20251023-escrocs-faisant-passer-insee-essaient-voler-donnees-entreprises\" class=\"c-link c-link--is-underlined\" rel=\"nofollow noopener\" target=\"_blank\">escroquerie <\/a>et d\u00e9tention d\u2019<a href=\"https:\/\/www.20minutes.fr\/justice\/4181122-20251023-calvados-neuf-mois-prison-deux-hommes-accuses-recel-armes-collection-volees\" class=\"c-link c-link--is-underlined\" rel=\"nofollow noopener\" target=\"_blank\">arme<\/a> de cat\u00e9gorie B, a encore indiqu\u00e9 le procureur de Lille.<\/p>\n","protected":false},"excerpt":{"rendered":"Des vols visant des personnes vuln\u00e9rables, principalement \u00e2g\u00e9es. Deux hommes ont \u00e9t\u00e9 interpell\u00e9s mercredi dans une affaire de&hellip;\n","protected":false},"author":2,"featured_media":487621,"comment_status":"","ping_status":"","sticky":false,"template":"","format":"standard","meta":{"footnotes":""},"categories":[4],"tags":[47,11,1174,13748,118,1011,27,811,1307,12,1308,1309,23862,2571,25,104],"class_list":{"0":"post-487620","1":"post","2":"type-post","3":"status-publish","4":"format-standard","5":"has-post-thumbnail","7":"category-france","8":"tag-actualite","9":"tag-actualites","10":"tag-cambriolage","11":"tag-dependance","12":"tag-faits-divers","13":"tag-fr","14":"tag-france","15":"tag-hauts-de-france","16":"tag-lille","17":"tag-news","18":"tag-nord","19":"tag-nord-pas-de-calais","20":"tag-pas-de-calais","21":"tag-personnes-agees","22":"tag-republique-francaise","23":"tag-societe"},"share_on_mastodon":{"url":"https:\/\/pubeurope.com\/@fr\/115431187748192735","error":""},"_links":{"self":[{"href":"https:\/\/www.europesays.com\/fr\/wp-json\/wp\/v2\/posts\/487620","targetHints":{"allow":["GET"]}}],"collection":[{"href":"https:\/\/www.europesays.com\/fr\/wp-json\/wp\/v2\/posts"}],"about":[{"href":"https:\/\/www.europesays.com\/fr\/wp-json\/wp\/v2\/types\/post"}],"author":[{"embeddable":true,"href":"https:\/\/www.europesays.com\/fr\/wp-json\/wp\/v2\/users\/2"}],"replies":[{"embeddable":true,"href":"https:\/\/www.europesays.com\/fr\/wp-json\/wp\/v2\/comments?post=487620"}],"version-history":[{"count":0,"href":"https:\/\/www.europesays.com\/fr\/wp-json\/wp\/v2\/posts\/487620\/revisions"}],"wp:featuredmedia":[{"embeddable":true,"href":"https:\/\/www.europesays.com\/fr\/wp-json\/wp\/v2\/media\/487621"}],"wp:attachment":[{"href":"https:\/\/www.europesays.com\/fr\/wp-json\/wp\/v2\/media?parent=487620"}],"wp:term":[{"taxonomy":"category","embeddable":true,"href":"https:\/\/www.europesays.com\/fr\/wp-json\/wp\/v2\/categories?post=487620"},{"taxonomy":"post_tag","embeddable":true,"href":"https:\/\/www.europesays.com\/fr\/wp-json\/wp\/v2\/tags?post=487620"}],"curies":[{"name":"wp","href":"https:\/\/api.w.org\/{rel}","templated":true}]}}