{"id":487624,"date":"2025-10-24T21:09:34","date_gmt":"2025-10-24T21:09:34","guid":{"rendered":"https:\/\/www.europesays.com\/fr\/487624\/"},"modified":"2025-10-24T21:09:34","modified_gmt":"2025-10-24T21:09:34","slug":"dans-les-coulisses-dune-pouponniere-des-annees-1950","status":"publish","type":"post","link":"https:\/\/www.europesays.com\/fr\/487624\/","title":{"rendered":"dans les coulisses d\u2019une pouponni\u00e8re des ann\u00e9es 1950"},"content":{"rendered":"<p class=\"insetTitle\">\u00ab\u00a0Des documentaires dr\u00f4les, cr\u00e9atifs et d\u2019une qualit\u00e9 technique ind\u00e9niable\u00a0\u00bb<\/p>\n<p>\u00ab\u00a0Les productions de L\u00e9on Dubreuil sont bien cadr\u00e9es et mont\u00e9es, estime Jo\u00eblle Virissel. Son fils a d\u00e9pos\u00e9 huit films \u00e0 la cin\u00e9math\u00e8que en 2017. Cette rencontre nous a permis d\u2019en savoir un peu plus sur le cin\u00e9aste amateur d\u00e9c\u00e9d\u00e9 en 1991 qui n\u2019\u00e9tait pas membre d\u2019un cam\u00e9ra-club.\u00a0\u00bb<\/p>\n<p>Selon la cin\u00e9math\u00e8que de Saint-\u00c9tienne, L\u00e9on Dubreuil \u00e9tait originaire de la Terrasse-en-Dorlay o\u00f9 il est n\u00e9 en 1912, et s\u2019est install\u00e9 \u00e0 Izieux en 1918\u00a0: \u00ab\u00a0Il a \u00e9t\u00e9 embauch\u00e9 dans l\u2019usine de soie artificielle d\u2019Izieux, la CTA (Comptoir des textiles artificiels), aux usines Gillet. Je pense qu\u2019il \u00e9tait contrema\u00eetre. Passionn\u00e9 de marqueterie, de trains \u00e9lectriques et de photographie, il s\u2019est rapidement initi\u00e9 au cin\u00e9ma amateur.\u00a0\u00bb<\/p>\n<p>Pendant la Seconde Guerre mondiale, L\u00e9on Dubreuil aurait \u00e9t\u00e9 fait prisonnier lors de la bataille de Dunkerque (1940). \u00c0 la fin du conflit, apr\u00e8s son retour d\u2019Allemagne, \u00ab\u00a0il s\u2019est mis \u00e0 filmer tout ce qu\u2019il pouvait. Sa production de documentaires dr\u00f4les, cr\u00e9atifs et d\u2019une qualit\u00e9 technique ind\u00e9niable, lui procurera plusieurs commandes officielles de la mairie d\u2019Izieux\u00a0\u00bb.<\/p>\n","protected":false},"excerpt":{"rendered":"\u00ab\u00a0Des documentaires dr\u00f4les, cr\u00e9atifs et d\u2019une qualit\u00e9 technique ind\u00e9niable\u00a0\u00bb \u00ab\u00a0Les productions de L\u00e9on Dubreuil sont bien cadr\u00e9es et&hellip;\n","protected":false},"author":2,"featured_media":487625,"comment_status":"","ping_status":"","sticky":false,"template":"","format":"standard","meta":{"footnotes":""},"categories":[9653],"tags":[1111,11,2430,650,1687,7539,1777,674,1011,27,937,3367,12,25,9669,9670,4001,104],"class_list":{"0":"post-487624","1":"post","2":"type-post","3":"status-publish","4":"format-standard","5":"has-post-thumbnail","7":"category-saint-etienne","8":"tag-actu","9":"tag-actualites","10":"tag-auvergne-rhone-alpes","11":"tag-cinema","12":"tag-culture-loisirs","13":"tag-edition-loire-sud","14":"tag-eu","15":"tag-europe","16":"tag-fr","17":"tag-france","18":"tag-histoire","19":"tag-loire","20":"tag-news","21":"tag-republique-francaise","22":"tag-saint-chamond","23":"tag-saint-chamond-ville","24":"tag-saint-etienne","25":"tag-societe"},"share_on_mastodon":{"url":"https:\/\/pubeurope.com\/@fr\/115431195525160700","error":""},"_links":{"self":[{"href":"https:\/\/www.europesays.com\/fr\/wp-json\/wp\/v2\/posts\/487624","targetHints":{"allow":["GET"]}}],"collection":[{"href":"https:\/\/www.europesays.com\/fr\/wp-json\/wp\/v2\/posts"}],"about":[{"href":"https:\/\/www.europesays.com\/fr\/wp-json\/wp\/v2\/types\/post"}],"author":[{"embeddable":true,"href":"https:\/\/www.europesays.com\/fr\/wp-json\/wp\/v2\/users\/2"}],"replies":[{"embeddable":true,"href":"https:\/\/www.europesays.com\/fr\/wp-json\/wp\/v2\/comments?post=487624"}],"version-history":[{"count":0,"href":"https:\/\/www.europesays.com\/fr\/wp-json\/wp\/v2\/posts\/487624\/revisions"}],"wp:featuredmedia":[{"embeddable":true,"href":"https:\/\/www.europesays.com\/fr\/wp-json\/wp\/v2\/media\/487625"}],"wp:attachment":[{"href":"https:\/\/www.europesays.com\/fr\/wp-json\/wp\/v2\/media?parent=487624"}],"wp:term":[{"taxonomy":"category","embeddable":true,"href":"https:\/\/www.europesays.com\/fr\/wp-json\/wp\/v2\/categories?post=487624"},{"taxonomy":"post_tag","embeddable":true,"href":"https:\/\/www.europesays.com\/fr\/wp-json\/wp\/v2\/tags?post=487624"}],"curies":[{"name":"wp","href":"https:\/\/api.w.org\/{rel}","templated":true}]}}