{"id":487651,"date":"2025-10-24T21:28:42","date_gmt":"2025-10-24T21:28:42","guid":{"rendered":"https:\/\/www.europesays.com\/fr\/487651\/"},"modified":"2025-10-24T21:28:42","modified_gmt":"2025-10-24T21:28:42","slug":"dans-lenseignement-catholique-nantais-plus-de-100-dossiers-ouverts-pour-viols-ou-agressions-sexuelles","status":"publish","type":"post","link":"https:\/\/www.europesays.com\/fr\/487651\/","title":{"rendered":"Dans l\u2019enseignement catholique nantais, plus de 100 dossiers ouverts pour viols ou agressions sexuelles"},"content":{"rendered":"<p><b>Deux mois apr\u00e8s le lancement d\u2019un appel \u00e0 t\u00e9moins, le Dioc\u00e8se de Nantes et la Direction de l\u2019enseignement catholique de Loire-Atlantique croulent sous les signalements de victimes, de leurs familles ou de t\u00e9moins. \u00ab Des enqu\u00eates p\u00e9nales vont \u00eatre diligent\u00e9es \u00bb, annonce le parquet de Nantes.<\/b><\/p>\n<p>Tout a d\u00e9but\u00e9 au prestigieux <a href=\"https:\/\/www.mediacites.fr\/enquete\/nantes\/2023\/09\/28\/a-nantes-saint-stanislas-letablissement-pour-enfants-de-milieu-aise-se-veut-desormais-ouvert-a-tous\/\" target=\"_blank\" rel=\"noopener\">coll\u00e8ge\u2010lyc\u00e9e de Saint\u2010Stanislas<\/a>, qui va bient\u00f4t f\u00eater son si\u00e8cle d\u2019existence. Le 29 ao\u00fbt dernier, le Dioc\u00e8se de Nantes et la Direction de l\u2019enseignement catholique (DEC) de Loire\u2010Atlantique r\u00e9v\u00e9laient avoir \u00e9t\u00e9 alert\u00e9s les mois pr\u00e9c\u00e9dents de dix cas d\u2019abus sexuels. \u00ab\u202fDes viols, des agressions sexuelles ou des attouchements\u202f\u00bb qui se sont d\u00e9roul\u00e9s \u00ab\u202fsoit dans l\u2019internat, soit au cours de vacances organis\u00e9es par l\u2019\u00e9tablissement \u202f\u00bb, de 1958 \u00e0 1995, comme l\u2019indique alors Mgr Laurent Percerou, \u00e9v\u00eaque de Nantes.<\/p>\n<p>\u00c0 la suite de cette premi\u00e8re annonce, les autorit\u00e9s eccl\u00e9siastiques nantaises lancent un appel \u00e0 t\u00e9moins, adress\u00e9 \u00e0 d\u2019\u00e9ventuelles autres victimes ou \u00e0 leurs familles. Il concerne aussi bien Saint\u2010Stanislas que \u00ab\u202ftous les \u00e9tablissements d\u2019enseignement catholique\u202f\u00bb ou les trois s\u00e9minaires de Nantes. Mise en place en 2016, la cellule d\u2019accueil et d\u2019\u00e9coute du dioc\u00e8se est renforc\u00e9e. Sept b\u00e9n\u00e9voles en assurent la permanence d\u00e9sormais\u00a0: un ancien psychologue, trois avocats, deux m\u00e9decins et une infirmi\u00e8re.<\/p>\n<p>\u00ab\u202fC\u2019est dramatique\u202f\u00bb<br \/>Dans ce contexte, la parole se lib\u00e8re. Et l\u2019affaire \u00ab\u202fSaint\u2010Stanislas \u202f\u00bb se transforme d\u00e9sormais en celle des violences sexuelles commises dans l\u2019enseignement confessionnel de Loire\u2010Atlantique, de l\u2019apr\u00e8s-guerre jusqu\u2019\u00e0 aujourd\u2019hui. \u00c0 la mi\u2010octobre, 107 dossiers ont ainsi \u00e9t\u00e9 ouverts pour suspicion d\u2019agressions sexuelles ou de viols. 73 concernent le coll\u00e8ge et le lyc\u00e9e Saint\u2010Stanislas, 27 se r\u00e9parissent entre 15 autres \u00e9tablissements du\u00a0d\u00a0\u2026<\/p>\n<p>Nous vous offrons l\u2019acc\u00e8s \u00e0 cet article<\/p>\n<p>Et \u00e0 toutes nos enqu\u00eates pendant deux jours\u00a0\u00a0! <br \/>Oui, on est g\u00e9n\u00e9reux \ud83d\ude09 Mais pensez aussi \u00e0 <a href=\"https:\/\/www.mediacites.fr\/sabonner\/\" target=\"_blank\" style=\"color:#fff\" rel=\"noopener\">vous abonner<\/a>\u00a0\u00a0!<\/p>\n<p>\t\tEn renseignant votre adresse, vous acceptez nos <a href=\"https:\/\/www.mediacites.fr\/conditions-generales-d-utilisation\/\" target=\"_blank\" rel=\"noopener\">conditions g\u00e9n\u00e9rales d\u2019utilisation<\/a>. <br \/>Mediacit\u00e9s s\u2019engage \u00e0 ne pas c\u00e9der votre adresse \u00e0 des tiers. En cas d\u2019\u00e9chec, \u00e9crivez \u00e0 <a href=\"https:\/\/www.mediacites.fr\/breve\/nantes\/2025\/10\/23\/dans-lenseignement-catholique-nantais-plus-de-100-dossiers-ouverts-pour-viols-ou-agressions-sexuelles\/mailto:contact@mediacites.fr\" target=\"_blank\" rel=\"noopener\">contact@mediacites.fr<\/a><\/p>\n<ul>\n<li>J\u2019acc\u00e8de aux 4 \u00e9ditions de Mediacit\u00e9s (Lille, Lyon, Nantes et Toulouse)<\/li>\n<li>Je d\u00e9couvre un m\u00e9dia 100 % ind\u00e9pendant, avec 0 % de publicit\u00e9<\/li>\n<\/ul>\n<p>Envie de lire la\u00a0suite\u202f?<\/p>\n<p>Depuis neuf ans, Mediacit\u00e9s enqu\u00eate en toute ind\u00e9pendance dans votre ville. Gr\u00e2ce \u00e0 ses lecteurs\u202f! Abonnez\u2010vous pour ne rien manquer de nos enqu\u00eates, suivre les \u00e9lections municipales et soutenir un journal local d\u2019investigation.<\/p>\n<ul>\n<li>Acc\u00e8s aux 4 \u00e9ditions de Mediacit\u00e9s (Lille, Lyon, Nantes et Toulouse)<\/li>\n<li>100 % ind\u00e9pendant, avec 0 % de publicit\u00e9<\/li>\n<li>R\u00e9siliation facile \u00e0 tout moment<\/li>\n<\/ul>\n<p>Mediacit\u00e9s offre l\u2019acc\u00e8s \u00e0 cet article aux lecteurs de News2Com<\/p>\n<p>Et \u00e0 toutes nos enqu\u00eates pendant deux jours\u00a0\u00a0! <br \/>Oui, on est g\u00e9n\u00e9reux \ud83d\ude09 Mais pensez aussi \u00e0 <a href=\"https:\/\/www.mediacites.fr\/sabonner\/\" target=\"_blank\" style=\"color:#fff\" rel=\"noopener\">vous abonner<\/a>\u00a0\u00a0!<\/p>\n<p>\t\tEn renseignant votre adresse, vous acceptez nos <a href=\"https:\/\/www.mediacites.fr\/conditions-generales-d-utilisation\/\" target=\"_blank\" rel=\"noopener\">conditions g\u00e9n\u00e9rales d\u2019utilisation<\/a>. <br \/>Mediacit\u00e9s s\u2019engage \u00e0 ne pas c\u00e9der votre adresse \u00e0 des tiers. En cas d\u2019\u00e9chec, \u00e9crivez \u00e0 <a href=\"https:\/\/www.mediacites.fr\/breve\/nantes\/2025\/10\/23\/dans-lenseignement-catholique-nantais-plus-de-100-dossiers-ouverts-pour-viols-ou-agressions-sexuelles\/mailto:contact@mediacites.fr\" target=\"_blank\" rel=\"noopener\">contact@mediacites.fr<\/a><\/p>\n<ul>\n<li>J\u2019acc\u00e8de aux 4 \u00e9ditions de Mediacit\u00e9s (Lille, Lyon, Nantes et Toulouse)<\/li>\n<li>Je d\u00e9couvre un m\u00e9dia 100 % ind\u00e9pendant, avec 0 % de publicit\u00e9<\/li>\n<\/ul>\n","protected":false},"excerpt":{"rendered":"Deux mois apr\u00e8s le lancement d\u2019un appel \u00e0 t\u00e9moins, le Dioc\u00e8se de Nantes et la Direction de l\u2019enseignement&hellip;\n","protected":false},"author":2,"featured_media":333316,"comment_status":"","ping_status":"","sticky":false,"template":"","format":"standard","meta":{"footnotes":""},"categories":[2818],"tags":[61082,1111,11,11870,23612,53046,1777,674,1011,27,51816,766,12,2636,25,3272,304,61083,14122,53109],"class_list":{"0":"post-487651","1":"post","2":"type-post","3":"status-publish","4":"format-standard","5":"has-post-thumbnail","7":"category-nantes","8":"tag-academie-de-nantes","9":"tag-actu","10":"tag-actualites","11":"tag-betharram","12":"tag-ecole-primaire","13":"tag-enseignement-catholique","14":"tag-eu","15":"tag-europe","16":"tag-fr","17":"tag-france","18":"tag-loeil-de-mediacites","19":"tag-nantes","20":"tag-news","21":"tag-pays-de-la-loire","22":"tag-republique-francaise","23":"tag-saint-nazaire","24":"tag-violences-sexistes-et-sexuelles","25":"tag-violences-sexuelles-faites-aux-enfants","26":"tag-viols","27":"tag-vss"},"share_on_mastodon":{"url":"https:\/\/pubeurope.com\/@fr\/115431270496297608","error":""},"_links":{"self":[{"href":"https:\/\/www.europesays.com\/fr\/wp-json\/wp\/v2\/posts\/487651","targetHints":{"allow":["GET"]}}],"collection":[{"href":"https:\/\/www.europesays.com\/fr\/wp-json\/wp\/v2\/posts"}],"about":[{"href":"https:\/\/www.europesays.com\/fr\/wp-json\/wp\/v2\/types\/post"}],"author":[{"embeddable":true,"href":"https:\/\/www.europesays.com\/fr\/wp-json\/wp\/v2\/users\/2"}],"replies":[{"embeddable":true,"href":"https:\/\/www.europesays.com\/fr\/wp-json\/wp\/v2\/comments?post=487651"}],"version-history":[{"count":0,"href":"https:\/\/www.europesays.com\/fr\/wp-json\/wp\/v2\/posts\/487651\/revisions"}],"wp:featuredmedia":[{"embeddable":true,"href":"https:\/\/www.europesays.com\/fr\/wp-json\/wp\/v2\/media\/333316"}],"wp:attachment":[{"href":"https:\/\/www.europesays.com\/fr\/wp-json\/wp\/v2\/media?parent=487651"}],"wp:term":[{"taxonomy":"category","embeddable":true,"href":"https:\/\/www.europesays.com\/fr\/wp-json\/wp\/v2\/categories?post=487651"},{"taxonomy":"post_tag","embeddable":true,"href":"https:\/\/www.europesays.com\/fr\/wp-json\/wp\/v2\/tags?post=487651"}],"curies":[{"name":"wp","href":"https:\/\/api.w.org\/{rel}","templated":true}]}}