{"id":48766,"date":"2025-04-24T08:57:07","date_gmt":"2025-04-24T08:57:07","guid":{"rendered":"https:\/\/www.europesays.com\/fr\/48766\/"},"modified":"2025-04-24T08:57:07","modified_gmt":"2025-04-24T08:57:07","slug":"le-terroriste-de-la-rue-victor-hugo-fait-appel-de-sa-condamnation","status":"publish","type":"post","link":"https:\/\/www.europesays.com\/fr\/48766\/","title":{"rendered":"le terroriste de la rue Victor Hugo fait appel de sa condamnation"},"content":{"rendered":"<p>            Par<br \/>\n        <strong><br \/>\n            <a href=\"https:\/\/actu.fr\/auteur\/redaction-lyon\" title=\"Consulter tous les articles de R\u00e9daction Lyon\" rel=\"nofollow noopener\" target=\"_blank\">R\u00e9daction Lyon<\/a><br \/>\n        <\/strong><\/p>\n<p>        Publi\u00e9 le<\/p>\n<p>            24 avr. 2025 \u00e0 10h43        <\/p>\n<p><strong>Mohamed Medjdoub<\/strong>, un Alg\u00e9rien de 30 ans sympathisant du groupe \u00c9tat islamique, a fait appel de sa condamnation en premi\u00e8re instance pour avoir organis\u00e9 en 2019 un <a href=\"https:\/\/actu.fr\/auvergne-rhone-alpes\/lyon_69123\/attentat-de-lyon-la-reclusion-criminelle-a-perpetuite-demandee-pour-l-accuse-ultraradicalise_62468514.html\" rel=\"nofollow noopener\" target=\"_blank\">attentat dans une rue pi\u00e9tonne<\/a> de <a href=\"https:\/\/actu.fr\/auvergne-rhone-alpes\/lyon_69123\" rel=\"nofollow noopener\" target=\"_blank\">Lyon<\/a>, indique l\u2019AFP mercredi 23 avril de source judiciaire.<\/p>\n<p>Quinzaine de bless\u00e9s dans l\u2019attentat<\/p>\n<p class=\" wall-content\">L\u2019attentat organis\u00e9 <a href=\"https:\/\/actu.fr\/auvergne-rhone-alpes\/lyon_69123\/attentat-au-colis-piege-a-lyon-rebondissement-judiciaire-pour-le-terroriste-islamiste_60556827.html\" rel=\"nofollow noopener\" target=\"_blank\">rue Victor Hugo<\/a> entre la place Bellecour et Perrache avait fait une quinzaine de bless\u00e9s.<\/p>\n<p class=\" wall-content\">\u00c0 l\u2019issue d\u2019une semaine de proc\u00e8s devant les assises sp\u00e9ciales de Paris,\u00a0il a \u00e9t\u00e9 condamn\u00e9 le 7\u00a0avril pour tentative d\u2019assassinats\u00a0en relation avec une entreprise terroriste, \u00e0 une peine de r\u00e9clusion criminelle \u00e0 perp\u00e9tuit\u00e9 assortie d\u2019une p\u00e9riode de s\u00fbret\u00e9 de 22\u00a0ans.<\/p>\n<p class=\" wall-content\">Avant l\u2019annonce du verdict, Mohamed Medjdoub avait revendiqu\u00e9 son acte, affirmant ne <a href=\"https:\/\/actu.fr\/auvergne-rhone-alpes\/lyon_69123\/attentat-a-la-bombe-a-lyon-je-ne-regrette-rien-l-accuse-fanfaronne-avant-son-jugement_62475756.html\" rel=\"nofollow noopener\" target=\"_blank\">rien regretter et affichant son \u00ab\u00a0m\u00e9pris\u00a0\u00bb pour \u00ab\u00a0les apprentis crois\u00e9s\u00a0\u00bb<\/a>.<\/p>\n<p>\u00ab\u00a0Narcissique\u00a0\u00bb et \u00ab\u00a0dangereux\u00a0\u00bb<\/p>\n<p class=\" wall-content\">D\u00e9crit par les experts comme \u00ab\u00a0narcissique\u00a0\u00bb et \u00ab\u00a0dangereux\u00a0\u00bb, le jeune homme, ex-\u00e9tudiant en informatique, avait choisi de se taire tout au long de son proc\u00e8s \u00e0 l\u2019exception du dernier jour.<\/p>\n<p>Vid\u00e9os : en ce moment sur Actu<\/p>\n<p class=\" wall-content\">Au sein de la cour d\u2019assises sp\u00e9ciale de Paris, Mohamed Medjdoub ne s\u2019est jamais lev\u00e9 de son banc, comme il est d\u2019usage \u00e0 chaque reprise d\u2019audience, et a ignor\u00e9 les magistrats ou les victimes, mais aussi les membres de sa famille, dont ses parents venus d\u00e9poser \u00e0 la barre.<\/p>\n<p>Bombe fabriqu\u00e9e par ses soins<\/p>\n<p class=\" wall-content\">Le 24\u00a0mai 2019, deux jours avant les \u00e9lections europ\u00e9ennes, le jeune homme radicalis\u00e9, sympathisant de l\u2019EI, avait d\u00e9pos\u00e9 une bombe fabriqu\u00e9e par ses soins devant une boulangerie dans une rue pi\u00e9tonne de Lyon. L\u2019explosion a fait une quinzaine de bless\u00e9s, dont une fillette de 10\u00a0ans.<\/p>\n<p class=\" wall-content\">La bombe, emball\u00e9e dans un sac en papier kraft, \u00e9tait compos\u00e9e de TATP, un explosif artisanal, enferm\u00e9 dans un tube de chips avec plus de 270 projectiles m\u00e9talliques.<\/p>\n<p class=\" wall-content\"><strong>AFP<\/strong><\/p>\n<p class=\" wall-content\">Suivez toute l\u2019actualit\u00e9 de vos villes et m\u00e9dias favoris en vous inscrivant \u00e0 <a href=\"https:\/\/moncompte.actu.fr\" title=\"D\u00e9couvez Mon Actu\" rel=\"nofollow noopener\" data-trk=\"{&quot;cta&quot;:{&quot;action&quot;:&quot;https:\\\/\\\/moncompte.actu.fr&quot;,&quot;category&quot;:&quot;mon compte&quot;,&quot;from&quot;:&quot;article footer&quot;,&quot;name&quot;:&quot;Mon actu&quot;,&quot;type&quot;:&quot;cta&quot;}}\" target=\"_blank\">Mon Actu<\/a>.<\/p>\n","protected":false},"excerpt":{"rendered":"Par R\u00e9daction Lyon Publi\u00e9 le 24 avr. 2025 \u00e0 10h43 Mohamed Medjdoub, un Alg\u00e9rien de 30 ans sympathisant&hellip;\n","protected":false},"author":2,"featured_media":48767,"comment_status":"","ping_status":"","sticky":false,"template":"","format":"standard","meta":{"footnotes":""},"categories":[1889],"tags":[1111,11,2430,1777,674,1011,27,1253,303,2428,12,25,104,1254],"class_list":{"0":"post-48766","1":"post","2":"type-post","3":"status-publish","4":"format-standard","5":"has-post-thumbnail","7":"category-lyon","8":"tag-actu","9":"tag-actualites","10":"tag-auvergne-rhone-alpes","11":"tag-eu","12":"tag-europe","13":"tag-fr","14":"tag-france","15":"tag-islamisme","16":"tag-justice","17":"tag-lyon","18":"tag-news","19":"tag-republique-francaise","20":"tag-societe","21":"tag-terrorisme"},"share_on_mastodon":{"url":"https:\/\/pubeurope.com\/@fr\/114392114331546787","error":""},"_links":{"self":[{"href":"https:\/\/www.europesays.com\/fr\/wp-json\/wp\/v2\/posts\/48766","targetHints":{"allow":["GET"]}}],"collection":[{"href":"https:\/\/www.europesays.com\/fr\/wp-json\/wp\/v2\/posts"}],"about":[{"href":"https:\/\/www.europesays.com\/fr\/wp-json\/wp\/v2\/types\/post"}],"author":[{"embeddable":true,"href":"https:\/\/www.europesays.com\/fr\/wp-json\/wp\/v2\/users\/2"}],"replies":[{"embeddable":true,"href":"https:\/\/www.europesays.com\/fr\/wp-json\/wp\/v2\/comments?post=48766"}],"version-history":[{"count":0,"href":"https:\/\/www.europesays.com\/fr\/wp-json\/wp\/v2\/posts\/48766\/revisions"}],"wp:featuredmedia":[{"embeddable":true,"href":"https:\/\/www.europesays.com\/fr\/wp-json\/wp\/v2\/media\/48767"}],"wp:attachment":[{"href":"https:\/\/www.europesays.com\/fr\/wp-json\/wp\/v2\/media?parent=48766"}],"wp:term":[{"taxonomy":"category","embeddable":true,"href":"https:\/\/www.europesays.com\/fr\/wp-json\/wp\/v2\/categories?post=48766"},{"taxonomy":"post_tag","embeddable":true,"href":"https:\/\/www.europesays.com\/fr\/wp-json\/wp\/v2\/tags?post=48766"}],"curies":[{"name":"wp","href":"https:\/\/api.w.org\/{rel}","templated":true}]}}