{"id":487666,"date":"2025-10-24T21:37:25","date_gmt":"2025-10-24T21:37:25","guid":{"rendered":"https:\/\/www.europesays.com\/fr\/487666\/"},"modified":"2025-10-24T21:37:25","modified_gmt":"2025-10-24T21:37:25","slug":"martine-vassal-au-cinema-pour-soutenir-sacre-coeur-a-marseille","status":"publish","type":"post","link":"https:\/\/www.europesays.com\/fr\/487666\/","title":{"rendered":"Martine Vassal au cin\u00e9ma pour soutenir \u00ab\u00a0Sacr\u00e9-C\u0153ur\u00a0\u00bb \u00e0 Marseille"},"content":{"rendered":"<p>Aux lendemains de la d\u00e9cision de la mairie d\u2019annuler la diffusion du film religieux Sacr\u00e9 c\u0153ur\u00a0au ch\u00e2teau de la Buzine (11e) au nom du respect de la loi de\u00a01905, la la\u00efcit\u00e9 s\u2019invite dans la campagne pour les municipales. Ce vendredi 24\u00a0octobre au soir, <a href=\"https:\/\/www.laprovence.com\/article\/elections\/7290396181831714\/municipales-2026-a-marseille-martine-vassal-passe-un-accord-avec-renaissance\" target=\"_blank\" rel=\"noopener\">Martine Vassal<\/a>, apr\u00e8s avoir la veille condamn\u00e9 dans de multiples tweets la \u00ab\u00a0d\u00e9programmation\u00a0\u00bb de ce film \u00ab\u00a0une heure avant sa diffusion\u00a0\u00bb, avait donn\u00e9 rendez-vous \u00e0 la presse devant le cin\u00e9ma Path\u00e9 Madeleine (4e).<\/p>\n<p>Accompagn\u00e9e du porte-parole de sa campagne Romain Simmarano (Renaissance), du maire des 11e et\u00a012e Sylvain Souvestre (LR), de la cheffe de file de l\u2019opposition municipale Catherine Pila (LR) et de l\u2019ancien maire du 4e et 5e Bruno Gilles, la candidate de la droite et du centre entendait faire savoir qu\u2019elle allait voir Sacr\u00e9 c\u0153ur.<\/p>\n<p>Beno\u00eet Payan se d\u00e9fend sur CNews<\/p>\n<p>Encens\u00e9 par la critique des m\u00e9dias du groupe Bollor\u00e9, ce \u00ab\u00a0docu-fiction\u00a0\u00bb, cor\u00e9alis\u00e9 par Steven Gunnell, ancien membre du boy\u2019s band Alliage et son \u00e9pouse Sabrina, met en sc\u00e8ne des apparitions de J\u00e9sus depuis 350\u00a0ans en France. \u00ab\u00a0Je ne peux pas accepter la la\u00efcit\u00e9 \u00e0 g\u00e9om\u00e9trie variable du maire qui propose aux musulmans une extension de mosqu\u00e9e, ne va pas \u00e0 la f\u00eate du nouvel &#8230;<\/p>\n","protected":false},"excerpt":{"rendered":"Aux lendemains de la d\u00e9cision de la mairie d\u2019annuler la diffusion du film religieux Sacr\u00e9 c\u0153ur\u00a0au ch\u00e2teau de&hellip;\n","protected":false},"author":2,"featured_media":487667,"comment_status":"","ping_status":"","sticky":false,"template":"","format":"standard","meta":{"footnotes":""},"categories":[2814],"tags":[17,1111,11,650,1777,674,1011,27,884,10203,12,316,471,882,25,61084,13699,14243],"class_list":{"0":"post-487666","1":"post","2":"type-post","3":"status-publish","4":"format-standard","5":"has-post-thumbnail","7":"category-marseille","8":"tag-17","9":"tag-actu","10":"tag-actualites","11":"tag-cinema","12":"tag-eu","13":"tag-europe","14":"tag-fr","15":"tag-france","16":"tag-marseille","17":"tag-martine","18":"tag-news","19":"tag-politique","20":"tag-pour","21":"tag-provence-alpes-cote-dazur","22":"tag-republique-francaise","23":"tag-sacre-coeur","24":"tag-soutenir","25":"tag-vassal"},"share_on_mastodon":{"url":"https:\/\/pubeurope.com\/@fr\/115431305576880507","error":""},"_links":{"self":[{"href":"https:\/\/www.europesays.com\/fr\/wp-json\/wp\/v2\/posts\/487666","targetHints":{"allow":["GET"]}}],"collection":[{"href":"https:\/\/www.europesays.com\/fr\/wp-json\/wp\/v2\/posts"}],"about":[{"href":"https:\/\/www.europesays.com\/fr\/wp-json\/wp\/v2\/types\/post"}],"author":[{"embeddable":true,"href":"https:\/\/www.europesays.com\/fr\/wp-json\/wp\/v2\/users\/2"}],"replies":[{"embeddable":true,"href":"https:\/\/www.europesays.com\/fr\/wp-json\/wp\/v2\/comments?post=487666"}],"version-history":[{"count":0,"href":"https:\/\/www.europesays.com\/fr\/wp-json\/wp\/v2\/posts\/487666\/revisions"}],"wp:featuredmedia":[{"embeddable":true,"href":"https:\/\/www.europesays.com\/fr\/wp-json\/wp\/v2\/media\/487667"}],"wp:attachment":[{"href":"https:\/\/www.europesays.com\/fr\/wp-json\/wp\/v2\/media?parent=487666"}],"wp:term":[{"taxonomy":"category","embeddable":true,"href":"https:\/\/www.europesays.com\/fr\/wp-json\/wp\/v2\/categories?post=487666"},{"taxonomy":"post_tag","embeddable":true,"href":"https:\/\/www.europesays.com\/fr\/wp-json\/wp\/v2\/tags?post=487666"}],"curies":[{"name":"wp","href":"https:\/\/api.w.org\/{rel}","templated":true}]}}